{"id":2301,"date":"2017-07-27T08:48:27","date_gmt":"2017-07-27T13:48:27","guid":{"rendered":"http:\/\/tvalaire.com\/?p=2301"},"modified":"2017-07-27T08:48:27","modified_gmt":"2017-07-27T13:48:27","slug":"aplican-controles-de-calidad-en-la-seleccion-de-las-becas-municipales","status":"publish","type":"post","link":"http:\/\/tvalaire.com\/?p=2301","title":{"rendered":"APLICAN CONTROLES DE CALIDAD EN LA SELECCI\u00d3N DE LAS BECAS MUNICIPALES"},"content":{"rendered":"<p class=\"xmsonormal\" style=\"text-align: center; background: white;\" align=\"center\">\n<p class=\"xmsonormal\" style=\"text-align: justify; background: white; font-variant-ligatures: normal; font-variant-caps: normal; orphans: 2; widows: 2; -webkit-text-stroke-width: 0px; text-decoration-style: initial; text-decoration-color: initial; word-spacing: 0px;\"><span style=\"font-size: 12.5pt; font-family: 'Arial','sans-serif'; color: #212121;\">El Comit\u00e9 de Becas Municipales dio a conocer un an\u00e1lisis y control de gesti\u00f3n de calidad que comenz\u00f3 a implementar con lo cual se optimizan todos los recursos y tr\u00e1mites para la obtenci\u00f3n de becas.<\/span><\/p>\n<p class=\"xmsonormal\" style=\"text-align: justify; background: white; font-variant-ligatures: normal; font-variant-caps: normal; orphans: 2; widows: 2; -webkit-text-stroke-width: 0px; text-decoration-style: initial; text-decoration-color: initial; word-spacing: 0px;\"><span style=\"font-size: 12.5pt; font-family: 'Arial','sans-serif'; color: #212121;\">\u00a0Y lo que es mejor, con la implementaci\u00f3n del sistema de gesti\u00f3n de calidad se eliminan ciertos vicios que se hab\u00edan detectado como el del otorgamiento de becas vitalicias o errores, como el que existan directores de escuelas que aparezcan en la lista de beneficiados.<\/span><\/p>\n<p class=\"xmsonormal\" style=\"text-align: justify; background: white; font-variant-ligatures: normal; font-variant-caps: normal; orphans: 2; widows: 2; -webkit-text-stroke-width: 0px; text-decoration-style: initial; text-decoration-color: initial; word-spacing: 0px;\"><span style=\"font-size: 12.5pt; font-family: 'Arial','sans-serif'; color: #212121;\">\u00a0Para evitar esta situaci\u00f3n, la direcci\u00f3n de Educaci\u00f3n puso en marcha un sistema de gesti\u00f3n de calidad con el cual buscan optimizar tiempos, recursos y hacer llegar las becas a quienes realmente lo necesitan.<\/span><\/p>\n<p class=\"xmsonormal\" style=\"text-align: justify; background: white; font-variant-ligatures: normal; font-variant-caps: normal; orphans: 2; widows: 2; -webkit-text-stroke-width: 0px; text-decoration-style: initial; text-decoration-color: initial; word-spacing: 0px;\"><span style=\"font-size: 12.5pt; font-family: 'Arial','sans-serif'; color: #212121;\">\u00a0La exposici\u00f3n fue hecha por personal de Educaci\u00f3n durante la reuni\u00f3n del comit\u00e9 de becas que en el que est\u00e1n integrados el S\u00edndico, Nicol\u00e1s Hermosillo Garc\u00eda y los regidores, Laura Elena Valadez Navarro y Ricardo Hern\u00e1ndez Luna, quienes tambi\u00e9n estuvieron presentes, al igual que el titular de la dependencia, Marco Antonio Rodr\u00edguez Mac\u00edas e integrantes de la dependencia.<\/span><\/p>\n<p class=\"xmsonormal\" style=\"text-align: justify; background: white; font-variant-ligatures: normal; font-variant-caps: normal; orphans: 2; widows: 2; -webkit-text-stroke-width: 0px; text-decoration-style: initial; text-decoration-color: initial; word-spacing: 0px;\"><span style=\"font-size: 12.5pt; font-family: 'Arial','sans-serif'; color: #212121;\">\u00a0Marco Antonio Rodr\u00edguez dijo que luego de la implementaci\u00f3n de este programa, se ha podido dar respuesta al 100% de los solicitantes. Durante la reuni\u00f3n se analizaron los requisitos para las renovaciones o altas en el padr\u00f3n de beneficiados del programa de Becas Municipales mismos que se encuentran publicados en los portales de la Presidencia y que est\u00e1n a la vista de toda la poblaci\u00f3n para que est\u00e9n listos para la apertura de las fechas pr\u00f3ximas.<\/span><\/p>\n<p class=\"xmsonormal\" style=\"text-align: justify; background: white; font-variant-ligatures: normal; font-variant-caps: normal; orphans: 2; widows: 2; -webkit-text-stroke-width: 0px; text-decoration-style: initial; text-decoration-color: initial; word-spacing: 0px;\"><span style=\"font-size: 12.5pt; font-family: 'Arial','sans-serif'; color: #212121;\">\u00a0La direcci\u00f3n de Educaci\u00f3n prev\u00e9 recibir en los pr\u00f3ximos d\u00edas un promedio de mil 200 nuevas solicitudes para las cuales, pidi\u00f3 a quienes deseen inscribirse a este padr\u00f3n acudir desde ahora para solicitar su estudio socioecon\u00f3mico, con la finalidad de que el mes entrante que abra el proceso de inscripci\u00f3n el tiempo de duraci\u00f3n para la realizaci\u00f3n de este tr\u00e1mite se reduzca a un minuto con 40 segundos por persona, ya que la mayor\u00eda del tiempo se llevaba en la realizaci\u00f3n del estudio.<\/span><\/p>\n<p class=\"xmsonormal\" style=\"text-align: justify; background: white; font-variant-ligatures: normal; font-variant-caps: normal; orphans: 2; widows: 2; -webkit-text-stroke-width: 0px; text-decoration-style: initial; text-decoration-color: initial; word-spacing: 0px;\"><span style=\"font-size: 12.5pt; font-family: 'Arial','sans-serif'; color: #212121;\">\u00a0Este a\u00f1o, se tienen disponibles un promedio de 900 becas para todos los niveles y se renovar\u00e1 un promedio de 3 mil 500 becas a partir el pr\u00f3ximo mes.<\/span><\/p>\n<p class=\"xmsonormal\" style=\"text-align: justify; background: white; font-variant-ligatures: normal; font-variant-caps: normal; orphans: 2; widows: 2; -webkit-text-stroke-width: 0px; text-decoration-style: initial; text-decoration-color: initial; word-spacing: 0px;\"><span style=\"font-size: 12.5pt; font-family: 'Arial','sans-serif'; color: #212121;\">\u00a0En cuanto a las renovaciones o inscripciones al padr\u00f3n, uno de los requisitos indispensables es la constancia de estudios para lo cual pedir\u00e1n a las escuelas Secundarias, Preparatorias y Universidad ser flexibles en los costos pues se tiene conocimiento de que hay instituciones que las otorgan con costos de hasta 150 pesos, lo cual imposibilita a muchos a continuar con el tr\u00e1mite. Es por ello, que se hizo un llamado al personal directivo a apoyar otorg\u00e1ndolo sin costo alguno o se analizar\u00e1 la posibilidad de omitir ese requisito, ya que al cubrir ese documento a ese costo, deja a los alumnos sin un mes de beca.<\/span><\/p>\n","protected":false},"excerpt":{"rendered":"<p>El Comit\u00e9 de Becas Municipales dio a conocer un an\u00e1lisis y control de gesti\u00f3n de&#8230;<\/p>\n","protected":false},"author":1,"featured_media":2298,"comment_status":"open","ping_status":"open","sticky":false,"template":"","format":"standard","meta":{"jetpack_post_was_ever_published":false,"_jetpack_newsletter_access":"","_jetpack_dont_email_post_to_subs":false,"_jetpack_newsletter_tier_id":0,"_jetpack_memberships_contains_paywalled_content":false,"_jetpack_memberships_contains_paid_content":false,"footnotes":"","jetpack_publicize_message":"","jetpack_publicize_feature_enabled":true,"jetpack_social_post_already_shared":false,"jetpack_social_options":{"image_generator_settings":{"template":"highway","enabled":false},"version":2}},"categories":[1],"tags":[15,36],"class_list":["post-2301","post","type-post","status-publish","format-standard","has-post-thumbnail","hentry","category-la-piedad","tag-la-piedad","tag-principales"],"jetpack_publicize_connections":[],"jetpack_sharing_enabled":true,"featured_image_urls":{"full":["http:\/\/tvalaire.com\/wp-content\/uploads\/2017\/07\/APLICAN-CONTROLES-DE-CALIDAD-EN-LA-SELECCI\u00d3N-DE-LAS-BECAS-MUNICIPALES.jpg",1024,684,false],"thumbnail":["http:\/\/tvalaire.com\/wp-content\/uploads\/2017\/07\/APLICAN-CONTROLES-DE-CALIDAD-EN-LA-SELECCI\u00d3N-DE-LAS-BECAS-MUNICIPALES-150x150.jpg",150,150,true],"medium":["http:\/\/tvalaire.com\/wp-content\/uploads\/2017\/07\/APLICAN-CONTROLES-DE-CALIDAD-EN-LA-SELECCI\u00d3N-DE-LAS-BECAS-MUNICIPALES-300x200.jpg",300,200,true],"medium_large":["http:\/\/tvalaire.com\/wp-content\/uploads\/2017\/07\/APLICAN-CONTROLES-DE-CALIDAD-EN-LA-SELECCI\u00d3N-DE-LAS-BECAS-MUNICIPALES-768x513.jpg",640,428,true],"large":["http:\/\/tvalaire.com\/wp-content\/uploads\/2017\/07\/APLICAN-CONTROLES-DE-CALIDAD-EN-LA-SELECCI\u00d3N-DE-LAS-BECAS-MUNICIPALES-1024x684.jpg",640,428,true],"post-slider-thumb-size":["http:\/\/tvalaire.com\/wp-content\/uploads\/2017\/07\/APLICAN-CONTROLES-DE-CALIDAD-EN-LA-SELECCI\u00d3N-DE-LAS-BECAS-MUNICIPALES.jpg",284,190,false],"post-category-slider-size":["http:\/\/tvalaire.com\/wp-content\/uploads\/2017\/07\/APLICAN-CONTROLES-DE-CALIDAD-EN-LA-SELECCI\u00d3N-DE-LAS-BECAS-MUNICIPALES.jpg",330,220,false],"1536x1536":["http:\/\/tvalaire.com\/wp-content\/uploads\/2017\/07\/APLICAN-CONTROLES-DE-CALIDAD-EN-LA-SELECCI\u00d3N-DE-LAS-BECAS-MUNICIPALES.jpg",1024,684,false],"2048x2048":["http:\/\/tvalaire.com\/wp-content\/uploads\/2017\/07\/APLICAN-CONTROLES-DE-CALIDAD-EN-LA-SELECCI\u00d3N-DE-LAS-BECAS-MUNICIPALES.jpg",1024,684,false],"newsium-slider-full":["http:\/\/tvalaire.com\/wp-content\/uploads\/2017\/07\/APLICAN-CONTROLES-DE-CALIDAD-EN-LA-SELECCI\u00d3N-DE-LAS-BECAS-MUNICIPALES.jpg",1024,684,false],"newsium-featured":["http:\/\/tvalaire.com\/wp-content\/uploads\/2017\/07\/APLICAN-CONTROLES-DE-CALIDAD-EN-LA-SELECCI\u00d3N-DE-LAS-BECAS-MUNICIPALES.jpg",1024,684,false],"newsium-medium":["http:\/\/tvalaire.com\/wp-content\/uploads\/2017\/07\/APLICAN-CONTROLES-DE-CALIDAD-EN-LA-SELECCI\u00d3N-DE-LAS-BECAS-MUNICIPALES.jpg",711,475,false]},"author_info":{"info":["tvalairenoti"]},"category_info":"<a href=\"http:\/\/tvalaire.com\/?cat=1\" rel=\"category\">La Piedad<\/a>","tag_info":"La Piedad","comment_count":"0","jetpack_featured_media_url":"http:\/\/tvalaire.com\/wp-content\/uploads\/2017\/07\/APLICAN-CONTROLES-DE-CALIDAD-EN-LA-SELECCI\u00d3N-DE-LAS-BECAS-MUNICIPALES.jpg","_links":{"self":[{"href":"http:\/\/tvalaire.com\/index.php?rest_route=\/wp\/v2\/posts\/2301"}],"collection":[{"href":"http:\/\/tvalaire.com\/index.php?rest_route=\/wp\/v2\/posts"}],"about":[{"href":"http:\/\/tvalaire.com\/index.php?rest_route=\/wp\/v2\/types\/post"}],"author":[{"embeddable":true,"href":"http:\/\/tvalaire.com\/index.php?rest_route=\/wp\/v2\/users\/1"}],"replies":[{"embeddable":true,"href":"http:\/\/tvalaire.com\/index.php?rest_route=%2Fwp%2Fv2%2Fcomments&post=2301"}],"version-history":[{"count":1,"href":"http:\/\/tvalaire.com\/index.php?rest_route=\/wp\/v2\/posts\/2301\/revisions"}],"predecessor-version":[{"id":2302,"href":"http:\/\/tvalaire.com\/index.php?rest_route=\/wp\/v2\/posts\/2301\/revisions\/2302"}],"wp:featuredmedia":[{"embeddable":true,"href":"http:\/\/tvalaire.com\/index.php?rest_route=\/wp\/v2\/media\/2298"}],"wp:attachment":[{"href":"http:\/\/tvalaire.com\/index.php?rest_route=%2Fwp%2Fv2%2Fmedia&parent=2301"}],"wp:term":[{"taxonomy":"category","embeddable":true,"href":"http:\/\/tvalaire.com\/index.php?rest_route=%2Fwp%2Fv2%2Fcategories&post=2301"},{"taxonomy":"post_tag","embeddable":true,"href":"http:\/\/tvalaire.com\/index.php?rest_route=%2Fwp%2Fv2%2Ftags&post=2301"}],"curies":[{"name":"wp","href":"https:\/\/api.w.org\/{rel}","templated":true}]}}