{"id":2282,"date":"2017-07-24T09:26:45","date_gmt":"2017-07-24T14:26:45","guid":{"rendered":"http:\/\/tvalaire.com\/?p=2282"},"modified":"2017-07-24T09:26:45","modified_gmt":"2017-07-24T14:26:45","slug":"sedesol-responde-a-juan-manuel-estrada-con-cincolecherias-mas-de-liconsa","status":"publish","type":"post","link":"http:\/\/tvalaire.com\/?p=2282","title":{"rendered":"SEDESOL RESPONDE A JUAN MANUEL ESTRADA CON CINCOLECHERIAS M\u00c1S DE LICONSA"},"content":{"rendered":"<p>&nbsp;<\/p>\n<p><strong>Ni\u00f1os y adultos mayores pueden ser registrados para ser favorecidos con el producto.<\/strong><\/p>\n<p>En la reciente visita del secretario de SEDESOL, Luis Enrique Miranda, el delegado Ger\u00f3nimo Color Gazca y el gobernador del estado Silvano Aureoles Conejo, Juan Manuel Estrada Medina solicito a dichos funcionarios se apoyara con m\u00e1s lecherias a La Piedad, gesti\u00f3n que fue escuchada, aprobada y ejecutada. De tal manera que con la apertura de estas 5 nuevas lecherias suman un total de 16 en el municipio y se cumple uno de los objetivos del Alcalde y la federaci\u00f3n de apoyar en la nutrici\u00f3n de la ni\u00f1ez y los grupos vulnerables, mediante el acercamiento de alimentos que son b\u00e1sicos para su desarrollo.<\/p>\n<p>Durante estos d\u00edas, el Gobierno Municipal que encabeza Juan Manuel Estrada Medina a trav\u00e9s de la direcci\u00f3n de Desarrollo Social ha llevado a cabo el proceso de inscripci\u00f3n de familias para integrarlas al programa de apoyo de las lecher\u00edas Liconsa.Por medio de estas cinco nuevas lecher\u00edas se beneficiar\u00e1n a 650 familias piedadenses, mediante la dotaci\u00f3n de raciones del alimento b\u00e1sico, cuyo costo ser\u00e1 de 5 pesos con 50 centavos por litro.<\/p>\n<p>Cabe destacar que los nuevos establecimientos se ubica, en las comunidades de San Juan el Fuerte, Paredones y Ojo de Agua de Serrato una m\u00e1s en el Franccionamiento Delta y otra en Villas de La Loma.<\/p>\n<p>En cada uno de los centros donde se llev\u00f3 a cabo el registro, se pueden incorporar a ni\u00f1os de entre 6 a 12 a\u00f1os de edad; adolescentes de 13 a 15 a\u00f1os; mujeres en periodo de gestaci\u00f3n o en lactancia; personas en edad de 45 a 59 a\u00f1os que presenten alguna enfermedad cr\u00f3nica o alguna discapacidad y adultos de 60 a\u00f1os a m\u00e1s, mediante la presentaci\u00f3n de requisitos b\u00e1sicos tales como; comprobante de domicilio, CURP, y credencial de elector.<\/p>\n<p>En el caso de las mujeres con ni\u00f1os menores de 6 meses de edad, es indispensable presentar el acta de nacimiento y las mujeres lactantes o con enfermedades cr\u00f3nicas una constancia que as\u00ed lo avale.<\/p>\n<p>&nbsp;<\/p>\n<p>&nbsp;<\/p>\n","protected":false},"excerpt":{"rendered":"<p>&nbsp; Ni\u00f1os y adultos mayores pueden ser registrados para ser favorecidos con el producto. En&#8230;<\/p>\n","protected":false},"author":1,"featured_media":2280,"comment_status":"open","ping_status":"open","sticky":false,"template":"","format":"standard","meta":{"jetpack_post_was_ever_published":false,"_jetpack_newsletter_access":"","_jetpack_dont_email_post_to_subs":false,"_jetpack_newsletter_tier_id":0,"_jetpack_memberships_contains_paywalled_content":false,"_jetpack_memberships_contains_paid_content":false,"footnotes":"","jetpack_publicize_message":"","jetpack_publicize_feature_enabled":true,"jetpack_social_post_already_shared":false,"jetpack_social_options":{"image_generator_settings":{"template":"highway","enabled":false},"version":2}},"categories":[1],"tags":[15,36],"class_list":["post-2282","post","type-post","status-publish","format-standard","has-post-thumbnail","hentry","category-la-piedad","tag-la-piedad","tag-principales"],"jetpack_publicize_connections":[],"jetpack_sharing_enabled":true,"featured_image_urls":{"full":["http:\/\/tvalaire.com\/wp-content\/uploads\/2017\/07\/SEDESOL-RESPONDE-A-JUAN-MANUEL-ESTRADA-CON-DOS-LECHERIAS-MA\u0301S-DE-LICONSA.jpg",1237,827,false],"thumbnail":["http:\/\/tvalaire.com\/wp-content\/uploads\/2017\/07\/SEDESOL-RESPONDE-A-JUAN-MANUEL-ESTRADA-CON-DOS-LECHERIAS-MA\u0301S-DE-LICONSA-150x150.jpg",150,150,true],"medium":["http:\/\/tvalaire.com\/wp-content\/uploads\/2017\/07\/SEDESOL-RESPONDE-A-JUAN-MANUEL-ESTRADA-CON-DOS-LECHERIAS-MA\u0301S-DE-LICONSA-300x201.jpg",300,201,true],"medium_large":["http:\/\/tvalaire.com\/wp-content\/uploads\/2017\/07\/SEDESOL-RESPONDE-A-JUAN-MANUEL-ESTRADA-CON-DOS-LECHERIAS-MA\u0301S-DE-LICONSA-768x513.jpg",640,428,true],"large":["http:\/\/tvalaire.com\/wp-content\/uploads\/2017\/07\/SEDESOL-RESPONDE-A-JUAN-MANUEL-ESTRADA-CON-DOS-LECHERIAS-MA\u0301S-DE-LICONSA-1024x685.jpg",640,428,true],"post-slider-thumb-size":["http:\/\/tvalaire.com\/wp-content\/uploads\/2017\/07\/SEDESOL-RESPONDE-A-JUAN-MANUEL-ESTRADA-CON-DOS-LECHERIAS-MA\u0301S-DE-LICONSA.jpg",284,190,false],"post-category-slider-size":["http:\/\/tvalaire.com\/wp-content\/uploads\/2017\/07\/SEDESOL-RESPONDE-A-JUAN-MANUEL-ESTRADA-CON-DOS-LECHERIAS-MA\u0301S-DE-LICONSA.jpg",330,221,false],"1536x1536":["http:\/\/tvalaire.com\/wp-content\/uploads\/2017\/07\/SEDESOL-RESPONDE-A-JUAN-MANUEL-ESTRADA-CON-DOS-LECHERIAS-MA\u0301S-DE-LICONSA.jpg",1237,827,false],"2048x2048":["http:\/\/tvalaire.com\/wp-content\/uploads\/2017\/07\/SEDESOL-RESPONDE-A-JUAN-MANUEL-ESTRADA-CON-DOS-LECHERIAS-MA\u0301S-DE-LICONSA.jpg",1237,827,false],"newsium-slider-full":["http:\/\/tvalaire.com\/wp-content\/uploads\/2017\/07\/SEDESOL-RESPONDE-A-JUAN-MANUEL-ESTRADA-CON-DOS-LECHERIAS-MA\u0301S-DE-LICONSA.jpg",1237,827,false],"newsium-featured":["http:\/\/tvalaire.com\/wp-content\/uploads\/2017\/07\/SEDESOL-RESPONDE-A-JUAN-MANUEL-ESTRADA-CON-DOS-LECHERIAS-MA\u0301S-DE-LICONSA.jpg",1024,685,false],"newsium-medium":["http:\/\/tvalaire.com\/wp-content\/uploads\/2017\/07\/SEDESOL-RESPONDE-A-JUAN-MANUEL-ESTRADA-CON-DOS-LECHERIAS-MA\u0301S-DE-LICONSA.jpg",710,475,false]},"author_info":{"info":["tvalairenoti"]},"category_info":"<a href=\"http:\/\/tvalaire.com\/?cat=1\" rel=\"category\">La Piedad<\/a>","tag_info":"La Piedad","comment_count":"0","jetpack_featured_media_url":"http:\/\/tvalaire.com\/wp-content\/uploads\/2017\/07\/SEDESOL-RESPONDE-A-JUAN-MANUEL-ESTRADA-CON-DOS-LECHERIAS-MA\u0301S-DE-LICONSA.jpg","_links":{"self":[{"href":"http:\/\/tvalaire.com\/index.php?rest_route=\/wp\/v2\/posts\/2282"}],"collection":[{"href":"http:\/\/tvalaire.com\/index.php?rest_route=\/wp\/v2\/posts"}],"about":[{"href":"http:\/\/tvalaire.com\/index.php?rest_route=\/wp\/v2\/types\/post"}],"author":[{"embeddable":true,"href":"http:\/\/tvalaire.com\/index.php?rest_route=\/wp\/v2\/users\/1"}],"replies":[{"embeddable":true,"href":"http:\/\/tvalaire.com\/index.php?rest_route=%2Fwp%2Fv2%2Fcomments&post=2282"}],"version-history":[{"count":1,"href":"http:\/\/tvalaire.com\/index.php?rest_route=\/wp\/v2\/posts\/2282\/revisions"}],"predecessor-version":[{"id":2283,"href":"http:\/\/tvalaire.com\/index.php?rest_route=\/wp\/v2\/posts\/2282\/revisions\/2283"}],"wp:featuredmedia":[{"embeddable":true,"href":"http:\/\/tvalaire.com\/index.php?rest_route=\/wp\/v2\/media\/2280"}],"wp:attachment":[{"href":"http:\/\/tvalaire.com\/index.php?rest_route=%2Fwp%2Fv2%2Fmedia&parent=2282"}],"wp:term":[{"taxonomy":"category","embeddable":true,"href":"http:\/\/tvalaire.com\/index.php?rest_route=%2Fwp%2Fv2%2Fcategories&post=2282"},{"taxonomy":"post_tag","embeddable":true,"href":"http:\/\/tvalaire.com\/index.php?rest_route=%2Fwp%2Fv2%2Ftags&post=2282"}],"curies":[{"name":"wp","href":"https:\/\/api.w.org\/{rel}","templated":true}]}}