{"id":2278,"date":"2017-07-24T09:25:55","date_gmt":"2017-07-24T14:25:55","guid":{"rendered":"http:\/\/tvalaire.com\/?p=2278"},"modified":"2017-07-24T09:25:55","modified_gmt":"2017-07-24T14:25:55","slug":"entrega-municipio-vales-para-el-pago-de-apoyos-que-dara-del-programa-mejora-tu-vivienda","status":"publish","type":"post","link":"http:\/\/tvalaire.com\/?p=2278","title":{"rendered":"ENTREGA MUNICIPIO VALES PARA EL PAGO DE APOYOS QUE DAR\u00c1 DEL PROGRAMA \u201cMEJORA TU VIVIENDA\u201d"},"content":{"rendered":"<p>&nbsp;<\/p>\n<p>La direcci\u00f3n de Desarrollo Social, lleva a cabo la entrega de vales para el pago de los apoyos del programa \u201cMejora tu vivienda\u201d, los cuales se otorgar\u00e1n la semana pr\u00f3xima.<\/p>\n<p>En esta primera etapa del programa, se repartieron los recibos de pago de los apoyos \u00fanicamente para la modalidad de termosolar y l\u00e1minas de fibrocemento, los cuales ser\u00e1n entregados por autoridades municipales el 27 de julio a partir de las 09:30 horas en la bodega que se ubica por la avenida S\u00f3stenes Rocha.<\/p>\n<p>El proceso de entrega de vales se dio a partir del pasado mi\u00e9rcoles 19 y se hizo para las personas que ser\u00e1n beneficiadas de las comunidades rurales en las instalaciones de la direcci\u00f3n de Desarrollo Social. Ah\u00ed acudieron los habitantes de las colonias pertenecientes a este municipio.<\/p>\n<p>Las familias beneficiadas habr\u00e1n de realizar el pago correspondiente al apoyo en las cajas receptoras que se ubican en la parte baja de la Presidencia Municipal, a partir de la entrega de los vales hasta antes de la repartici\u00f3n de este primer paquete de componentes para la vivienda.<\/p>\n<p>Cabe aclarar que habr\u00e1 varias entregas de apoyos, por lo que en esta ocasi\u00f3n los vales que se otorgaron fueron exclusivamente para aquellas personas a quienes previamente se les llam\u00f3 telef\u00f3nicamente para informarles que fueron aprobados.<\/p>\n<p>El programa incluye tambi\u00e9n la entrega de apoyos para la construcci\u00f3n de piso, techo y muros, entre otros que se otorgar\u00e1 en otra etapa a la cual se llamar\u00e1 a los beneficiados con anticipaci\u00f3n, por lo que se pide a las personas que hicieron tr\u00e1mites estar pendientes en los tel\u00e9fonos que proporcionaron cuando hicieron la solicitud.<\/p>\n","protected":false},"excerpt":{"rendered":"<p>&nbsp; La direcci\u00f3n de Desarrollo Social, lleva a cabo la entrega de vales para el&#8230;<\/p>\n","protected":false},"author":1,"featured_media":2279,"comment_status":"open","ping_status":"open","sticky":false,"template":"","format":"standard","meta":{"jetpack_post_was_ever_published":false,"_jetpack_newsletter_access":"","_jetpack_dont_email_post_to_subs":false,"_jetpack_newsletter_tier_id":0,"_jetpack_memberships_contains_paywalled_content":false,"_jetpack_memberships_contains_paid_content":false,"footnotes":"","jetpack_publicize_message":"","jetpack_publicize_feature_enabled":true,"jetpack_social_post_already_shared":false,"jetpack_social_options":{"image_generator_settings":{"template":"highway","enabled":false},"version":2}},"categories":[1],"tags":[15,36],"class_list":["post-2278","post","type-post","status-publish","format-standard","has-post-thumbnail","hentry","category-la-piedad","tag-la-piedad","tag-principales"],"jetpack_publicize_connections":[],"jetpack_sharing_enabled":true,"featured_image_urls":{"full":["http:\/\/tvalaire.com\/wp-content\/uploads\/2017\/07\/ENTREGA-MUNICIPIO-VALES-PARA-EL-PAGO-DE-APOYOS-QUE-DAR\u00c1-DEL-PROGRAMA-\u201cMEJORA-TU-VIVIENDA\u201d.jpg",1024,683,false],"thumbnail":["http:\/\/tvalaire.com\/wp-content\/uploads\/2017\/07\/ENTREGA-MUNICIPIO-VALES-PARA-EL-PAGO-DE-APOYOS-QUE-DAR\u00c1-DEL-PROGRAMA-\u201cMEJORA-TU-VIVIENDA\u201d-150x150.jpg",150,150,true],"medium":["http:\/\/tvalaire.com\/wp-content\/uploads\/2017\/07\/ENTREGA-MUNICIPIO-VALES-PARA-EL-PAGO-DE-APOYOS-QUE-DAR\u00c1-DEL-PROGRAMA-\u201cMEJORA-TU-VIVIENDA\u201d-300x200.jpg",300,200,true],"medium_large":["http:\/\/tvalaire.com\/wp-content\/uploads\/2017\/07\/ENTREGA-MUNICIPIO-VALES-PARA-EL-PAGO-DE-APOYOS-QUE-DAR\u00c1-DEL-PROGRAMA-\u201cMEJORA-TU-VIVIENDA\u201d-768x512.jpg",640,427,true],"large":["http:\/\/tvalaire.com\/wp-content\/uploads\/2017\/07\/ENTREGA-MUNICIPIO-VALES-PARA-EL-PAGO-DE-APOYOS-QUE-DAR\u00c1-DEL-PROGRAMA-\u201cMEJORA-TU-VIVIENDA\u201d-1024x683.jpg",640,427,true],"post-slider-thumb-size":["http:\/\/tvalaire.com\/wp-content\/uploads\/2017\/07\/ENTREGA-MUNICIPIO-VALES-PARA-EL-PAGO-DE-APOYOS-QUE-DAR\u00c1-DEL-PROGRAMA-\u201cMEJORA-TU-VIVIENDA\u201d.jpg",285,190,false],"post-category-slider-size":["http:\/\/tvalaire.com\/wp-content\/uploads\/2017\/07\/ENTREGA-MUNICIPIO-VALES-PARA-EL-PAGO-DE-APOYOS-QUE-DAR\u00c1-DEL-PROGRAMA-\u201cMEJORA-TU-VIVIENDA\u201d.jpg",330,220,false],"1536x1536":["http:\/\/tvalaire.com\/wp-content\/uploads\/2017\/07\/ENTREGA-MUNICIPIO-VALES-PARA-EL-PAGO-DE-APOYOS-QUE-DAR\u00c1-DEL-PROGRAMA-\u201cMEJORA-TU-VIVIENDA\u201d.jpg",1024,683,false],"2048x2048":["http:\/\/tvalaire.com\/wp-content\/uploads\/2017\/07\/ENTREGA-MUNICIPIO-VALES-PARA-EL-PAGO-DE-APOYOS-QUE-DAR\u00c1-DEL-PROGRAMA-\u201cMEJORA-TU-VIVIENDA\u201d.jpg",1024,683,false],"newsium-slider-full":["http:\/\/tvalaire.com\/wp-content\/uploads\/2017\/07\/ENTREGA-MUNICIPIO-VALES-PARA-EL-PAGO-DE-APOYOS-QUE-DAR\u00c1-DEL-PROGRAMA-\u201cMEJORA-TU-VIVIENDA\u201d.jpg",1024,683,false],"newsium-featured":["http:\/\/tvalaire.com\/wp-content\/uploads\/2017\/07\/ENTREGA-MUNICIPIO-VALES-PARA-EL-PAGO-DE-APOYOS-QUE-DAR\u00c1-DEL-PROGRAMA-\u201cMEJORA-TU-VIVIENDA\u201d.jpg",1024,683,false],"newsium-medium":["http:\/\/tvalaire.com\/wp-content\/uploads\/2017\/07\/ENTREGA-MUNICIPIO-VALES-PARA-EL-PAGO-DE-APOYOS-QUE-DAR\u00c1-DEL-PROGRAMA-\u201cMEJORA-TU-VIVIENDA\u201d.jpg",712,475,false]},"author_info":{"info":["tvalairenoti"]},"category_info":"<a href=\"http:\/\/tvalaire.com\/?cat=1\" rel=\"category\">La Piedad<\/a>","tag_info":"La Piedad","comment_count":"0","jetpack_featured_media_url":"http:\/\/tvalaire.com\/wp-content\/uploads\/2017\/07\/ENTREGA-MUNICIPIO-VALES-PARA-EL-PAGO-DE-APOYOS-QUE-DAR\u00c1-DEL-PROGRAMA-\u201cMEJORA-TU-VIVIENDA\u201d.jpg","_links":{"self":[{"href":"http:\/\/tvalaire.com\/index.php?rest_route=\/wp\/v2\/posts\/2278"}],"collection":[{"href":"http:\/\/tvalaire.com\/index.php?rest_route=\/wp\/v2\/posts"}],"about":[{"href":"http:\/\/tvalaire.com\/index.php?rest_route=\/wp\/v2\/types\/post"}],"author":[{"embeddable":true,"href":"http:\/\/tvalaire.com\/index.php?rest_route=\/wp\/v2\/users\/1"}],"replies":[{"embeddable":true,"href":"http:\/\/tvalaire.com\/index.php?rest_route=%2Fwp%2Fv2%2Fcomments&post=2278"}],"version-history":[{"count":1,"href":"http:\/\/tvalaire.com\/index.php?rest_route=\/wp\/v2\/posts\/2278\/revisions"}],"predecessor-version":[{"id":2281,"href":"http:\/\/tvalaire.com\/index.php?rest_route=\/wp\/v2\/posts\/2278\/revisions\/2281"}],"wp:featuredmedia":[{"embeddable":true,"href":"http:\/\/tvalaire.com\/index.php?rest_route=\/wp\/v2\/media\/2279"}],"wp:attachment":[{"href":"http:\/\/tvalaire.com\/index.php?rest_route=%2Fwp%2Fv2%2Fmedia&parent=2278"}],"wp:term":[{"taxonomy":"category","embeddable":true,"href":"http:\/\/tvalaire.com\/index.php?rest_route=%2Fwp%2Fv2%2Fcategories&post=2278"},{"taxonomy":"post_tag","embeddable":true,"href":"http:\/\/tvalaire.com\/index.php?rest_route=%2Fwp%2Fv2%2Ftags&post=2278"}],"curies":[{"name":"wp","href":"https:\/\/api.w.org\/{rel}","templated":true}]}}