{"id":2271,"date":"2017-07-21T11:22:37","date_gmt":"2017-07-21T16:22:37","guid":{"rendered":"http:\/\/tvalaire.com\/?p=2271"},"modified":"2017-07-21T11:22:37","modified_gmt":"2017-07-21T16:22:37","slug":"victor-vazquez-clausura-ciclo-escolar-de-la-preparatoria-gustavo-diaz-ordaz","status":"publish","type":"post","link":"http:\/\/tvalaire.com\/?p=2271","title":{"rendered":"V\u00cdCTOR V\u00c1ZQUEZ CLAUSURA CICLO ESCOLAR DE LA PREPARATORIA GUSTAVO D\u00cdAZ ORDAZ"},"content":{"rendered":"<p>\u201cEs para m\u00ed un honor poder clausurar este ciclo escolar, primero quiero reconocer a esta mi alma mater, orgullosamente cruce la preparatoria Lic. Gustavo D\u00edaz Ordaz, de la cual me siento muy orgulloso, de sus maestros por sus ense\u00f1anzas y de manera muy especial a nuestro maestro Jos\u00e9 Luis Robledo \u00c1valos\u201d, extern\u00f3 el Presidente Municipal en clausura y graduaci\u00f3n de la generaci\u00f3n 2014 -2017 de dicha preparatoria.<\/p>\n<p>Adem\u00e1s enfatiz\u00f3 a los alumnos \u201ces muy importante hacer un reconocimiento a sus padres, a quienes gracias a todo su esfuerzo y sacrificio, hoy tienen esta oportunidad de concluir su estudio en esta preparatoria\u201d.<\/p>\n<p>Al igual reconoci\u00f3 a la instituci\u00f3n, a los maestros, al personal administrativo, ya que hoy dan una generaci\u00f3n m\u00e1s a la sociedad gente preparada con herramientas para enfrentar cualquier objetivo que se propongan.<\/p>\n<p>En el mismo marco el edil indic\u00f3 que \u201cse de esas alegr\u00edas, tristezas, de esos momentos tan especiales que vivieron juntos en las aulas. Como no recordar el d\u00eda de la piedra, el d\u00eda del Inter PREFECOS, en donde se realizan encuentros acad\u00e9micos y deportivos. Algo tambi\u00e9n que ha marco a la prepa, los premios GDO. Cosas que nunca se olvidad, que siempre quedan en nuestras mentes y corazones\u201d.<\/p>\n<p>Es por ello que felicit\u00f3 a los egresamos por haber terminado una etapa m\u00e1s en su vida, y los exhort\u00f3 a seguir prepar\u00e1ndose para continuar subiendo pelda\u00f1os que los llevan a la cima del \u00e9xito educativo , para que sean hombres y mujeres libres.<\/p>\n<p>Igualmente les comparti\u00f3 una an\u00e9cdota de cuando sali\u00f3 de la preparatoria y que ya estaba en la universidad, regreso un d\u00eda lunes a la instituci\u00f3n y vio a los alumnos con el uniforme y al verlos, se lleno de nostalgia, ah\u00ed les enfatiz\u00f3 \u201custedes ser\u00e1n testigo de lo que digo y es por el amor a la instituci\u00f3n\u201d.<\/p>\n<p>Asimismo puntualiz\u00f3 V\u00edctor V\u00e1zquez que est\u00e1 instituci\u00f3n se ha creado en base de esfuerzo, sacrificio, solidaridad, generosidad y prueba de ello es en estas aulas en donde acaban de cumplir con esta etapa. \u201c lo que les quiero decir que en la vida siempre hay obst\u00e1culos, luchen con todas sus fuerzas, con todo su entusiasmo por sus metas y objetivos\u201d finaliz\u00f3.<\/p>\n<p>&nbsp;<\/p>\n<p><img loading=\"lazy\" decoding=\"async\" class=\"alignnone size-medium wp-image-2274\" src=\"http:\/\/tvalaire.com\/wp-content\/uploads\/2017\/07\/clasura-de-la-preparatoria-3-300x199.jpg\" alt=\"\" width=\"300\" height=\"199\" srcset=\"http:\/\/tvalaire.com\/wp-content\/uploads\/2017\/07\/clasura-de-la-preparatoria-3-300x199.jpg 300w, http:\/\/tvalaire.com\/wp-content\/uploads\/2017\/07\/clasura-de-la-preparatoria-3-768x509.jpg 768w, http:\/\/tvalaire.com\/wp-content\/uploads\/2017\/07\/clasura-de-la-preparatoria-3-1024x678.jpg 1024w\" sizes=\"(max-width: 300px) 100vw, 300px\" \/><\/p>\n<p><img loading=\"lazy\" decoding=\"async\" class=\"alignnone size-medium wp-image-2273\" src=\"http:\/\/tvalaire.com\/wp-content\/uploads\/2017\/07\/clasura-de-la-preparatoria-2-199x300.jpg\" alt=\"\" width=\"199\" height=\"300\" srcset=\"http:\/\/tvalaire.com\/wp-content\/uploads\/2017\/07\/clasura-de-la-preparatoria-2-199x300.jpg 199w, http:\/\/tvalaire.com\/wp-content\/uploads\/2017\/07\/clasura-de-la-preparatoria-2-768x1160.jpg 768w, http:\/\/tvalaire.com\/wp-content\/uploads\/2017\/07\/clasura-de-la-preparatoria-2-678x1024.jpg 678w\" sizes=\"(max-width: 199px) 100vw, 199px\" \/><\/p>\n<p><img loading=\"lazy\" decoding=\"async\" class=\"alignnone size-medium wp-image-2272\" src=\"http:\/\/tvalaire.com\/wp-content\/uploads\/2017\/07\/clasura-de-la-preparatoria-1-300x199.jpg\" alt=\"\" width=\"300\" height=\"199\" srcset=\"http:\/\/tvalaire.com\/wp-content\/uploads\/2017\/07\/clasura-de-la-preparatoria-1-300x199.jpg 300w, http:\/\/tvalaire.com\/wp-content\/uploads\/2017\/07\/clasura-de-la-preparatoria-1-768x509.jpg 768w, http:\/\/tvalaire.com\/wp-content\/uploads\/2017\/07\/clasura-de-la-preparatoria-1-1024x678.jpg 1024w\" sizes=\"(max-width: 300px) 100vw, 300px\" \/><\/p>\n","protected":false},"excerpt":{"rendered":"<p>\u201cEs para m\u00ed un honor poder clausurar este ciclo escolar, primero quiero reconocer a esta&#8230;<\/p>\n","protected":false},"author":1,"featured_media":2275,"comment_status":"open","ping_status":"open","sticky":false,"template":"","format":"standard","meta":{"jetpack_post_was_ever_published":false,"_jetpack_newsletter_access":"","_jetpack_dont_email_post_to_subs":false,"_jetpack_newsletter_tier_id":0,"_jetpack_memberships_contains_paywalled_content":false,"_jetpack_memberships_contains_paid_content":false,"footnotes":"","jetpack_publicize_message":"","jetpack_publicize_feature_enabled":true,"jetpack_social_post_already_shared":false,"jetpack_social_options":{"image_generator_settings":{"template":"highway","enabled":false},"version":2}},"categories":[4],"tags":[36,24],"class_list":["post-2271","post","type-post","status-publish","format-standard","has-post-thumbnail","hentry","category-puruandiro","tag-principales","tag-puruandiro"],"jetpack_publicize_connections":[],"jetpack_sharing_enabled":true,"featured_image_urls":{"full":["http:\/\/tvalaire.com\/wp-content\/uploads\/2017\/07\/clasura-de-la-preparatoria-4.jpg",4928,3264,false],"thumbnail":["http:\/\/tvalaire.com\/wp-content\/uploads\/2017\/07\/clasura-de-la-preparatoria-4-150x150.jpg",150,150,true],"medium":["http:\/\/tvalaire.com\/wp-content\/uploads\/2017\/07\/clasura-de-la-preparatoria-4-300x199.jpg",300,199,true],"medium_large":["http:\/\/tvalaire.com\/wp-content\/uploads\/2017\/07\/clasura-de-la-preparatoria-4-768x509.jpg",640,424,true],"large":["http:\/\/tvalaire.com\/wp-content\/uploads\/2017\/07\/clasura-de-la-preparatoria-4-1024x678.jpg",640,424,true],"post-slider-thumb-size":["http:\/\/tvalaire.com\/wp-content\/uploads\/2017\/07\/clasura-de-la-preparatoria-4.jpg",287,190,false],"post-category-slider-size":["http:\/\/tvalaire.com\/wp-content\/uploads\/2017\/07\/clasura-de-la-preparatoria-4.jpg",330,219,false],"1536x1536":["http:\/\/tvalaire.com\/wp-content\/uploads\/2017\/07\/clasura-de-la-preparatoria-4.jpg",1536,1017,false],"2048x2048":["http:\/\/tvalaire.com\/wp-content\/uploads\/2017\/07\/clasura-de-la-preparatoria-4.jpg",2048,1356,false],"newsium-slider-full":["http:\/\/tvalaire.com\/wp-content\/uploads\/2017\/07\/clasura-de-la-preparatoria-4.jpg",1276,845,false],"newsium-featured":["http:\/\/tvalaire.com\/wp-content\/uploads\/2017\/07\/clasura-de-la-preparatoria-4.jpg",1024,678,false],"newsium-medium":["http:\/\/tvalaire.com\/wp-content\/uploads\/2017\/07\/clasura-de-la-preparatoria-4.jpg",717,475,false]},"author_info":{"info":["tvalairenoti"]},"category_info":"<a href=\"http:\/\/tvalaire.com\/?cat=4\" rel=\"category\">Puru\u00e1ndiro<\/a>","tag_info":"Puru\u00e1ndiro","comment_count":"0","jetpack_featured_media_url":"http:\/\/tvalaire.com\/wp-content\/uploads\/2017\/07\/clasura-de-la-preparatoria-4.jpg","_links":{"self":[{"href":"http:\/\/tvalaire.com\/index.php?rest_route=\/wp\/v2\/posts\/2271"}],"collection":[{"href":"http:\/\/tvalaire.com\/index.php?rest_route=\/wp\/v2\/posts"}],"about":[{"href":"http:\/\/tvalaire.com\/index.php?rest_route=\/wp\/v2\/types\/post"}],"author":[{"embeddable":true,"href":"http:\/\/tvalaire.com\/index.php?rest_route=\/wp\/v2\/users\/1"}],"replies":[{"embeddable":true,"href":"http:\/\/tvalaire.com\/index.php?rest_route=%2Fwp%2Fv2%2Fcomments&post=2271"}],"version-history":[{"count":1,"href":"http:\/\/tvalaire.com\/index.php?rest_route=\/wp\/v2\/posts\/2271\/revisions"}],"predecessor-version":[{"id":2276,"href":"http:\/\/tvalaire.com\/index.php?rest_route=\/wp\/v2\/posts\/2271\/revisions\/2276"}],"wp:featuredmedia":[{"embeddable":true,"href":"http:\/\/tvalaire.com\/index.php?rest_route=\/wp\/v2\/media\/2275"}],"wp:attachment":[{"href":"http:\/\/tvalaire.com\/index.php?rest_route=%2Fwp%2Fv2%2Fmedia&parent=2271"}],"wp:term":[{"taxonomy":"category","embeddable":true,"href":"http:\/\/tvalaire.com\/index.php?rest_route=%2Fwp%2Fv2%2Fcategories&post=2271"},{"taxonomy":"post_tag","embeddable":true,"href":"http:\/\/tvalaire.com\/index.php?rest_route=%2Fwp%2Fv2%2Ftags&post=2271"}],"curies":[{"name":"wp","href":"https:\/\/api.w.org\/{rel}","templated":true}]}}