{"id":2263,"date":"2017-07-21T11:19:47","date_gmt":"2017-07-21T16:19:47","guid":{"rendered":"http:\/\/tvalaire.com\/?p=2263"},"modified":"2017-07-21T11:19:47","modified_gmt":"2017-07-21T16:19:47","slug":"reconoce-victor-vazquez-la-gran-labor-de-las-secretarias-del-ayuntamiento","status":"publish","type":"post","link":"http:\/\/tvalaire.com\/?p=2263","title":{"rendered":"RECONOCE V\u00cdCTOR V\u00c1ZQUEZ LA GRAN LABOR DE LAS SECRETARIAS DEL AYUNTAMIENTO"},"content":{"rendered":"<p>Presidente Municipal V\u00edctor V\u00e1zquez festeja a las secretarias del H. Ayuntamiento por su gran labor que realizan para el desarrollo del mismo, \u201csabemos de su compromiso, lealtad y gran responsabilidad, por eso hemos de resaltar y reconocer su trabajo como secretarias. Por parte de esta administraci\u00f3n que nos toca encabezar, nuestra m\u00e1s sincera felicitaci\u00f3n a cada una de ustedes\u201d.<\/p>\n<p>Asimismo hizo extensivo a las dem\u00e1s secretarias del Municipio, que esa labor tan importante sea reconocida. Adem\u00e1s las invit\u00f3 a seguirse conduciendo por el buen camino del servicio a la ciudadan\u00eda porque siempre se les debe de atender con respeto y amabilidad como se merecen.<\/p>\n<p>&nbsp;<\/p>\n<p><img loading=\"lazy\" decoding=\"async\" class=\"alignnone size-medium wp-image-2264\" src=\"http:\/\/tvalaire.com\/wp-content\/uploads\/2017\/07\/RECONOCE-V\u00cdCTOR-V\u00c1ZQUEZ-LA-GRAN-LABOR-DE-LAS-SECRETARIAS-DEL-AYUNTAMIENTO-1-300x199.jpg\" alt=\"\" width=\"300\" height=\"199\" srcset=\"http:\/\/tvalaire.com\/wp-content\/uploads\/2017\/07\/RECONOCE-V\u00cdCTOR-V\u00c1ZQUEZ-LA-GRAN-LABOR-DE-LAS-SECRETARIAS-DEL-AYUNTAMIENTO-1-300x199.jpg 300w, http:\/\/tvalaire.com\/wp-content\/uploads\/2017\/07\/RECONOCE-V\u00cdCTOR-V\u00c1ZQUEZ-LA-GRAN-LABOR-DE-LAS-SECRETARIAS-DEL-AYUNTAMIENTO-1-768x510.jpg 768w, http:\/\/tvalaire.com\/wp-content\/uploads\/2017\/07\/RECONOCE-V\u00cdCTOR-V\u00c1ZQUEZ-LA-GRAN-LABOR-DE-LAS-SECRETARIAS-DEL-AYUNTAMIENTO-1-1024x681.jpg 1024w, http:\/\/tvalaire.com\/wp-content\/uploads\/2017\/07\/RECONOCE-V\u00cdCTOR-V\u00c1ZQUEZ-LA-GRAN-LABOR-DE-LAS-SECRETARIAS-DEL-AYUNTAMIENTO-1.jpg 2048w\" sizes=\"(max-width: 300px) 100vw, 300px\" \/><\/p>\n","protected":false},"excerpt":{"rendered":"<p>Presidente Municipal V\u00edctor V\u00e1zquez festeja a las secretarias del H. Ayuntamiento por su gran labor&#8230;<\/p>\n","protected":false},"author":1,"featured_media":2265,"comment_status":"open","ping_status":"open","sticky":false,"template":"","format":"standard","meta":{"jetpack_post_was_ever_published":false,"_jetpack_newsletter_access":"","_jetpack_dont_email_post_to_subs":false,"_jetpack_newsletter_tier_id":0,"_jetpack_memberships_contains_paywalled_content":false,"_jetpack_memberships_contains_paid_content":false,"footnotes":"","jetpack_publicize_message":"","jetpack_publicize_feature_enabled":true,"jetpack_social_post_already_shared":false,"jetpack_social_options":{"image_generator_settings":{"template":"highway","enabled":false},"version":2}},"categories":[4],"tags":[24],"class_list":["post-2263","post","type-post","status-publish","format-standard","has-post-thumbnail","hentry","category-puruandiro","tag-puruandiro"],"jetpack_publicize_connections":[],"jetpack_sharing_enabled":true,"featured_image_urls":{"full":["http:\/\/tvalaire.com\/wp-content\/uploads\/2017\/07\/RECONOCE-V\u00cdCTOR-V\u00c1ZQUEZ-LA-GRAN-LABOR-DE-LAS-SECRETARIAS-DEL-AYUNTAMIENTO-2.jpg",2048,1361,false],"thumbnail":["http:\/\/tvalaire.com\/wp-content\/uploads\/2017\/07\/RECONOCE-V\u00cdCTOR-V\u00c1ZQUEZ-LA-GRAN-LABOR-DE-LAS-SECRETARIAS-DEL-AYUNTAMIENTO-2-150x150.jpg",150,150,true],"medium":["http:\/\/tvalaire.com\/wp-content\/uploads\/2017\/07\/RECONOCE-V\u00cdCTOR-V\u00c1ZQUEZ-LA-GRAN-LABOR-DE-LAS-SECRETARIAS-DEL-AYUNTAMIENTO-2-300x199.jpg",300,199,true],"medium_large":["http:\/\/tvalaire.com\/wp-content\/uploads\/2017\/07\/RECONOCE-V\u00cdCTOR-V\u00c1ZQUEZ-LA-GRAN-LABOR-DE-LAS-SECRETARIAS-DEL-AYUNTAMIENTO-2-768x510.jpg",640,425,true],"large":["http:\/\/tvalaire.com\/wp-content\/uploads\/2017\/07\/RECONOCE-V\u00cdCTOR-V\u00c1ZQUEZ-LA-GRAN-LABOR-DE-LAS-SECRETARIAS-DEL-AYUNTAMIENTO-2-1024x681.jpg",640,426,true],"post-slider-thumb-size":["http:\/\/tvalaire.com\/wp-content\/uploads\/2017\/07\/RECONOCE-V\u00cdCTOR-V\u00c1ZQUEZ-LA-GRAN-LABOR-DE-LAS-SECRETARIAS-DEL-AYUNTAMIENTO-2.jpg",286,190,false],"post-category-slider-size":["http:\/\/tvalaire.com\/wp-content\/uploads\/2017\/07\/RECONOCE-V\u00cdCTOR-V\u00c1ZQUEZ-LA-GRAN-LABOR-DE-LAS-SECRETARIAS-DEL-AYUNTAMIENTO-2.jpg",330,219,false],"1536x1536":["http:\/\/tvalaire.com\/wp-content\/uploads\/2017\/07\/RECONOCE-V\u00cdCTOR-V\u00c1ZQUEZ-LA-GRAN-LABOR-DE-LAS-SECRETARIAS-DEL-AYUNTAMIENTO-2.jpg",1536,1021,false],"2048x2048":["http:\/\/tvalaire.com\/wp-content\/uploads\/2017\/07\/RECONOCE-V\u00cdCTOR-V\u00c1ZQUEZ-LA-GRAN-LABOR-DE-LAS-SECRETARIAS-DEL-AYUNTAMIENTO-2.jpg",2048,1361,false],"newsium-slider-full":["http:\/\/tvalaire.com\/wp-content\/uploads\/2017\/07\/RECONOCE-V\u00cdCTOR-V\u00c1ZQUEZ-LA-GRAN-LABOR-DE-LAS-SECRETARIAS-DEL-AYUNTAMIENTO-2.jpg",1272,845,false],"newsium-featured":["http:\/\/tvalaire.com\/wp-content\/uploads\/2017\/07\/RECONOCE-V\u00cdCTOR-V\u00c1ZQUEZ-LA-GRAN-LABOR-DE-LAS-SECRETARIAS-DEL-AYUNTAMIENTO-2.jpg",1024,681,false],"newsium-medium":["http:\/\/tvalaire.com\/wp-content\/uploads\/2017\/07\/RECONOCE-V\u00cdCTOR-V\u00c1ZQUEZ-LA-GRAN-LABOR-DE-LAS-SECRETARIAS-DEL-AYUNTAMIENTO-2.jpg",715,475,false]},"author_info":{"info":["tvalairenoti"]},"category_info":"<a href=\"http:\/\/tvalaire.com\/?cat=4\" rel=\"category\">Puru\u00e1ndiro<\/a>","tag_info":"Puru\u00e1ndiro","comment_count":"0","jetpack_featured_media_url":"http:\/\/tvalaire.com\/wp-content\/uploads\/2017\/07\/RECONOCE-V\u00cdCTOR-V\u00c1ZQUEZ-LA-GRAN-LABOR-DE-LAS-SECRETARIAS-DEL-AYUNTAMIENTO-2.jpg","_links":{"self":[{"href":"http:\/\/tvalaire.com\/index.php?rest_route=\/wp\/v2\/posts\/2263"}],"collection":[{"href":"http:\/\/tvalaire.com\/index.php?rest_route=\/wp\/v2\/posts"}],"about":[{"href":"http:\/\/tvalaire.com\/index.php?rest_route=\/wp\/v2\/types\/post"}],"author":[{"embeddable":true,"href":"http:\/\/tvalaire.com\/index.php?rest_route=\/wp\/v2\/users\/1"}],"replies":[{"embeddable":true,"href":"http:\/\/tvalaire.com\/index.php?rest_route=%2Fwp%2Fv2%2Fcomments&post=2263"}],"version-history":[{"count":1,"href":"http:\/\/tvalaire.com\/index.php?rest_route=\/wp\/v2\/posts\/2263\/revisions"}],"predecessor-version":[{"id":2266,"href":"http:\/\/tvalaire.com\/index.php?rest_route=\/wp\/v2\/posts\/2263\/revisions\/2266"}],"wp:featuredmedia":[{"embeddable":true,"href":"http:\/\/tvalaire.com\/index.php?rest_route=\/wp\/v2\/media\/2265"}],"wp:attachment":[{"href":"http:\/\/tvalaire.com\/index.php?rest_route=%2Fwp%2Fv2%2Fmedia&parent=2263"}],"wp:term":[{"taxonomy":"category","embeddable":true,"href":"http:\/\/tvalaire.com\/index.php?rest_route=%2Fwp%2Fv2%2Fcategories&post=2263"},{"taxonomy":"post_tag","embeddable":true,"href":"http:\/\/tvalaire.com\/index.php?rest_route=%2Fwp%2Fv2%2Ftags&post=2263"}],"curies":[{"name":"wp","href":"https:\/\/api.w.org\/{rel}","templated":true}]}}