{"id":2257,"date":"2017-07-21T11:18:02","date_gmt":"2017-07-21T16:18:02","guid":{"rendered":"http:\/\/tvalaire.com\/?p=2257"},"modified":"2017-07-21T11:18:02","modified_gmt":"2017-07-21T16:18:02","slug":"proteccion-civil-y-mando-unico-inician-campana-de-prevencion-para-esta-temporada-de-vacaciones","status":"publish","type":"post","link":"http:\/\/tvalaire.com\/?p=2257","title":{"rendered":"PROTECCI\u00d3N CIVIL Y MANDO \u00daNICO INICIAN CAMPA\u00d1A DE PREVENCI\u00d3N PARA ESTA TEMPORADA DE VACACIONES"},"content":{"rendered":"<p>Con el objetivo de prevenir los accidentes viales en esta temporada de vacaciones, el Gobierno Municipal que encabeza V\u00edctor V\u00e1zquez a trav\u00e9s de la Coordinaci\u00f3n Municipal de Protecci\u00f3n Civil y Mando \u00danico dieron inicio a la campa\u00f1a de recomendaciones de seguridad vial. La cual dio comienzo con la entrega de tr\u00edpticos que contienen informaci\u00f3n que se titula \u201cen estas vacaciones toma estas recomendaciones\u201d. Enseguida se hace menci\u00f3n de las mismas como es el llevar tu coche a revisar al taller, inf\u00f3rmate de las mejores rutas hacia tu destino, no olvides siempre usar tu cintur\u00f3n de seguridad, procura parar y descansar durante el viaje, entre otras.<\/p>\n<p>&nbsp;<\/p>\n<p><img loading=\"lazy\" decoding=\"async\" class=\"alignnone size-medium wp-image-2261\" src=\"http:\/\/tvalaire.com\/wp-content\/uploads\/2017\/07\/PROTECCI\u00d3N-CIVIL-Y-MANDO-\u00daNICO-INICIAN-CAMPA\u00d1A-DE-PREVENCI\u00d3N-PARA-ESTA-TEMPORADA-DE-VACACIONES-4-300x199.jpg\" alt=\"\" width=\"300\" height=\"199\" srcset=\"http:\/\/tvalaire.com\/wp-content\/uploads\/2017\/07\/PROTECCI\u00d3N-CIVIL-Y-MANDO-\u00daNICO-INICIAN-CAMPA\u00d1A-DE-PREVENCI\u00d3N-PARA-ESTA-TEMPORADA-DE-VACACIONES-4-300x199.jpg 300w, http:\/\/tvalaire.com\/wp-content\/uploads\/2017\/07\/PROTECCI\u00d3N-CIVIL-Y-MANDO-\u00daNICO-INICIAN-CAMPA\u00d1A-DE-PREVENCI\u00d3N-PARA-ESTA-TEMPORADA-DE-VACACIONES-4-768x509.jpg 768w, http:\/\/tvalaire.com\/wp-content\/uploads\/2017\/07\/PROTECCI\u00d3N-CIVIL-Y-MANDO-\u00daNICO-INICIAN-CAMPA\u00d1A-DE-PREVENCI\u00d3N-PARA-ESTA-TEMPORADA-DE-VACACIONES-4-1024x678.jpg 1024w\" sizes=\"(max-width: 300px) 100vw, 300px\" \/><\/p>\n<p><img loading=\"lazy\" decoding=\"async\" class=\"alignnone size-medium wp-image-2259\" src=\"http:\/\/tvalaire.com\/wp-content\/uploads\/2017\/07\/PROTECCI\u00d3N-CIVIL-Y-MANDO-\u00daNICO-INICIAN-CAMPA\u00d1A-DE-PREVENCI\u00d3N-PARA-ESTA-TEMPORADA-DE-VACACIONES-2-300x199.jpg\" alt=\"\" width=\"300\" height=\"199\" srcset=\"http:\/\/tvalaire.com\/wp-content\/uploads\/2017\/07\/PROTECCI\u00d3N-CIVIL-Y-MANDO-\u00daNICO-INICIAN-CAMPA\u00d1A-DE-PREVENCI\u00d3N-PARA-ESTA-TEMPORADA-DE-VACACIONES-2-300x199.jpg 300w, http:\/\/tvalaire.com\/wp-content\/uploads\/2017\/07\/PROTECCI\u00d3N-CIVIL-Y-MANDO-\u00daNICO-INICIAN-CAMPA\u00d1A-DE-PREVENCI\u00d3N-PARA-ESTA-TEMPORADA-DE-VACACIONES-2-768x509.jpg 768w, http:\/\/tvalaire.com\/wp-content\/uploads\/2017\/07\/PROTECCI\u00d3N-CIVIL-Y-MANDO-\u00daNICO-INICIAN-CAMPA\u00d1A-DE-PREVENCI\u00d3N-PARA-ESTA-TEMPORADA-DE-VACACIONES-2-1024x678.jpg 1024w\" sizes=\"(max-width: 300px) 100vw, 300px\" \/><\/p>\n<p><img loading=\"lazy\" decoding=\"async\" class=\"alignnone size-medium wp-image-2258\" src=\"http:\/\/tvalaire.com\/wp-content\/uploads\/2017\/07\/PROTECCI\u00d3N-CIVIL-Y-MANDO-\u00daNICO-INICIAN-CAMPA\u00d1A-DE-PREVENCI\u00d3N-PARA-ESTA-TEMPORADA-DE-VACACIONES-1-300x199.jpg\" alt=\"\" width=\"300\" height=\"199\" srcset=\"http:\/\/tvalaire.com\/wp-content\/uploads\/2017\/07\/PROTECCI\u00d3N-CIVIL-Y-MANDO-\u00daNICO-INICIAN-CAMPA\u00d1A-DE-PREVENCI\u00d3N-PARA-ESTA-TEMPORADA-DE-VACACIONES-1-300x199.jpg 300w, http:\/\/tvalaire.com\/wp-content\/uploads\/2017\/07\/PROTECCI\u00d3N-CIVIL-Y-MANDO-\u00daNICO-INICIAN-CAMPA\u00d1A-DE-PREVENCI\u00d3N-PARA-ESTA-TEMPORADA-DE-VACACIONES-1-768x509.jpg 768w, http:\/\/tvalaire.com\/wp-content\/uploads\/2017\/07\/PROTECCI\u00d3N-CIVIL-Y-MANDO-\u00daNICO-INICIAN-CAMPA\u00d1A-DE-PREVENCI\u00d3N-PARA-ESTA-TEMPORADA-DE-VACACIONES-1-1024x678.jpg 1024w\" sizes=\"(max-width: 300px) 100vw, 300px\" \/><\/p>\n","protected":false},"excerpt":{"rendered":"<p>Con el objetivo de prevenir los accidentes viales en esta temporada de vacaciones, el Gobierno&#8230;<\/p>\n","protected":false},"author":1,"featured_media":2260,"comment_status":"open","ping_status":"open","sticky":false,"template":"","format":"standard","meta":{"jetpack_post_was_ever_published":false,"_jetpack_newsletter_access":"","_jetpack_dont_email_post_to_subs":false,"_jetpack_newsletter_tier_id":0,"_jetpack_memberships_contains_paywalled_content":false,"_jetpack_memberships_contains_paid_content":false,"footnotes":"","jetpack_publicize_message":"","jetpack_publicize_feature_enabled":true,"jetpack_social_post_already_shared":false,"jetpack_social_options":{"image_generator_settings":{"template":"highway","enabled":false},"version":2}},"categories":[4],"tags":[36,24],"class_list":["post-2257","post","type-post","status-publish","format-standard","has-post-thumbnail","hentry","category-puruandiro","tag-principales","tag-puruandiro"],"jetpack_publicize_connections":[],"jetpack_sharing_enabled":true,"featured_image_urls":{"full":["http:\/\/tvalaire.com\/wp-content\/uploads\/2017\/07\/PROTECCI\u00d3N-CIVIL-Y-MANDO-\u00daNICO-INICIAN-CAMPA\u00d1A-DE-PREVENCI\u00d3N-PARA-ESTA-TEMPORADA-DE-VACACIONES-3.jpg",4928,3264,false],"thumbnail":["http:\/\/tvalaire.com\/wp-content\/uploads\/2017\/07\/PROTECCI\u00d3N-CIVIL-Y-MANDO-\u00daNICO-INICIAN-CAMPA\u00d1A-DE-PREVENCI\u00d3N-PARA-ESTA-TEMPORADA-DE-VACACIONES-3-150x150.jpg",150,150,true],"medium":["http:\/\/tvalaire.com\/wp-content\/uploads\/2017\/07\/PROTECCI\u00d3N-CIVIL-Y-MANDO-\u00daNICO-INICIAN-CAMPA\u00d1A-DE-PREVENCI\u00d3N-PARA-ESTA-TEMPORADA-DE-VACACIONES-3-300x199.jpg",300,199,true],"medium_large":["http:\/\/tvalaire.com\/wp-content\/uploads\/2017\/07\/PROTECCI\u00d3N-CIVIL-Y-MANDO-\u00daNICO-INICIAN-CAMPA\u00d1A-DE-PREVENCI\u00d3N-PARA-ESTA-TEMPORADA-DE-VACACIONES-3-768x509.jpg",640,424,true],"large":["http:\/\/tvalaire.com\/wp-content\/uploads\/2017\/07\/PROTECCI\u00d3N-CIVIL-Y-MANDO-\u00daNICO-INICIAN-CAMPA\u00d1A-DE-PREVENCI\u00d3N-PARA-ESTA-TEMPORADA-DE-VACACIONES-3-1024x678.jpg",640,424,true],"post-slider-thumb-size":["http:\/\/tvalaire.com\/wp-content\/uploads\/2017\/07\/PROTECCI\u00d3N-CIVIL-Y-MANDO-\u00daNICO-INICIAN-CAMPA\u00d1A-DE-PREVENCI\u00d3N-PARA-ESTA-TEMPORADA-DE-VACACIONES-3.jpg",287,190,false],"post-category-slider-size":["http:\/\/tvalaire.com\/wp-content\/uploads\/2017\/07\/PROTECCI\u00d3N-CIVIL-Y-MANDO-\u00daNICO-INICIAN-CAMPA\u00d1A-DE-PREVENCI\u00d3N-PARA-ESTA-TEMPORADA-DE-VACACIONES-3.jpg",330,219,false],"1536x1536":["http:\/\/tvalaire.com\/wp-content\/uploads\/2017\/07\/PROTECCI\u00d3N-CIVIL-Y-MANDO-\u00daNICO-INICIAN-CAMPA\u00d1A-DE-PREVENCI\u00d3N-PARA-ESTA-TEMPORADA-DE-VACACIONES-3.jpg",1536,1017,false],"2048x2048":["http:\/\/tvalaire.com\/wp-content\/uploads\/2017\/07\/PROTECCI\u00d3N-CIVIL-Y-MANDO-\u00daNICO-INICIAN-CAMPA\u00d1A-DE-PREVENCI\u00d3N-PARA-ESTA-TEMPORADA-DE-VACACIONES-3.jpg",2048,1356,false],"newsium-slider-full":["http:\/\/tvalaire.com\/wp-content\/uploads\/2017\/07\/PROTECCI\u00d3N-CIVIL-Y-MANDO-\u00daNICO-INICIAN-CAMPA\u00d1A-DE-PREVENCI\u00d3N-PARA-ESTA-TEMPORADA-DE-VACACIONES-3.jpg",1276,845,false],"newsium-featured":["http:\/\/tvalaire.com\/wp-content\/uploads\/2017\/07\/PROTECCI\u00d3N-CIVIL-Y-MANDO-\u00daNICO-INICIAN-CAMPA\u00d1A-DE-PREVENCI\u00d3N-PARA-ESTA-TEMPORADA-DE-VACACIONES-3.jpg",1024,678,false],"newsium-medium":["http:\/\/tvalaire.com\/wp-content\/uploads\/2017\/07\/PROTECCI\u00d3N-CIVIL-Y-MANDO-\u00daNICO-INICIAN-CAMPA\u00d1A-DE-PREVENCI\u00d3N-PARA-ESTA-TEMPORADA-DE-VACACIONES-3.jpg",717,475,false]},"author_info":{"info":["tvalairenoti"]},"category_info":"<a href=\"http:\/\/tvalaire.com\/?cat=4\" rel=\"category\">Puru\u00e1ndiro<\/a>","tag_info":"Puru\u00e1ndiro","comment_count":"0","jetpack_featured_media_url":"http:\/\/tvalaire.com\/wp-content\/uploads\/2017\/07\/PROTECCI\u00d3N-CIVIL-Y-MANDO-\u00daNICO-INICIAN-CAMPA\u00d1A-DE-PREVENCI\u00d3N-PARA-ESTA-TEMPORADA-DE-VACACIONES-3.jpg","_links":{"self":[{"href":"http:\/\/tvalaire.com\/index.php?rest_route=\/wp\/v2\/posts\/2257"}],"collection":[{"href":"http:\/\/tvalaire.com\/index.php?rest_route=\/wp\/v2\/posts"}],"about":[{"href":"http:\/\/tvalaire.com\/index.php?rest_route=\/wp\/v2\/types\/post"}],"author":[{"embeddable":true,"href":"http:\/\/tvalaire.com\/index.php?rest_route=\/wp\/v2\/users\/1"}],"replies":[{"embeddable":true,"href":"http:\/\/tvalaire.com\/index.php?rest_route=%2Fwp%2Fv2%2Fcomments&post=2257"}],"version-history":[{"count":1,"href":"http:\/\/tvalaire.com\/index.php?rest_route=\/wp\/v2\/posts\/2257\/revisions"}],"predecessor-version":[{"id":2262,"href":"http:\/\/tvalaire.com\/index.php?rest_route=\/wp\/v2\/posts\/2257\/revisions\/2262"}],"wp:featuredmedia":[{"embeddable":true,"href":"http:\/\/tvalaire.com\/index.php?rest_route=\/wp\/v2\/media\/2260"}],"wp:attachment":[{"href":"http:\/\/tvalaire.com\/index.php?rest_route=%2Fwp%2Fv2%2Fmedia&parent=2257"}],"wp:term":[{"taxonomy":"category","embeddable":true,"href":"http:\/\/tvalaire.com\/index.php?rest_route=%2Fwp%2Fv2%2Fcategories&post=2257"},{"taxonomy":"post_tag","embeddable":true,"href":"http:\/\/tvalaire.com\/index.php?rest_route=%2Fwp%2Fv2%2Ftags&post=2257"}],"curies":[{"name":"wp","href":"https:\/\/api.w.org\/{rel}","templated":true}]}}