{"id":2244,"date":"2017-07-21T09:39:27","date_gmt":"2017-07-21T14:39:27","guid":{"rendered":"http:\/\/tvalaire.com\/?p=2244"},"modified":"2017-07-21T09:39:27","modified_gmt":"2017-07-21T14:39:27","slug":"se-presenta-coro-de-ensamble-voces-por-la-paz-de-univa-la-piedad","status":"publish","type":"post","link":"http:\/\/tvalaire.com\/?p=2244","title":{"rendered":"SE PRESENTA CORO DE ENSAMBLE VOCES POR LA PAZ DE UNIVA LA PIEDAD"},"content":{"rendered":"<p>El Coro y Orquesta Voces por la Paz de la Universidad del Valle de Atemajac (UNIVA) se present\u00f3 en la Escuela de Artes de La Piedad.<\/p>\n<p>El evento comenz\u00f3 en punto de las 19:00 horas y por espacio de una hora, los integrantes de esta agrupaci\u00f3n dieron muestra majestuosa de los avances art\u00edsticos que han logrado durante el tiempo que llevan en el coro.<\/p>\n<p>Durante la presentaci\u00f3n tocaron un promedio de 12 canciones que fueron escuchadas y disfrutadas por los asistentes, en su mayor\u00eda padres de familia, personal administrativo de la Universidad, trabajadores de la direcci\u00f3n de Cultura y personas asiduas a este espacio.<\/p>\n<p>Los integrantes del Coro y Orquesta Voces por la Paz mostraron sus dotes con la utilizaci\u00f3n de varios instrumentos de una forma espectacular.<\/p>\n<p>Al t\u00e9rmino de la presentaci\u00f3n del repertorio, se aprovech\u00f3 la oportunidad para hacer una invitaci\u00f3n a los padres de familia para que inscriban a sus hijos en esta agrupaci\u00f3n en la que se cuenta con la presencia y participaci\u00f3n de menores desde los 6 a los 12 a\u00f1os de edad y que se ofrece de forma gratuita, como un apoyo de la instituci\u00f3n de educaci\u00f3n Superior, a la sociedad piedadense.<\/p>\n<p>Por lo que a los padres de familia interesados, los invitaron a acudir a las instalaciones de UNIVA La Piedad para que los inscriban. Con la realizaci\u00f3n de eventos art\u00edsticos y culturales.<\/p>\n<p>&nbsp;<\/p>\n<p><img loading=\"lazy\" decoding=\"async\" class=\"alignnone size-medium wp-image-2241\" src=\"http:\/\/tvalaire.com\/wp-content\/uploads\/2017\/07\/SE-PRESENTA-CORO-DE-ENSAMBLE-VOCES-POR-LA-PAZ-DE-UNIVA-LA-PIEDAD2-300x200.jpg\" alt=\"\" width=\"300\" height=\"200\" srcset=\"http:\/\/tvalaire.com\/wp-content\/uploads\/2017\/07\/SE-PRESENTA-CORO-DE-ENSAMBLE-VOCES-POR-LA-PAZ-DE-UNIVA-LA-PIEDAD2-300x200.jpg 300w, http:\/\/tvalaire.com\/wp-content\/uploads\/2017\/07\/SE-PRESENTA-CORO-DE-ENSAMBLE-VOCES-POR-LA-PAZ-DE-UNIVA-LA-PIEDAD2-768x513.jpg 768w, http:\/\/tvalaire.com\/wp-content\/uploads\/2017\/07\/SE-PRESENTA-CORO-DE-ENSAMBLE-VOCES-POR-LA-PAZ-DE-UNIVA-LA-PIEDAD2.jpg 1024w\" sizes=\"(max-width: 300px) 100vw, 300px\" \/><\/p>\n<p><img loading=\"lazy\" decoding=\"async\" class=\"alignnone size-medium wp-image-2242\" src=\"http:\/\/tvalaire.com\/wp-content\/uploads\/2017\/07\/SE-PRESENTA-CORO-DE-ENSAMBLE-VOCES-POR-LA-PAZ-DE-UNIVA-LA-PIEDAD3-300x200.jpg\" alt=\"\" width=\"300\" height=\"200\" srcset=\"http:\/\/tvalaire.com\/wp-content\/uploads\/2017\/07\/SE-PRESENTA-CORO-DE-ENSAMBLE-VOCES-POR-LA-PAZ-DE-UNIVA-LA-PIEDAD3-300x200.jpg 300w, http:\/\/tvalaire.com\/wp-content\/uploads\/2017\/07\/SE-PRESENTA-CORO-DE-ENSAMBLE-VOCES-POR-LA-PAZ-DE-UNIVA-LA-PIEDAD3-768x513.jpg 768w, http:\/\/tvalaire.com\/wp-content\/uploads\/2017\/07\/SE-PRESENTA-CORO-DE-ENSAMBLE-VOCES-POR-LA-PAZ-DE-UNIVA-LA-PIEDAD3.jpg 1024w\" sizes=\"(max-width: 300px) 100vw, 300px\" \/><\/p>\n","protected":false},"excerpt":{"rendered":"<p>El Coro y Orquesta Voces por la Paz de la Universidad del Valle de Atemajac&#8230;<\/p>\n","protected":false},"author":1,"featured_media":2240,"comment_status":"open","ping_status":"open","sticky":false,"template":"","format":"standard","meta":{"jetpack_post_was_ever_published":false,"_jetpack_newsletter_access":"","_jetpack_dont_email_post_to_subs":false,"_jetpack_newsletter_tier_id":0,"_jetpack_memberships_contains_paywalled_content":false,"_jetpack_memberships_contains_paid_content":false,"footnotes":"","jetpack_publicize_message":"","jetpack_publicize_feature_enabled":true,"jetpack_social_post_already_shared":false,"jetpack_social_options":{"image_generator_settings":{"template":"highway","enabled":false},"version":2}},"categories":[1],"tags":[15,36],"class_list":["post-2244","post","type-post","status-publish","format-standard","has-post-thumbnail","hentry","category-la-piedad","tag-la-piedad","tag-principales"],"jetpack_publicize_connections":[],"jetpack_sharing_enabled":true,"featured_image_urls":{"full":["http:\/\/tvalaire.com\/wp-content\/uploads\/2017\/07\/SE-PRESENTA-CORO-DE-ENSAMBLE-VOCES-POR-LA-PAZ-DE-UNIVA-LA-PIEDAD.jpg",1024,684,false],"thumbnail":["http:\/\/tvalaire.com\/wp-content\/uploads\/2017\/07\/SE-PRESENTA-CORO-DE-ENSAMBLE-VOCES-POR-LA-PAZ-DE-UNIVA-LA-PIEDAD-150x150.jpg",150,150,true],"medium":["http:\/\/tvalaire.com\/wp-content\/uploads\/2017\/07\/SE-PRESENTA-CORO-DE-ENSAMBLE-VOCES-POR-LA-PAZ-DE-UNIVA-LA-PIEDAD-300x200.jpg",300,200,true],"medium_large":["http:\/\/tvalaire.com\/wp-content\/uploads\/2017\/07\/SE-PRESENTA-CORO-DE-ENSAMBLE-VOCES-POR-LA-PAZ-DE-UNIVA-LA-PIEDAD-768x513.jpg",640,428,true],"large":["http:\/\/tvalaire.com\/wp-content\/uploads\/2017\/07\/SE-PRESENTA-CORO-DE-ENSAMBLE-VOCES-POR-LA-PAZ-DE-UNIVA-LA-PIEDAD-1024x684.jpg",640,428,true],"post-slider-thumb-size":["http:\/\/tvalaire.com\/wp-content\/uploads\/2017\/07\/SE-PRESENTA-CORO-DE-ENSAMBLE-VOCES-POR-LA-PAZ-DE-UNIVA-LA-PIEDAD.jpg",284,190,false],"post-category-slider-size":["http:\/\/tvalaire.com\/wp-content\/uploads\/2017\/07\/SE-PRESENTA-CORO-DE-ENSAMBLE-VOCES-POR-LA-PAZ-DE-UNIVA-LA-PIEDAD.jpg",330,220,false],"1536x1536":["http:\/\/tvalaire.com\/wp-content\/uploads\/2017\/07\/SE-PRESENTA-CORO-DE-ENSAMBLE-VOCES-POR-LA-PAZ-DE-UNIVA-LA-PIEDAD.jpg",1024,684,false],"2048x2048":["http:\/\/tvalaire.com\/wp-content\/uploads\/2017\/07\/SE-PRESENTA-CORO-DE-ENSAMBLE-VOCES-POR-LA-PAZ-DE-UNIVA-LA-PIEDAD.jpg",1024,684,false],"newsium-slider-full":["http:\/\/tvalaire.com\/wp-content\/uploads\/2017\/07\/SE-PRESENTA-CORO-DE-ENSAMBLE-VOCES-POR-LA-PAZ-DE-UNIVA-LA-PIEDAD.jpg",1024,684,false],"newsium-featured":["http:\/\/tvalaire.com\/wp-content\/uploads\/2017\/07\/SE-PRESENTA-CORO-DE-ENSAMBLE-VOCES-POR-LA-PAZ-DE-UNIVA-LA-PIEDAD.jpg",1024,684,false],"newsium-medium":["http:\/\/tvalaire.com\/wp-content\/uploads\/2017\/07\/SE-PRESENTA-CORO-DE-ENSAMBLE-VOCES-POR-LA-PAZ-DE-UNIVA-LA-PIEDAD.jpg",711,475,false]},"author_info":{"info":["tvalairenoti"]},"category_info":"<a href=\"http:\/\/tvalaire.com\/?cat=1\" rel=\"category\">La Piedad<\/a>","tag_info":"La Piedad","comment_count":"0","jetpack_featured_media_url":"http:\/\/tvalaire.com\/wp-content\/uploads\/2017\/07\/SE-PRESENTA-CORO-DE-ENSAMBLE-VOCES-POR-LA-PAZ-DE-UNIVA-LA-PIEDAD.jpg","_links":{"self":[{"href":"http:\/\/tvalaire.com\/index.php?rest_route=\/wp\/v2\/posts\/2244"}],"collection":[{"href":"http:\/\/tvalaire.com\/index.php?rest_route=\/wp\/v2\/posts"}],"about":[{"href":"http:\/\/tvalaire.com\/index.php?rest_route=\/wp\/v2\/types\/post"}],"author":[{"embeddable":true,"href":"http:\/\/tvalaire.com\/index.php?rest_route=\/wp\/v2\/users\/1"}],"replies":[{"embeddable":true,"href":"http:\/\/tvalaire.com\/index.php?rest_route=%2Fwp%2Fv2%2Fcomments&post=2244"}],"version-history":[{"count":1,"href":"http:\/\/tvalaire.com\/index.php?rest_route=\/wp\/v2\/posts\/2244\/revisions"}],"predecessor-version":[{"id":2245,"href":"http:\/\/tvalaire.com\/index.php?rest_route=\/wp\/v2\/posts\/2244\/revisions\/2245"}],"wp:featuredmedia":[{"embeddable":true,"href":"http:\/\/tvalaire.com\/index.php?rest_route=\/wp\/v2\/media\/2240"}],"wp:attachment":[{"href":"http:\/\/tvalaire.com\/index.php?rest_route=%2Fwp%2Fv2%2Fmedia&parent=2244"}],"wp:term":[{"taxonomy":"category","embeddable":true,"href":"http:\/\/tvalaire.com\/index.php?rest_route=%2Fwp%2Fv2%2Fcategories&post=2244"},{"taxonomy":"post_tag","embeddable":true,"href":"http:\/\/tvalaire.com\/index.php?rest_route=%2Fwp%2Fv2%2Ftags&post=2244"}],"curies":[{"name":"wp","href":"https:\/\/api.w.org\/{rel}","templated":true}]}}