{"id":2236,"date":"2017-07-19T09:39:39","date_gmt":"2017-07-19T14:39:39","guid":{"rendered":"http:\/\/tvalaire.com\/?p=2236"},"modified":"2017-07-19T09:39:39","modified_gmt":"2017-07-19T14:39:39","slug":"con-490-ninos-inicio-el-curso-de-verano-mis-vacaciones-en-la-biblioteca","status":"publish","type":"post","link":"http:\/\/tvalaire.com\/?p=2236","title":{"rendered":"CON 490 NI\u00d1OS INICI\u00d3 EL CURSO DE VERANO: \u201cMIS VACACIONES EN LA BIBLIOTECA\u201d"},"content":{"rendered":"<p>La aventura comenz\u00f3 con los cursos de verano \u201cMis vacaciones en la biblioteca\u201d, que arrancaron con la presencia de 490 menores distribuidos en todos los espacios culturales que hay en el municipio y de los cuales unas de las particularidades o distinciones de estos talleres, es que son gratuitos y lo mejor, todav\u00eda hay lugares para aquellos ni\u00f1os que a\u00fan no se han incorporado a alg\u00fan programa en este periodo vacacional.<\/p>\n<p>El arranque oficial de los cursos se llev\u00f3 a cabo en la biblioteca \u201cJos\u00e9 Hern\u00e1ndez Moreno\u201d que se ubica a un costado del Parque Morelos, durante estas cuatro semanas los peque\u00f1os se embarcar\u00e1n en una traves\u00eda literaria que estar\u00e1 llena de imaginaci\u00f3n y creatividad con diversos cursos titulados: \u201cEl gran gigante bonach\u00f3n\u201d; \u201cEcotumismo\u201d; \u201cDr\u00e1cula\u201d y \u201cSo\u00f1Arte\u201d. Los horarios de los cursos son de las 11:00 a las 13:00 horas y de las 16:00 a las 18:00 horas y hasta el 11 de agosto.<\/p>\n<p>El acto inaugural corri\u00f3 a cargo de autoridades municipales representadas por el director de Educaci\u00f3n, Marco Antonio Rodr\u00edguez Mac\u00edas; las regidoras Yelitza T\u00e9llez Hern\u00e1ndez y Laura Elena Valadez Navarro; el Secretario del Ayuntamiento, Daniel V\u00e1zquez Zavala; el coordinador de bibliotecas, David Ram\u00edrez; as\u00ed como Cristi\u00e1n Meza, coordinador de la biblioteca.<\/p>\n<p>Rodr\u00edguez Mac\u00edas a nombre del Alcalde Juan Manuel Estrada Medina fue el encargado en declarar inaugurados los cursos, que en esta ocasi\u00f3n son muy concurridos pues se esperaban 350 ni\u00f1os y comenzaron con 490 en todas las bibliotecas y todav\u00eda hay espacio para atender a otros peque\u00f1os.<\/p>\n<p>El Secretario del Ayuntamiento, transmiti\u00f3 a los ni\u00f1os y madres de familia ah\u00ed presentes, un saludo de parte del Presidente Municipal y reconoci\u00f3 el esfuerzo que realizan los gobiernos local y la coordinaci\u00f3n de Bibliotecas para realizar este a\u00f1o con a\u00f1o este programa, as\u00ed como a los ni\u00f1os y madres de familia por la confianza puesta en las autoridades y por el acompa\u00f1amiento que hacen a sus hijos.<\/p>\n<p>El material que utilizar\u00e1n durante las 4 semanas que tendr\u00e1n de duraci\u00f3n estos cursos, es proporcionado por el Gobierno Municipal a trav\u00e9s de Oficial\u00eda Mayor, quien en voz del titular Benjam\u00edn Ba\u00f1ales reconoci\u00f3 a los maestros de los cursos, ya que previamente recibieron capacitaci\u00f3n.<\/p>\n","protected":false},"excerpt":{"rendered":"<p>La aventura comenz\u00f3 con los cursos de verano \u201cMis vacaciones en la biblioteca\u201d, que arrancaron&#8230;<\/p>\n","protected":false},"author":1,"featured_media":2231,"comment_status":"open","ping_status":"open","sticky":false,"template":"","format":"standard","meta":{"jetpack_post_was_ever_published":false,"_jetpack_newsletter_access":"","_jetpack_dont_email_post_to_subs":false,"_jetpack_newsletter_tier_id":0,"_jetpack_memberships_contains_paywalled_content":false,"_jetpack_memberships_contains_paid_content":false,"footnotes":"","jetpack_publicize_message":"","jetpack_publicize_feature_enabled":true,"jetpack_social_post_already_shared":false,"jetpack_social_options":{"image_generator_settings":{"template":"highway","enabled":false},"version":2}},"categories":[1],"tags":[15,36],"class_list":["post-2236","post","type-post","status-publish","format-standard","has-post-thumbnail","hentry","category-la-piedad","tag-la-piedad","tag-principales"],"jetpack_publicize_connections":[],"jetpack_sharing_enabled":true,"featured_image_urls":{"full":["http:\/\/tvalaire.com\/wp-content\/uploads\/2017\/07\/CON-490-NI\u00d1OS-INICI\u00d3-EL-CURSO-DE-VERANO.jpg",1024,684,false],"thumbnail":["http:\/\/tvalaire.com\/wp-content\/uploads\/2017\/07\/CON-490-NI\u00d1OS-INICI\u00d3-EL-CURSO-DE-VERANO-150x150.jpg",150,150,true],"medium":["http:\/\/tvalaire.com\/wp-content\/uploads\/2017\/07\/CON-490-NI\u00d1OS-INICI\u00d3-EL-CURSO-DE-VERANO-300x200.jpg",300,200,true],"medium_large":["http:\/\/tvalaire.com\/wp-content\/uploads\/2017\/07\/CON-490-NI\u00d1OS-INICI\u00d3-EL-CURSO-DE-VERANO-768x513.jpg",640,428,true],"large":["http:\/\/tvalaire.com\/wp-content\/uploads\/2017\/07\/CON-490-NI\u00d1OS-INICI\u00d3-EL-CURSO-DE-VERANO-1024x684.jpg",640,428,true],"post-slider-thumb-size":["http:\/\/tvalaire.com\/wp-content\/uploads\/2017\/07\/CON-490-NI\u00d1OS-INICI\u00d3-EL-CURSO-DE-VERANO.jpg",284,190,false],"post-category-slider-size":["http:\/\/tvalaire.com\/wp-content\/uploads\/2017\/07\/CON-490-NI\u00d1OS-INICI\u00d3-EL-CURSO-DE-VERANO.jpg",330,220,false],"1536x1536":["http:\/\/tvalaire.com\/wp-content\/uploads\/2017\/07\/CON-490-NI\u00d1OS-INICI\u00d3-EL-CURSO-DE-VERANO.jpg",1024,684,false],"2048x2048":["http:\/\/tvalaire.com\/wp-content\/uploads\/2017\/07\/CON-490-NI\u00d1OS-INICI\u00d3-EL-CURSO-DE-VERANO.jpg",1024,684,false],"newsium-slider-full":["http:\/\/tvalaire.com\/wp-content\/uploads\/2017\/07\/CON-490-NI\u00d1OS-INICI\u00d3-EL-CURSO-DE-VERANO.jpg",1024,684,false],"newsium-featured":["http:\/\/tvalaire.com\/wp-content\/uploads\/2017\/07\/CON-490-NI\u00d1OS-INICI\u00d3-EL-CURSO-DE-VERANO.jpg",1024,684,false],"newsium-medium":["http:\/\/tvalaire.com\/wp-content\/uploads\/2017\/07\/CON-490-NI\u00d1OS-INICI\u00d3-EL-CURSO-DE-VERANO.jpg",711,475,false]},"author_info":{"info":["tvalairenoti"]},"category_info":"<a href=\"http:\/\/tvalaire.com\/?cat=1\" rel=\"category\">La Piedad<\/a>","tag_info":"La Piedad","comment_count":"0","jetpack_featured_media_url":"http:\/\/tvalaire.com\/wp-content\/uploads\/2017\/07\/CON-490-NI\u00d1OS-INICI\u00d3-EL-CURSO-DE-VERANO.jpg","_links":{"self":[{"href":"http:\/\/tvalaire.com\/index.php?rest_route=\/wp\/v2\/posts\/2236"}],"collection":[{"href":"http:\/\/tvalaire.com\/index.php?rest_route=\/wp\/v2\/posts"}],"about":[{"href":"http:\/\/tvalaire.com\/index.php?rest_route=\/wp\/v2\/types\/post"}],"author":[{"embeddable":true,"href":"http:\/\/tvalaire.com\/index.php?rest_route=\/wp\/v2\/users\/1"}],"replies":[{"embeddable":true,"href":"http:\/\/tvalaire.com\/index.php?rest_route=%2Fwp%2Fv2%2Fcomments&post=2236"}],"version-history":[{"count":1,"href":"http:\/\/tvalaire.com\/index.php?rest_route=\/wp\/v2\/posts\/2236\/revisions"}],"predecessor-version":[{"id":2237,"href":"http:\/\/tvalaire.com\/index.php?rest_route=\/wp\/v2\/posts\/2236\/revisions\/2237"}],"wp:featuredmedia":[{"embeddable":true,"href":"http:\/\/tvalaire.com\/index.php?rest_route=\/wp\/v2\/media\/2231"}],"wp:attachment":[{"href":"http:\/\/tvalaire.com\/index.php?rest_route=%2Fwp%2Fv2%2Fmedia&parent=2236"}],"wp:term":[{"taxonomy":"category","embeddable":true,"href":"http:\/\/tvalaire.com\/index.php?rest_route=%2Fwp%2Fv2%2Fcategories&post=2236"},{"taxonomy":"post_tag","embeddable":true,"href":"http:\/\/tvalaire.com\/index.php?rest_route=%2Fwp%2Fv2%2Ftags&post=2236"}],"curies":[{"name":"wp","href":"https:\/\/api.w.org\/{rel}","templated":true}]}}