{"id":2224,"date":"2017-07-18T09:18:42","date_gmt":"2017-07-18T14:18:42","guid":{"rendered":"http:\/\/tvalaire.com\/?p=2224"},"modified":"2017-07-18T09:18:42","modified_gmt":"2017-07-18T14:18:42","slug":"inician-cursos-de-verano-en-los-centros-comunitarios","status":"publish","type":"post","link":"http:\/\/tvalaire.com\/?p=2224","title":{"rendered":"INICIAN CURSOS DE VERANO EN LOS CENTROS COMUNITARIOS"},"content":{"rendered":"<p>El Gobierno Municipal a cargo de Juan Manuel\u00a0Estrada Medina, a trav\u00e9s de la\u00a0direcci\u00f3n\u00a0de Desarrollo Social, inici\u00f3 el d\u00eda de hoy, los cursos de verano recreativos en los diferentes centros comunitarios de la ciudad.<\/p>\n<p>En cada centro comunitario, Laureles, Delta, Santa Fe y Vasco el cupo es de 30 menores con los que iniciaron a trabajar los grupos, la\u00a0maestra\u00a0en turno aplicara las actividades que realizaran a lo largo\u00a0de\u00a0las tres semanas de los cursos en los diferentes centros comunitarios.<\/p>\n<p>La direcci\u00f3n de Desarrollo, entreg\u00f3 los materiales que se estar\u00e1n usando durante este tiempo, el curso es completamente gratuito.<\/p>\n<p>De esta manera iniciaron con \u00e9xito hoy lunes mismos que culminaran el viernes 4 de agosto, con estos trabajos los menores tendr\u00e1n un pasatiempo el cual les deje una ense\u00f1anza y una distracci\u00f3n sana ya que se\u00a0llevar\u00e1n\u00a0diferentes actividades\u00a0\u00a0como:\u00a0deportes,\u00a0din\u00e1micas,\u00a0ecol\u00f3gicas, manualidades, reciclaje, juegos, entre otras m\u00e1s que\u00a0ayudar\u00e1n\u00a0a que los ni\u00f1os se diviertan.<\/p>\n<p>Los ni\u00f1os que asisten a los cursos de verano, son de\u00a0las colonias\u00a0donde\u00a0est\u00e1n\u00a0los centros comunitarios, algunos ni\u00f1os dijeron que iban a divertirse, el director de Desarrollo social, les dijo que\u00a0ten\u00edan\u00a0que portarse bien para que el curso se llevara de manera amena y divertida.<\/p>\n","protected":false},"excerpt":{"rendered":"<p>El Gobierno Municipal a cargo de Juan Manuel\u00a0Estrada Medina, a trav\u00e9s de la\u00a0direcci\u00f3n\u00a0de Desarrollo Social,&#8230;<\/p>\n","protected":false},"author":1,"featured_media":2225,"comment_status":"open","ping_status":"open","sticky":false,"template":"","format":"standard","meta":{"jetpack_post_was_ever_published":false,"_jetpack_newsletter_access":"","_jetpack_dont_email_post_to_subs":false,"_jetpack_newsletter_tier_id":0,"_jetpack_memberships_contains_paywalled_content":false,"_jetpack_memberships_contains_paid_content":false,"footnotes":"","jetpack_publicize_message":"","jetpack_publicize_feature_enabled":true,"jetpack_social_post_already_shared":false,"jetpack_social_options":{"image_generator_settings":{"template":"highway","enabled":false},"version":2}},"categories":[1,35],"tags":[15,36],"class_list":["post-2224","post","type-post","status-publish","format-standard","has-post-thumbnail","hentry","category-la-piedad","category-principales","tag-la-piedad","tag-principales"],"jetpack_publicize_connections":[],"jetpack_sharing_enabled":true,"featured_image_urls":{"full":["http:\/\/tvalaire.com\/wp-content\/uploads\/2017\/07\/INICIAN-CURSOS-DE-VERANO-EN-LOS-CENTROS-COMUNITARIOS2.jpg",1024,684,false],"thumbnail":["http:\/\/tvalaire.com\/wp-content\/uploads\/2017\/07\/INICIAN-CURSOS-DE-VERANO-EN-LOS-CENTROS-COMUNITARIOS2-150x150.jpg",150,150,true],"medium":["http:\/\/tvalaire.com\/wp-content\/uploads\/2017\/07\/INICIAN-CURSOS-DE-VERANO-EN-LOS-CENTROS-COMUNITARIOS2-300x200.jpg",300,200,true],"medium_large":["http:\/\/tvalaire.com\/wp-content\/uploads\/2017\/07\/INICIAN-CURSOS-DE-VERANO-EN-LOS-CENTROS-COMUNITARIOS2-768x513.jpg",640,428,true],"large":["http:\/\/tvalaire.com\/wp-content\/uploads\/2017\/07\/INICIAN-CURSOS-DE-VERANO-EN-LOS-CENTROS-COMUNITARIOS2-1024x684.jpg",640,428,true],"post-slider-thumb-size":["http:\/\/tvalaire.com\/wp-content\/uploads\/2017\/07\/INICIAN-CURSOS-DE-VERANO-EN-LOS-CENTROS-COMUNITARIOS2.jpg",284,190,false],"post-category-slider-size":["http:\/\/tvalaire.com\/wp-content\/uploads\/2017\/07\/INICIAN-CURSOS-DE-VERANO-EN-LOS-CENTROS-COMUNITARIOS2.jpg",330,220,false],"1536x1536":["http:\/\/tvalaire.com\/wp-content\/uploads\/2017\/07\/INICIAN-CURSOS-DE-VERANO-EN-LOS-CENTROS-COMUNITARIOS2.jpg",1024,684,false],"2048x2048":["http:\/\/tvalaire.com\/wp-content\/uploads\/2017\/07\/INICIAN-CURSOS-DE-VERANO-EN-LOS-CENTROS-COMUNITARIOS2.jpg",1024,684,false],"newsium-slider-full":["http:\/\/tvalaire.com\/wp-content\/uploads\/2017\/07\/INICIAN-CURSOS-DE-VERANO-EN-LOS-CENTROS-COMUNITARIOS2.jpg",1024,684,false],"newsium-featured":["http:\/\/tvalaire.com\/wp-content\/uploads\/2017\/07\/INICIAN-CURSOS-DE-VERANO-EN-LOS-CENTROS-COMUNITARIOS2.jpg",1024,684,false],"newsium-medium":["http:\/\/tvalaire.com\/wp-content\/uploads\/2017\/07\/INICIAN-CURSOS-DE-VERANO-EN-LOS-CENTROS-COMUNITARIOS2.jpg",711,475,false]},"author_info":{"info":["tvalairenoti"]},"category_info":"<a href=\"http:\/\/tvalaire.com\/?cat=1\" rel=\"category\">La Piedad<\/a> <a href=\"http:\/\/tvalaire.com\/?cat=35\" rel=\"category\">Principales<\/a>","tag_info":"Principales","comment_count":"0","jetpack_featured_media_url":"http:\/\/tvalaire.com\/wp-content\/uploads\/2017\/07\/INICIAN-CURSOS-DE-VERANO-EN-LOS-CENTROS-COMUNITARIOS2.jpg","_links":{"self":[{"href":"http:\/\/tvalaire.com\/index.php?rest_route=\/wp\/v2\/posts\/2224"}],"collection":[{"href":"http:\/\/tvalaire.com\/index.php?rest_route=\/wp\/v2\/posts"}],"about":[{"href":"http:\/\/tvalaire.com\/index.php?rest_route=\/wp\/v2\/types\/post"}],"author":[{"embeddable":true,"href":"http:\/\/tvalaire.com\/index.php?rest_route=\/wp\/v2\/users\/1"}],"replies":[{"embeddable":true,"href":"http:\/\/tvalaire.com\/index.php?rest_route=%2Fwp%2Fv2%2Fcomments&post=2224"}],"version-history":[{"count":1,"href":"http:\/\/tvalaire.com\/index.php?rest_route=\/wp\/v2\/posts\/2224\/revisions"}],"predecessor-version":[{"id":2227,"href":"http:\/\/tvalaire.com\/index.php?rest_route=\/wp\/v2\/posts\/2224\/revisions\/2227"}],"wp:featuredmedia":[{"embeddable":true,"href":"http:\/\/tvalaire.com\/index.php?rest_route=\/wp\/v2\/media\/2225"}],"wp:attachment":[{"href":"http:\/\/tvalaire.com\/index.php?rest_route=%2Fwp%2Fv2%2Fmedia&parent=2224"}],"wp:term":[{"taxonomy":"category","embeddable":true,"href":"http:\/\/tvalaire.com\/index.php?rest_route=%2Fwp%2Fv2%2Fcategories&post=2224"},{"taxonomy":"post_tag","embeddable":true,"href":"http:\/\/tvalaire.com\/index.php?rest_route=%2Fwp%2Fv2%2Ftags&post=2224"}],"curies":[{"name":"wp","href":"https:\/\/api.w.org\/{rel}","templated":true}]}}