{"id":2220,"date":"2017-07-17T09:55:04","date_gmt":"2017-07-17T14:55:04","guid":{"rendered":"http:\/\/tvalaire.com\/?p=2220"},"modified":"2017-07-17T09:55:04","modified_gmt":"2017-07-17T14:55:04","slug":"la-reconstruccion-del-tejido-social-parte-de-la-politica-publica","status":"publish","type":"post","link":"http:\/\/tvalaire.com\/?p=2220","title":{"rendered":"\u201cLA RECONSTRUCCI\u00d3N DEL TEJIDO SOCIAL, PARTE DE LA POL\u00cdTICA P\u00daBLICA\u201d"},"content":{"rendered":"<p>&nbsp;<\/p>\n<p>Juan Manuel Estrada Medina, presidente municipal, en su funci\u00f3n de contribuir en pro de una poblaci\u00f3n m\u00e1s sana, apoy\u00f3 el 3\u00ba. Congreso Nacional e Internacional de la Estructura de Servicios Generales 4 y 5, A.C., en donde La Piedad fue sede de m\u00e1s de mil representantes de diversos puntos del pa\u00eds.<\/p>\n<p>El Congreso Nacional se lleva a cabo en la Unidad Deportiva \u201cBicentenario\u201d, en donde se realiz\u00f3 el acto inaugural que corri\u00f3 a cargo del director de desarrollo social, Gustavo Andr\u00e9s Mares Alvarado a nombre del alcalde Juan Manuel Estrada Medina, quien destac\u00f3 que parte de la pol\u00edtica p\u00fablica de este gobierno, es apoyar en la reconstrucci\u00f3n del tejido social, mediante diversos esquemas de trabajo con los cuales se generen la cultura de prevenci\u00f3n encaminada a problemas como el alcoholismo, drogadicci\u00f3n, neurosis y psicosis.<\/p>\n<p>A los participantes los invit\u00f3 a escuchar con atenci\u00f3n las ponencias y sobre todo a ser receptivos formando un criterio de raz\u00f3n, creando conciencia en su entorno social y familiar, para combatir de ra\u00edz los estigmas haciendo las cosas con amor.<\/p>\n<p>Les record\u00f3 que querer es poder, por lo que los invit\u00f3 a sacar su fortaleza para que \u00e9sta sea en favor de la salud, tomando en cuenta que todas las experiencias buenas y malas se deben recordar para no volverlas a repetir ni realizar los mismos errores.<\/p>\n<p>El evento que inicio el viernes por la tarde con la bienvenida y hoy con el arranque oficial, se esperaban unas mil 500 personas, de las cuales por la ma\u00f1ana ya hab\u00eda unos mil asistentes de distintos puntos de la rep\u00fablica como Estados de M\u00e9xico, Jalisco, Nuevo Le\u00f3n, Chiapas, Oaxaca, Michoac\u00e1n, incluso hab\u00eda personas del estado de California y New York.<\/p>\n<p>El objetivo de este Congreso, es reafirmar a la estructura como un movimiento de 4 y 5 pasos espec\u00edficos de Alcoh\u00f3licos An\u00f3nimos, a trav\u00e9s del movimiento \u201cAmor y Servicio\u201d. La Estructura de Servicios Generales, nace del grupo AA, aunque la diferencia aqu\u00ed es que adem\u00e1s de tratar con personas con problemas de alcoholismo, tambi\u00e9n hay con problemas de drogadicci\u00f3n, neur\u00f3ticos y enfermos del alma. Adem\u00e1s de que es uno de los grupos de engloba a todas las familias.<\/p>\n<p>&nbsp;<\/p>\n<p><img loading=\"lazy\" decoding=\"async\" class=\"alignnone size-medium wp-image-2222\" src=\"http:\/\/tvalaire.com\/wp-content\/uploads\/2017\/07\/\u201cLA-RECONSTRUCCI\u00d3N-DEL-TEJIDO-SOCIAL-PARTE-DE-LA-POL\u00cdTICA-P\u00daBLICA\u201d2-300x225.jpg\" alt=\"\" width=\"300\" height=\"225\" srcset=\"http:\/\/tvalaire.com\/wp-content\/uploads\/2017\/07\/\u201cLA-RECONSTRUCCI\u00d3N-DEL-TEJIDO-SOCIAL-PARTE-DE-LA-POL\u00cdTICA-P\u00daBLICA\u201d2-300x225.jpg 300w, http:\/\/tvalaire.com\/wp-content\/uploads\/2017\/07\/\u201cLA-RECONSTRUCCI\u00d3N-DEL-TEJIDO-SOCIAL-PARTE-DE-LA-POL\u00cdTICA-P\u00daBLICA\u201d2-768x576.jpg 768w, http:\/\/tvalaire.com\/wp-content\/uploads\/2017\/07\/\u201cLA-RECONSTRUCCI\u00d3N-DEL-TEJIDO-SOCIAL-PARTE-DE-LA-POL\u00cdTICA-P\u00daBLICA\u201d2-1024x768.jpg 1024w, http:\/\/tvalaire.com\/wp-content\/uploads\/2017\/07\/\u201cLA-RECONSTRUCCI\u00d3N-DEL-TEJIDO-SOCIAL-PARTE-DE-LA-POL\u00cdTICA-P\u00daBLICA\u201d2.jpg 2000w\" sizes=\"(max-width: 300px) 100vw, 300px\" \/><\/p>\n","protected":false},"excerpt":{"rendered":"<p>&nbsp; Juan Manuel Estrada Medina, presidente municipal, en su funci\u00f3n de contribuir en pro de&#8230;<\/p>\n","protected":false},"author":1,"featured_media":2221,"comment_status":"open","ping_status":"open","sticky":false,"template":"","format":"standard","meta":{"jetpack_post_was_ever_published":false,"_jetpack_newsletter_access":"","_jetpack_dont_email_post_to_subs":false,"_jetpack_newsletter_tier_id":0,"_jetpack_memberships_contains_paywalled_content":false,"_jetpack_memberships_contains_paid_content":false,"footnotes":"","jetpack_publicize_message":"","jetpack_publicize_feature_enabled":true,"jetpack_social_post_already_shared":false,"jetpack_social_options":{"image_generator_settings":{"template":"highway","enabled":false},"version":2}},"categories":[1,35],"tags":[15,36],"class_list":["post-2220","post","type-post","status-publish","format-standard","has-post-thumbnail","hentry","category-la-piedad","category-principales","tag-la-piedad","tag-principales"],"jetpack_publicize_connections":[],"jetpack_sharing_enabled":true,"featured_image_urls":{"full":["http:\/\/tvalaire.com\/wp-content\/uploads\/2017\/07\/\u201cLA-RECONSTRUCCI\u00d3N-DEL-TEJIDO-SOCIAL-PARTE-DE-LA-POL\u00cdTICA-P\u00daBLICA\u201d.jpg",2000,1500,false],"thumbnail":["http:\/\/tvalaire.com\/wp-content\/uploads\/2017\/07\/\u201cLA-RECONSTRUCCI\u00d3N-DEL-TEJIDO-SOCIAL-PARTE-DE-LA-POL\u00cdTICA-P\u00daBLICA\u201d-150x150.jpg",150,150,true],"medium":["http:\/\/tvalaire.com\/wp-content\/uploads\/2017\/07\/\u201cLA-RECONSTRUCCI\u00d3N-DEL-TEJIDO-SOCIAL-PARTE-DE-LA-POL\u00cdTICA-P\u00daBLICA\u201d-300x225.jpg",300,225,true],"medium_large":["http:\/\/tvalaire.com\/wp-content\/uploads\/2017\/07\/\u201cLA-RECONSTRUCCI\u00d3N-DEL-TEJIDO-SOCIAL-PARTE-DE-LA-POL\u00cdTICA-P\u00daBLICA\u201d-768x576.jpg",640,480,true],"large":["http:\/\/tvalaire.com\/wp-content\/uploads\/2017\/07\/\u201cLA-RECONSTRUCCI\u00d3N-DEL-TEJIDO-SOCIAL-PARTE-DE-LA-POL\u00cdTICA-P\u00daBLICA\u201d-1024x768.jpg",640,480,true],"post-slider-thumb-size":["http:\/\/tvalaire.com\/wp-content\/uploads\/2017\/07\/\u201cLA-RECONSTRUCCI\u00d3N-DEL-TEJIDO-SOCIAL-PARTE-DE-LA-POL\u00cdTICA-P\u00daBLICA\u201d.jpg",253,190,false],"post-category-slider-size":["http:\/\/tvalaire.com\/wp-content\/uploads\/2017\/07\/\u201cLA-RECONSTRUCCI\u00d3N-DEL-TEJIDO-SOCIAL-PARTE-DE-LA-POL\u00cdTICA-P\u00daBLICA\u201d.jpg",330,248,false],"1536x1536":["http:\/\/tvalaire.com\/wp-content\/uploads\/2017\/07\/\u201cLA-RECONSTRUCCI\u00d3N-DEL-TEJIDO-SOCIAL-PARTE-DE-LA-POL\u00cdTICA-P\u00daBLICA\u201d.jpg",1536,1152,false],"2048x2048":["http:\/\/tvalaire.com\/wp-content\/uploads\/2017\/07\/\u201cLA-RECONSTRUCCI\u00d3N-DEL-TEJIDO-SOCIAL-PARTE-DE-LA-POL\u00cdTICA-P\u00daBLICA\u201d.jpg",2000,1500,false],"newsium-slider-full":["http:\/\/tvalaire.com\/wp-content\/uploads\/2017\/07\/\u201cLA-RECONSTRUCCI\u00d3N-DEL-TEJIDO-SOCIAL-PARTE-DE-LA-POL\u00cdTICA-P\u00daBLICA\u201d.jpg",1127,845,false],"newsium-featured":["http:\/\/tvalaire.com\/wp-content\/uploads\/2017\/07\/\u201cLA-RECONSTRUCCI\u00d3N-DEL-TEJIDO-SOCIAL-PARTE-DE-LA-POL\u00cdTICA-P\u00daBLICA\u201d.jpg",1024,768,false],"newsium-medium":["http:\/\/tvalaire.com\/wp-content\/uploads\/2017\/07\/\u201cLA-RECONSTRUCCI\u00d3N-DEL-TEJIDO-SOCIAL-PARTE-DE-LA-POL\u00cdTICA-P\u00daBLICA\u201d.jpg",633,475,false]},"author_info":{"info":["tvalairenoti"]},"category_info":"<a href=\"http:\/\/tvalaire.com\/?cat=1\" rel=\"category\">La Piedad<\/a> <a href=\"http:\/\/tvalaire.com\/?cat=35\" rel=\"category\">Principales<\/a>","tag_info":"Principales","comment_count":"0","jetpack_featured_media_url":"http:\/\/tvalaire.com\/wp-content\/uploads\/2017\/07\/\u201cLA-RECONSTRUCCI\u00d3N-DEL-TEJIDO-SOCIAL-PARTE-DE-LA-POL\u00cdTICA-P\u00daBLICA\u201d.jpg","_links":{"self":[{"href":"http:\/\/tvalaire.com\/index.php?rest_route=\/wp\/v2\/posts\/2220"}],"collection":[{"href":"http:\/\/tvalaire.com\/index.php?rest_route=\/wp\/v2\/posts"}],"about":[{"href":"http:\/\/tvalaire.com\/index.php?rest_route=\/wp\/v2\/types\/post"}],"author":[{"embeddable":true,"href":"http:\/\/tvalaire.com\/index.php?rest_route=\/wp\/v2\/users\/1"}],"replies":[{"embeddable":true,"href":"http:\/\/tvalaire.com\/index.php?rest_route=%2Fwp%2Fv2%2Fcomments&post=2220"}],"version-history":[{"count":1,"href":"http:\/\/tvalaire.com\/index.php?rest_route=\/wp\/v2\/posts\/2220\/revisions"}],"predecessor-version":[{"id":2223,"href":"http:\/\/tvalaire.com\/index.php?rest_route=\/wp\/v2\/posts\/2220\/revisions\/2223"}],"wp:featuredmedia":[{"embeddable":true,"href":"http:\/\/tvalaire.com\/index.php?rest_route=\/wp\/v2\/media\/2221"}],"wp:attachment":[{"href":"http:\/\/tvalaire.com\/index.php?rest_route=%2Fwp%2Fv2%2Fmedia&parent=2220"}],"wp:term":[{"taxonomy":"category","embeddable":true,"href":"http:\/\/tvalaire.com\/index.php?rest_route=%2Fwp%2Fv2%2Fcategories&post=2220"},{"taxonomy":"post_tag","embeddable":true,"href":"http:\/\/tvalaire.com\/index.php?rest_route=%2Fwp%2Fv2%2Ftags&post=2220"}],"curies":[{"name":"wp","href":"https:\/\/api.w.org\/{rel}","templated":true}]}}