{"id":2217,"date":"2017-07-17T09:53:56","date_gmt":"2017-07-17T14:53:56","guid":{"rendered":"http:\/\/tvalaire.com\/?p=2217"},"modified":"2017-07-17T09:53:56","modified_gmt":"2017-07-17T14:53:56","slug":"emprendurismo-y-apoyo-a-las-pymes-temas-que-debe-reunir-el-plan-de-desarrollo-integral","status":"publish","type":"post","link":"http:\/\/tvalaire.com\/?p=2217","title":{"rendered":"EMPRENDURISMO Y APOYO A LAS PYMES TEMAS QUE DEBE REUNIR EL PLAN DE DESARROLLO INTEGRAL"},"content":{"rendered":"<p>&nbsp;<\/p>\n<p>Durante la realizaci\u00f3n de la tercera mesa de trabajo del Consejo Ciudadano para el Desarrollo Integral de La Piedad, autoridades municipales y representantes sociales destacaron la importancia de incluir dentro de este proyecto temas como el del sector agropecuario, el emprendurismo, el apoyo a las peque\u00f1as y medianas empresas, as\u00ed como el impulso al turismo local.<\/p>\n<p>La tercera mesa de trabajo estuvo encabezada por el secretario de H. Ayuntamiento Daniel V\u00e1zquez Zavala; el Asesor de la Subsecretaria del estado de Michoac\u00e1n Alejandro Garc\u00eda, algunos delegados de las comunidades, regidores y el subsecretario de gobernaci\u00f3n del estado Armando Hurtado.<\/p>\n<p>La mesa en esta ocasi\u00f3n se trat\u00f3 de desarrollo econ\u00f3mico y fue presidida por Carlos Estrada director de Promoci\u00f3n Econ\u00f3mica, con el apoyo del titular de Fomento Agropecuario y la coordinadora de Turismo.<\/p>\n<p>Durante el desarrollo, se presentaron los temas y subtemas para dar paso a las opiniones de los asistentes con la finalidad de integrar las propuestas planteadas.<\/p>\n<p>Dentro de los planteamientos que se hicieron se resalt\u00f3 la importancia del sector agropecuario para el municipio, sobre todo en cuanto a cultivos alternativos se refiere; hablaron tambi\u00e9n de la importancia que debe darse al emprendurismo; a las peque\u00f1as y medianas empresas (PYMES) y al sector tur\u00edstico local dentro de esta rama de desarrollo econ\u00f3mico.<\/p>\n<p>Para esto, se dej\u00f3 en claro que si se quiere crecer en esto se necesita hacer promoci\u00f3n y, que la gente se anime a emprender desde hacer un peque\u00f1o negocio, adem\u00e1s de capacitarse sobre las nuevas tecnolog\u00edas.<\/p>\n<p>Se hablo a su vez, sobre la infraestructura que requiere La Piedad para ayude a la econom\u00eda piedadense, como es el caso de la construcci\u00f3n de la Central del Mercado de Abastos; el nuevo aeropuerto de carga, entre otros proyectos que resultar\u00e1n importantes para la poblaci\u00f3n.<\/p>\n<p>Y para poder lograr estos proyectos, se requiere de establecimientos de comida donde se ofrezca calidad y buen servicio, para ello se debe implementar un plan de capacitaci\u00f3n a todos los prestadores de estos negocios.<\/p>\n<p>En cuanto al tema de lo agr\u00edcola, se plante\u00f3 la necesidad de generar un espacio en donde se proliferen insectos benignos, para as\u00ed empujar a consumir lo org\u00e1nico, ya que los insecticidas orillan a que la gente se enferme, por lo tanto, es mejor regresar a lo org\u00e1nico.<\/p>\n<p>Para concluir, el Subsecretario de Gobierno, invit\u00f3 a los piedadenses a la siguiente mesa de trabajo, pues ser\u00e1 a trav\u00e9s del resultado de cada una de ellas como el Gobernador del Estado, podr\u00e1 darse cuenta de las necesidades que hay en esta poblaci\u00f3n.<\/p>\n","protected":false},"excerpt":{"rendered":"<p>&nbsp; Durante la realizaci\u00f3n de la tercera mesa de trabajo del Consejo Ciudadano para el&#8230;<\/p>\n","protected":false},"author":1,"featured_media":2218,"comment_status":"open","ping_status":"open","sticky":false,"template":"","format":"standard","meta":{"jetpack_post_was_ever_published":false,"_jetpack_newsletter_access":"","_jetpack_dont_email_post_to_subs":false,"_jetpack_newsletter_tier_id":0,"_jetpack_memberships_contains_paywalled_content":false,"_jetpack_memberships_contains_paid_content":false,"footnotes":"","jetpack_publicize_message":"","jetpack_publicize_feature_enabled":true,"jetpack_social_post_already_shared":false,"jetpack_social_options":{"image_generator_settings":{"template":"highway","enabled":false},"version":2}},"categories":[1],"tags":[15,36],"class_list":["post-2217","post","type-post","status-publish","format-standard","has-post-thumbnail","hentry","category-la-piedad","tag-la-piedad","tag-principales"],"jetpack_publicize_connections":[],"jetpack_sharing_enabled":true,"featured_image_urls":{"full":["http:\/\/tvalaire.com\/wp-content\/uploads\/2017\/07\/EMPRENDURISMO-Y-APOYO-A-LAS-PYMES-TEMAS-QUE-DEBE-REUNIR-EL-PLAN-DE-DESARROLLO-INTEGRAL3.jpg",1024,683,false],"thumbnail":["http:\/\/tvalaire.com\/wp-content\/uploads\/2017\/07\/EMPRENDURISMO-Y-APOYO-A-LAS-PYMES-TEMAS-QUE-DEBE-REUNIR-EL-PLAN-DE-DESARROLLO-INTEGRAL3-150x150.jpg",150,150,true],"medium":["http:\/\/tvalaire.com\/wp-content\/uploads\/2017\/07\/EMPRENDURISMO-Y-APOYO-A-LAS-PYMES-TEMAS-QUE-DEBE-REUNIR-EL-PLAN-DE-DESARROLLO-INTEGRAL3-300x200.jpg",300,200,true],"medium_large":["http:\/\/tvalaire.com\/wp-content\/uploads\/2017\/07\/EMPRENDURISMO-Y-APOYO-A-LAS-PYMES-TEMAS-QUE-DEBE-REUNIR-EL-PLAN-DE-DESARROLLO-INTEGRAL3-768x512.jpg",640,427,true],"large":["http:\/\/tvalaire.com\/wp-content\/uploads\/2017\/07\/EMPRENDURISMO-Y-APOYO-A-LAS-PYMES-TEMAS-QUE-DEBE-REUNIR-EL-PLAN-DE-DESARROLLO-INTEGRAL3-1024x683.jpg",640,427,true],"post-slider-thumb-size":["http:\/\/tvalaire.com\/wp-content\/uploads\/2017\/07\/EMPRENDURISMO-Y-APOYO-A-LAS-PYMES-TEMAS-QUE-DEBE-REUNIR-EL-PLAN-DE-DESARROLLO-INTEGRAL3.jpg",285,190,false],"post-category-slider-size":["http:\/\/tvalaire.com\/wp-content\/uploads\/2017\/07\/EMPRENDURISMO-Y-APOYO-A-LAS-PYMES-TEMAS-QUE-DEBE-REUNIR-EL-PLAN-DE-DESARROLLO-INTEGRAL3.jpg",330,220,false],"1536x1536":["http:\/\/tvalaire.com\/wp-content\/uploads\/2017\/07\/EMPRENDURISMO-Y-APOYO-A-LAS-PYMES-TEMAS-QUE-DEBE-REUNIR-EL-PLAN-DE-DESARROLLO-INTEGRAL3.jpg",1024,683,false],"2048x2048":["http:\/\/tvalaire.com\/wp-content\/uploads\/2017\/07\/EMPRENDURISMO-Y-APOYO-A-LAS-PYMES-TEMAS-QUE-DEBE-REUNIR-EL-PLAN-DE-DESARROLLO-INTEGRAL3.jpg",1024,683,false],"newsium-slider-full":["http:\/\/tvalaire.com\/wp-content\/uploads\/2017\/07\/EMPRENDURISMO-Y-APOYO-A-LAS-PYMES-TEMAS-QUE-DEBE-REUNIR-EL-PLAN-DE-DESARROLLO-INTEGRAL3.jpg",1024,683,false],"newsium-featured":["http:\/\/tvalaire.com\/wp-content\/uploads\/2017\/07\/EMPRENDURISMO-Y-APOYO-A-LAS-PYMES-TEMAS-QUE-DEBE-REUNIR-EL-PLAN-DE-DESARROLLO-INTEGRAL3.jpg",1024,683,false],"newsium-medium":["http:\/\/tvalaire.com\/wp-content\/uploads\/2017\/07\/EMPRENDURISMO-Y-APOYO-A-LAS-PYMES-TEMAS-QUE-DEBE-REUNIR-EL-PLAN-DE-DESARROLLO-INTEGRAL3.jpg",712,475,false]},"author_info":{"info":["tvalairenoti"]},"category_info":"<a href=\"http:\/\/tvalaire.com\/?cat=1\" rel=\"category\">La Piedad<\/a>","tag_info":"La Piedad","comment_count":"0","jetpack_featured_media_url":"http:\/\/tvalaire.com\/wp-content\/uploads\/2017\/07\/EMPRENDURISMO-Y-APOYO-A-LAS-PYMES-TEMAS-QUE-DEBE-REUNIR-EL-PLAN-DE-DESARROLLO-INTEGRAL3.jpg","_links":{"self":[{"href":"http:\/\/tvalaire.com\/index.php?rest_route=\/wp\/v2\/posts\/2217"}],"collection":[{"href":"http:\/\/tvalaire.com\/index.php?rest_route=\/wp\/v2\/posts"}],"about":[{"href":"http:\/\/tvalaire.com\/index.php?rest_route=\/wp\/v2\/types\/post"}],"author":[{"embeddable":true,"href":"http:\/\/tvalaire.com\/index.php?rest_route=\/wp\/v2\/users\/1"}],"replies":[{"embeddable":true,"href":"http:\/\/tvalaire.com\/index.php?rest_route=%2Fwp%2Fv2%2Fcomments&post=2217"}],"version-history":[{"count":1,"href":"http:\/\/tvalaire.com\/index.php?rest_route=\/wp\/v2\/posts\/2217\/revisions"}],"predecessor-version":[{"id":2219,"href":"http:\/\/tvalaire.com\/index.php?rest_route=\/wp\/v2\/posts\/2217\/revisions\/2219"}],"wp:featuredmedia":[{"embeddable":true,"href":"http:\/\/tvalaire.com\/index.php?rest_route=\/wp\/v2\/media\/2218"}],"wp:attachment":[{"href":"http:\/\/tvalaire.com\/index.php?rest_route=%2Fwp%2Fv2%2Fmedia&parent=2217"}],"wp:term":[{"taxonomy":"category","embeddable":true,"href":"http:\/\/tvalaire.com\/index.php?rest_route=%2Fwp%2Fv2%2Fcategories&post=2217"},{"taxonomy":"post_tag","embeddable":true,"href":"http:\/\/tvalaire.com\/index.php?rest_route=%2Fwp%2Fv2%2Ftags&post=2217"}],"curies":[{"name":"wp","href":"https:\/\/api.w.org\/{rel}","templated":true}]}}