{"id":2205,"date":"2017-07-10T10:43:25","date_gmt":"2017-07-10T15:43:25","guid":{"rendered":"http:\/\/tvalaire.com\/?p=2205"},"modified":"2017-07-10T10:43:25","modified_gmt":"2017-07-10T15:43:25","slug":"mil-200-participantes-en-la-carrera-de-colores-por-los-valores-la-piedad-2017","status":"publish","type":"post","link":"http:\/\/tvalaire.com\/?p=2205","title":{"rendered":"MIL 200 PARTICIPANTES EN LA CARRERA DE COLORES POR LOS VALORES LA PIEDAD 2017"},"content":{"rendered":"<p>En un gran ambiente familiar y colorido, se llev\u00f3 a cabo \u201cla carrera de colores por los valores\u201d, en la cual se cont\u00f3 con la participaci\u00f3n de mil 200 asistentes de toda la regi\u00f3n con inscripci\u00f3n y se rebasan los 2 mil participantes contando a los que no alcanzaron inscripci\u00f3n, quienes corrieron con el fin de promover y reforzar valores como el de la amistad, compa\u00f1erismo, tolerancia, solidaridad y respeto a los dem\u00e1s.<\/p>\n<p>&nbsp;<\/p>\n<p>El evento que estuvo encabezado por el alcalde Juan Manuel Estrada Medina; la conductora de Tv Azteca, Tania Rinc\u00f3n; las reinas de las Fiestas Patrias y de la Preparatorias; el s\u00edndico Nicol\u00e1s Hermosillo Garc\u00eda y regidores del Ayuntamiento, tuvo lugar en el \u00e1rea de estacionamiento de Galer\u00edas del R\u00edo en donde se habilit\u00f3 un estrado para que autoridades municipales, organizadores y animadores realizaran antes el calentamiento.<\/p>\n<p>&nbsp;<\/p>\n<p>La organizaci\u00f3n de este que fue uno de los eventos m\u00e1s tumultuosos y participativos de este rubro, fue organizado por el Gobierno Municipal a trav\u00e9s de la direcci\u00f3n de Deportes y Luis Pulido, representante de la promotora de la Liga Diamante de Zamora.<\/p>\n<p>El toque especial que incluy\u00f3 fue la lluvia de colores, rosa, morado, amarillo, blanco y azul, los cuales representaban un valor importante de los muchos que autoridades consideran, se deben reforzar, como el compa\u00f1erismo, amistad, tolerancia, respeto.<\/p>\n<p>&nbsp;<\/p>\n<p>Luego del calentamiento en el que tambi\u00e9n participaron autoridades municipales encabezadas por el alcalde Juan Manuel Estrada Medina continuaron con el circuito del recorrido fue de 4.3 kil\u00f3metros y parti\u00f3 del estacionamiento de la plaza Galer\u00edas del R\u00edo y continu\u00f3 por la avenida Michoac\u00e1n para retomar la avenida Juan Pablo II hasta llegar al bulevar L\u00e1zaro C\u00e1rdenas y retornar de nueva cuenta por la avenida Michoac\u00e1n hasta el Centro Comercial en donde a su llegada habr\u00e1 un show tambi\u00e9n deportivo.<\/p>\n<p>Durante la carrera hubo dos categor\u00edas la infantil (varonil y femenil) en la que participaron ni\u00f1os de 6 a 12 a\u00f1os de edad y la libre varonil y femenil.<\/p>\n<p>De la cual, los ganadores fueron los siguientes:<\/p>\n<p>&nbsp;<\/p>\n<p>Categor\u00eda Infantil fase varonil<\/p>\n<ul>\n<li>Primer lugar, Jes\u00fas Eduardo Galv\u00e1n<\/li>\n<li>Segundo lugar, Ra\u00fal Anguiano Gonz\u00e1lez<\/li>\n<li>Tercer lugar Carlos Jes\u00fas Rinc\u00f3n<\/li>\n<\/ul>\n<p>Categor\u00eda Infantil fase femenil<\/p>\n<ul>\n<li>Primer lugar, Diana Laura Islas Garc\u00eda<\/li>\n<li>Segundo lugar, Mariana Ortiz S\u00e1nchez<\/li>\n<li>Tercer lugar, Clara Guardado<\/li>\n<\/ul>\n<p>Categor\u00eda Libre<\/p>\n<ul>\n<li>Primer lugar, Mar\u00eda Guill\u00e9n<\/li>\n<li>Segundo lugar, Martha Meza<\/li>\n<li>Tercer lugar, Cristina Mosqueda<\/li>\n<\/ul>\n<p>Categor\u00eda Libre Varonil<\/p>\n<ul>\n<li>Primer lugar, Jos\u00e9 Gonz\u00e1lez P\u00e9rez<\/li>\n<li>Segundo lugar, Marcos Curiel<\/li>\n<li>Tercer lugar, Al\u00e1n Mill\u00e1n<\/li>\n<li><\/li>\n<\/ul>\n<p>El registro de los participantes se llev\u00f3 a cabo desde las 08:30 horas y la carrera comenz\u00f3 poco despu\u00e9s de las 9 de la ma\u00f1ana. Los ganadores recibieron premio econ\u00f3mico por su participaci\u00f3n, as\u00ed como varios premios que fueron entregados a ellos y a los asistentes de parte de las empresas que patrocinaron el evento.<\/p>\n<p>&nbsp;<\/p>\n<p><img loading=\"lazy\" decoding=\"async\" class=\"alignnone size-medium wp-image-2210\" src=\"http:\/\/tvalaire.com\/wp-content\/uploads\/2017\/07\/MIL-200-PARTICIPANTES-EN-LA-CARRERA-DE-COLORES-POR-LOS-VALORES-LA-PIEDAD-20175-300x201.jpg\" alt=\"\" width=\"300\" height=\"201\" srcset=\"http:\/\/tvalaire.com\/wp-content\/uploads\/2017\/07\/MIL-200-PARTICIPANTES-EN-LA-CARRERA-DE-COLORES-POR-LOS-VALORES-LA-PIEDAD-20175-300x201.jpg 300w, http:\/\/tvalaire.com\/wp-content\/uploads\/2017\/07\/MIL-200-PARTICIPANTES-EN-LA-CARRERA-DE-COLORES-POR-LOS-VALORES-LA-PIEDAD-20175-768x514.jpg 768w, http:\/\/tvalaire.com\/wp-content\/uploads\/2017\/07\/MIL-200-PARTICIPANTES-EN-LA-CARRERA-DE-COLORES-POR-LOS-VALORES-LA-PIEDAD-20175.jpg 883w\" sizes=\"(max-width: 300px) 100vw, 300px\" \/><\/p>\n<p><img loading=\"lazy\" decoding=\"async\" class=\"alignnone size-medium wp-image-2209\" src=\"http:\/\/tvalaire.com\/wp-content\/uploads\/2017\/07\/MIL-200-PARTICIPANTES-EN-LA-CARRERA-DE-COLORES-POR-LOS-VALORES-LA-PIEDAD-20174-300x201.jpg\" alt=\"\" width=\"300\" height=\"201\" srcset=\"http:\/\/tvalaire.com\/wp-content\/uploads\/2017\/07\/MIL-200-PARTICIPANTES-EN-LA-CARRERA-DE-COLORES-POR-LOS-VALORES-LA-PIEDAD-20174-300x201.jpg 300w, http:\/\/tvalaire.com\/wp-content\/uploads\/2017\/07\/MIL-200-PARTICIPANTES-EN-LA-CARRERA-DE-COLORES-POR-LOS-VALORES-LA-PIEDAD-20174-768x514.jpg 768w, http:\/\/tvalaire.com\/wp-content\/uploads\/2017\/07\/MIL-200-PARTICIPANTES-EN-LA-CARRERA-DE-COLORES-POR-LOS-VALORES-LA-PIEDAD-20174.jpg 883w\" sizes=\"(max-width: 300px) 100vw, 300px\" \/><\/p>\n<p><img loading=\"lazy\" decoding=\"async\" class=\"alignnone size-medium wp-image-2208\" src=\"http:\/\/tvalaire.com\/wp-content\/uploads\/2017\/07\/MIL-200-PARTICIPANTES-EN-LA-CARRERA-DE-COLORES-POR-LOS-VALORES-LA-PIEDAD-20173-300x201.jpg\" alt=\"\" width=\"300\" height=\"201\" srcset=\"http:\/\/tvalaire.com\/wp-content\/uploads\/2017\/07\/MIL-200-PARTICIPANTES-EN-LA-CARRERA-DE-COLORES-POR-LOS-VALORES-LA-PIEDAD-20173-300x201.jpg 300w, http:\/\/tvalaire.com\/wp-content\/uploads\/2017\/07\/MIL-200-PARTICIPANTES-EN-LA-CARRERA-DE-COLORES-POR-LOS-VALORES-LA-PIEDAD-20173-768x514.jpg 768w, http:\/\/tvalaire.com\/wp-content\/uploads\/2017\/07\/MIL-200-PARTICIPANTES-EN-LA-CARRERA-DE-COLORES-POR-LOS-VALORES-LA-PIEDAD-20173.jpg 883w\" sizes=\"(max-width: 300px) 100vw, 300px\" \/><\/p>\n<p><img loading=\"lazy\" decoding=\"async\" class=\"alignnone size-medium wp-image-2206\" src=\"http:\/\/tvalaire.com\/wp-content\/uploads\/2017\/07\/MIL-200-PARTICIPANTES-EN-LA-CARRERA-DE-COLORES-POR-LOS-VALORES-LA-PIEDAD-2017-300x201.jpg\" alt=\"\" width=\"300\" height=\"201\" srcset=\"http:\/\/tvalaire.com\/wp-content\/uploads\/2017\/07\/MIL-200-PARTICIPANTES-EN-LA-CARRERA-DE-COLORES-POR-LOS-VALORES-LA-PIEDAD-2017-300x201.jpg 300w, http:\/\/tvalaire.com\/wp-content\/uploads\/2017\/07\/MIL-200-PARTICIPANTES-EN-LA-CARRERA-DE-COLORES-POR-LOS-VALORES-LA-PIEDAD-2017-768x514.jpg 768w, http:\/\/tvalaire.com\/wp-content\/uploads\/2017\/07\/MIL-200-PARTICIPANTES-EN-LA-CARRERA-DE-COLORES-POR-LOS-VALORES-LA-PIEDAD-2017.jpg 883w\" sizes=\"(max-width: 300px) 100vw, 300px\" \/><\/p>\n","protected":false},"excerpt":{"rendered":"<p>En un gran ambiente familiar y colorido, se llev\u00f3 a cabo \u201cla carrera de colores&#8230;<\/p>\n","protected":false},"author":1,"featured_media":2207,"comment_status":"open","ping_status":"open","sticky":false,"template":"","format":"standard","meta":{"jetpack_post_was_ever_published":false,"_jetpack_newsletter_access":"","_jetpack_dont_email_post_to_subs":false,"_jetpack_newsletter_tier_id":0,"_jetpack_memberships_contains_paywalled_content":false,"_jetpack_memberships_contains_paid_content":false,"footnotes":"","jetpack_publicize_message":"","jetpack_publicize_feature_enabled":true,"jetpack_social_post_already_shared":false,"jetpack_social_options":{"image_generator_settings":{"template":"highway","enabled":false},"version":2}},"categories":[1,35],"tags":[15,36],"class_list":["post-2205","post","type-post","status-publish","format-standard","has-post-thumbnail","hentry","category-la-piedad","category-principales","tag-la-piedad","tag-principales"],"jetpack_publicize_connections":[],"jetpack_sharing_enabled":true,"featured_image_urls":{"full":["http:\/\/tvalaire.com\/wp-content\/uploads\/2017\/07\/MIL-200-PARTICIPANTES-EN-LA-CARRERA-DE-COLORES-POR-LOS-VALORES-LA-PIEDAD-20172.jpg",883,591,false],"thumbnail":["http:\/\/tvalaire.com\/wp-content\/uploads\/2017\/07\/MIL-200-PARTICIPANTES-EN-LA-CARRERA-DE-COLORES-POR-LOS-VALORES-LA-PIEDAD-20172-150x150.jpg",150,150,true],"medium":["http:\/\/tvalaire.com\/wp-content\/uploads\/2017\/07\/MIL-200-PARTICIPANTES-EN-LA-CARRERA-DE-COLORES-POR-LOS-VALORES-LA-PIEDAD-20172-300x201.jpg",300,201,true],"medium_large":["http:\/\/tvalaire.com\/wp-content\/uploads\/2017\/07\/MIL-200-PARTICIPANTES-EN-LA-CARRERA-DE-COLORES-POR-LOS-VALORES-LA-PIEDAD-20172-768x514.jpg",640,428,true],"large":["http:\/\/tvalaire.com\/wp-content\/uploads\/2017\/07\/MIL-200-PARTICIPANTES-EN-LA-CARRERA-DE-COLORES-POR-LOS-VALORES-LA-PIEDAD-20172.jpg",640,428,false],"post-slider-thumb-size":["http:\/\/tvalaire.com\/wp-content\/uploads\/2017\/07\/MIL-200-PARTICIPANTES-EN-LA-CARRERA-DE-COLORES-POR-LOS-VALORES-LA-PIEDAD-20172.jpg",284,190,false],"post-category-slider-size":["http:\/\/tvalaire.com\/wp-content\/uploads\/2017\/07\/MIL-200-PARTICIPANTES-EN-LA-CARRERA-DE-COLORES-POR-LOS-VALORES-LA-PIEDAD-20172.jpg",330,221,false],"1536x1536":["http:\/\/tvalaire.com\/wp-content\/uploads\/2017\/07\/MIL-200-PARTICIPANTES-EN-LA-CARRERA-DE-COLORES-POR-LOS-VALORES-LA-PIEDAD-20172.jpg",883,591,false],"2048x2048":["http:\/\/tvalaire.com\/wp-content\/uploads\/2017\/07\/MIL-200-PARTICIPANTES-EN-LA-CARRERA-DE-COLORES-POR-LOS-VALORES-LA-PIEDAD-20172.jpg",883,591,false],"newsium-slider-full":["http:\/\/tvalaire.com\/wp-content\/uploads\/2017\/07\/MIL-200-PARTICIPANTES-EN-LA-CARRERA-DE-COLORES-POR-LOS-VALORES-LA-PIEDAD-20172.jpg",883,591,false],"newsium-featured":["http:\/\/tvalaire.com\/wp-content\/uploads\/2017\/07\/MIL-200-PARTICIPANTES-EN-LA-CARRERA-DE-COLORES-POR-LOS-VALORES-LA-PIEDAD-20172.jpg",883,591,false],"newsium-medium":["http:\/\/tvalaire.com\/wp-content\/uploads\/2017\/07\/MIL-200-PARTICIPANTES-EN-LA-CARRERA-DE-COLORES-POR-LOS-VALORES-LA-PIEDAD-20172.jpg",710,475,false]},"author_info":{"info":["tvalairenoti"]},"category_info":"<a href=\"http:\/\/tvalaire.com\/?cat=1\" rel=\"category\">La Piedad<\/a> <a href=\"http:\/\/tvalaire.com\/?cat=35\" rel=\"category\">Principales<\/a>","tag_info":"Principales","comment_count":"0","jetpack_featured_media_url":"http:\/\/tvalaire.com\/wp-content\/uploads\/2017\/07\/MIL-200-PARTICIPANTES-EN-LA-CARRERA-DE-COLORES-POR-LOS-VALORES-LA-PIEDAD-20172.jpg","_links":{"self":[{"href":"http:\/\/tvalaire.com\/index.php?rest_route=\/wp\/v2\/posts\/2205"}],"collection":[{"href":"http:\/\/tvalaire.com\/index.php?rest_route=\/wp\/v2\/posts"}],"about":[{"href":"http:\/\/tvalaire.com\/index.php?rest_route=\/wp\/v2\/types\/post"}],"author":[{"embeddable":true,"href":"http:\/\/tvalaire.com\/index.php?rest_route=\/wp\/v2\/users\/1"}],"replies":[{"embeddable":true,"href":"http:\/\/tvalaire.com\/index.php?rest_route=%2Fwp%2Fv2%2Fcomments&post=2205"}],"version-history":[{"count":1,"href":"http:\/\/tvalaire.com\/index.php?rest_route=\/wp\/v2\/posts\/2205\/revisions"}],"predecessor-version":[{"id":2211,"href":"http:\/\/tvalaire.com\/index.php?rest_route=\/wp\/v2\/posts\/2205\/revisions\/2211"}],"wp:featuredmedia":[{"embeddable":true,"href":"http:\/\/tvalaire.com\/index.php?rest_route=\/wp\/v2\/media\/2207"}],"wp:attachment":[{"href":"http:\/\/tvalaire.com\/index.php?rest_route=%2Fwp%2Fv2%2Fmedia&parent=2205"}],"wp:term":[{"taxonomy":"category","embeddable":true,"href":"http:\/\/tvalaire.com\/index.php?rest_route=%2Fwp%2Fv2%2Fcategories&post=2205"},{"taxonomy":"post_tag","embeddable":true,"href":"http:\/\/tvalaire.com\/index.php?rest_route=%2Fwp%2Fv2%2Ftags&post=2205"}],"curies":[{"name":"wp","href":"https:\/\/api.w.org\/{rel}","templated":true}]}}