{"id":2191,"date":"2017-07-07T09:43:44","date_gmt":"2017-07-07T14:43:44","guid":{"rendered":"http:\/\/tvalaire.com\/?p=2191"},"modified":"2017-07-07T09:43:44","modified_gmt":"2017-07-07T14:43:44","slug":"victor-vazquez-contribuye-en-la-economia-de-las-familias","status":"publish","type":"post","link":"http:\/\/tvalaire.com\/?p=2191","title":{"rendered":"V\u00cdCTOR V\u00c1ZQUEZ CONTRIBUYE EN LA ECONOM\u00cdA DE LAS FAMILIAS"},"content":{"rendered":"<p>Con el objetivo de apoyar en la econom\u00eda de las familias a trav\u00e9s de buscar alternativas que logren dicho fin, el Presidente Municipal V\u00edctor V\u00e1zquez contin\u00faa con el programa de tinacos reforzados, los cuales tienen un costo de mil 350 pesos cada uno y mil 250 pesos el sencillo, beneficiando hasta la fecha a 125 familias.<\/p>\n<p>En dicho programa las familias se ahorran hasta el 40 % en estos tinacos, de acuerdo al precio comercial, enfatiz\u00f3 V\u00edctor V\u00e1zquez, adem\u00e1s de que \u201cnosotros como municipio tenemos que buscar las alternativas a las necesidades que tiene la gente, al igual que este programa tenemos otros programas como es el de las l\u00e1minas a mitad de precio, tambi\u00e9n el mortero y cemento a bajo costo, con ello igualmente reactivamos el ramo de la construcci\u00f3n\u201d.<\/p>\n<p>&nbsp;<\/p>\n<p><img loading=\"lazy\" decoding=\"async\" class=\"alignnone size-medium wp-image-2193\" src=\"http:\/\/tvalaire.com\/wp-content\/uploads\/2017\/07\/V\u00cdCTOR-V\u00c1ZQUEZ-CONTRIBUYE-EN-LA-ECONOM\u00cdA-DE-LAS-FAMILIAS-2-300x199.jpg\" alt=\"\" width=\"300\" height=\"199\" srcset=\"http:\/\/tvalaire.com\/wp-content\/uploads\/2017\/07\/V\u00cdCTOR-V\u00c1ZQUEZ-CONTRIBUYE-EN-LA-ECONOM\u00cdA-DE-LAS-FAMILIAS-2-300x199.jpg 300w, http:\/\/tvalaire.com\/wp-content\/uploads\/2017\/07\/V\u00cdCTOR-V\u00c1ZQUEZ-CONTRIBUYE-EN-LA-ECONOM\u00cdA-DE-LAS-FAMILIAS-2-768x509.jpg 768w, http:\/\/tvalaire.com\/wp-content\/uploads\/2017\/07\/V\u00cdCTOR-V\u00c1ZQUEZ-CONTRIBUYE-EN-LA-ECONOM\u00cdA-DE-LAS-FAMILIAS-2-1024x678.jpg 1024w, http:\/\/tvalaire.com\/wp-content\/uploads\/2017\/07\/V\u00cdCTOR-V\u00c1ZQUEZ-CONTRIBUYE-EN-LA-ECONOM\u00cdA-DE-LAS-FAMILIAS-2.jpg 2048w\" sizes=\"(max-width: 300px) 100vw, 300px\" \/><\/p>\n<p><img loading=\"lazy\" decoding=\"async\" class=\"alignnone size-medium wp-image-2192\" src=\"http:\/\/tvalaire.com\/wp-content\/uploads\/2017\/07\/V\u00cdCTOR-V\u00c1ZQUEZ-CONTRIBUYE-EN-LA-ECONOM\u00cdA-DE-LAS-FAMILIAS-1-300x199.jpg\" alt=\"\" width=\"300\" height=\"199\" srcset=\"http:\/\/tvalaire.com\/wp-content\/uploads\/2017\/07\/V\u00cdCTOR-V\u00c1ZQUEZ-CONTRIBUYE-EN-LA-ECONOM\u00cdA-DE-LAS-FAMILIAS-1-300x199.jpg 300w, http:\/\/tvalaire.com\/wp-content\/uploads\/2017\/07\/V\u00cdCTOR-V\u00c1ZQUEZ-CONTRIBUYE-EN-LA-ECONOM\u00cdA-DE-LAS-FAMILIAS-1-768x509.jpg 768w, http:\/\/tvalaire.com\/wp-content\/uploads\/2017\/07\/V\u00cdCTOR-V\u00c1ZQUEZ-CONTRIBUYE-EN-LA-ECONOM\u00cdA-DE-LAS-FAMILIAS-1-1024x678.jpg 1024w, http:\/\/tvalaire.com\/wp-content\/uploads\/2017\/07\/V\u00cdCTOR-V\u00c1ZQUEZ-CONTRIBUYE-EN-LA-ECONOM\u00cdA-DE-LAS-FAMILIAS-1.jpg 2048w\" sizes=\"(max-width: 300px) 100vw, 300px\" \/><\/p>\n","protected":false},"excerpt":{"rendered":"<p>Con el objetivo de apoyar en la econom\u00eda de las familias a trav\u00e9s de buscar&#8230;<\/p>\n","protected":false},"author":1,"featured_media":2194,"comment_status":"open","ping_status":"open","sticky":false,"template":"","format":"standard","meta":{"jetpack_post_was_ever_published":false,"_jetpack_newsletter_access":"","_jetpack_dont_email_post_to_subs":false,"_jetpack_newsletter_tier_id":0,"_jetpack_memberships_contains_paywalled_content":false,"_jetpack_memberships_contains_paid_content":false,"footnotes":"","jetpack_publicize_message":"","jetpack_publicize_feature_enabled":true,"jetpack_social_post_already_shared":false,"jetpack_social_options":{"image_generator_settings":{"template":"highway","enabled":false},"version":2}},"categories":[4],"tags":[36,24],"class_list":["post-2191","post","type-post","status-publish","format-standard","has-post-thumbnail","hentry","category-puruandiro","tag-principales","tag-puruandiro"],"jetpack_publicize_connections":[],"jetpack_sharing_enabled":true,"featured_image_urls":{"full":["http:\/\/tvalaire.com\/wp-content\/uploads\/2017\/07\/V\u00cdCTOR-V\u00c1ZQUEZ-CONTRIBUYE-EN-LA-ECONOM\u00cdA-DE-LAS-FAMILIAS-3.jpg",2048,1356,false],"thumbnail":["http:\/\/tvalaire.com\/wp-content\/uploads\/2017\/07\/V\u00cdCTOR-V\u00c1ZQUEZ-CONTRIBUYE-EN-LA-ECONOM\u00cdA-DE-LAS-FAMILIAS-3-150x150.jpg",150,150,true],"medium":["http:\/\/tvalaire.com\/wp-content\/uploads\/2017\/07\/V\u00cdCTOR-V\u00c1ZQUEZ-CONTRIBUYE-EN-LA-ECONOM\u00cdA-DE-LAS-FAMILIAS-3-300x199.jpg",300,199,true],"medium_large":["http:\/\/tvalaire.com\/wp-content\/uploads\/2017\/07\/V\u00cdCTOR-V\u00c1ZQUEZ-CONTRIBUYE-EN-LA-ECONOM\u00cdA-DE-LAS-FAMILIAS-3-768x509.jpg",640,424,true],"large":["http:\/\/tvalaire.com\/wp-content\/uploads\/2017\/07\/V\u00cdCTOR-V\u00c1ZQUEZ-CONTRIBUYE-EN-LA-ECONOM\u00cdA-DE-LAS-FAMILIAS-3-1024x678.jpg",640,424,true],"post-slider-thumb-size":["http:\/\/tvalaire.com\/wp-content\/uploads\/2017\/07\/V\u00cdCTOR-V\u00c1ZQUEZ-CONTRIBUYE-EN-LA-ECONOM\u00cdA-DE-LAS-FAMILIAS-3.jpg",287,190,false],"post-category-slider-size":["http:\/\/tvalaire.com\/wp-content\/uploads\/2017\/07\/V\u00cdCTOR-V\u00c1ZQUEZ-CONTRIBUYE-EN-LA-ECONOM\u00cdA-DE-LAS-FAMILIAS-3.jpg",330,218,false],"1536x1536":["http:\/\/tvalaire.com\/wp-content\/uploads\/2017\/07\/V\u00cdCTOR-V\u00c1ZQUEZ-CONTRIBUYE-EN-LA-ECONOM\u00cdA-DE-LAS-FAMILIAS-3.jpg",1536,1017,false],"2048x2048":["http:\/\/tvalaire.com\/wp-content\/uploads\/2017\/07\/V\u00cdCTOR-V\u00c1ZQUEZ-CONTRIBUYE-EN-LA-ECONOM\u00cdA-DE-LAS-FAMILIAS-3.jpg",2048,1356,false],"newsium-slider-full":["http:\/\/tvalaire.com\/wp-content\/uploads\/2017\/07\/V\u00cdCTOR-V\u00c1ZQUEZ-CONTRIBUYE-EN-LA-ECONOM\u00cdA-DE-LAS-FAMILIAS-3.jpg",1276,845,false],"newsium-featured":["http:\/\/tvalaire.com\/wp-content\/uploads\/2017\/07\/V\u00cdCTOR-V\u00c1ZQUEZ-CONTRIBUYE-EN-LA-ECONOM\u00cdA-DE-LAS-FAMILIAS-3.jpg",1024,678,false],"newsium-medium":["http:\/\/tvalaire.com\/wp-content\/uploads\/2017\/07\/V\u00cdCTOR-V\u00c1ZQUEZ-CONTRIBUYE-EN-LA-ECONOM\u00cdA-DE-LAS-FAMILIAS-3.jpg",717,475,false]},"author_info":{"info":["tvalairenoti"]},"category_info":"<a href=\"http:\/\/tvalaire.com\/?cat=4\" rel=\"category\">Puru\u00e1ndiro<\/a>","tag_info":"Puru\u00e1ndiro","comment_count":"0","jetpack_featured_media_url":"http:\/\/tvalaire.com\/wp-content\/uploads\/2017\/07\/V\u00cdCTOR-V\u00c1ZQUEZ-CONTRIBUYE-EN-LA-ECONOM\u00cdA-DE-LAS-FAMILIAS-3.jpg","_links":{"self":[{"href":"http:\/\/tvalaire.com\/index.php?rest_route=\/wp\/v2\/posts\/2191"}],"collection":[{"href":"http:\/\/tvalaire.com\/index.php?rest_route=\/wp\/v2\/posts"}],"about":[{"href":"http:\/\/tvalaire.com\/index.php?rest_route=\/wp\/v2\/types\/post"}],"author":[{"embeddable":true,"href":"http:\/\/tvalaire.com\/index.php?rest_route=\/wp\/v2\/users\/1"}],"replies":[{"embeddable":true,"href":"http:\/\/tvalaire.com\/index.php?rest_route=%2Fwp%2Fv2%2Fcomments&post=2191"}],"version-history":[{"count":1,"href":"http:\/\/tvalaire.com\/index.php?rest_route=\/wp\/v2\/posts\/2191\/revisions"}],"predecessor-version":[{"id":2195,"href":"http:\/\/tvalaire.com\/index.php?rest_route=\/wp\/v2\/posts\/2191\/revisions\/2195"}],"wp:featuredmedia":[{"embeddable":true,"href":"http:\/\/tvalaire.com\/index.php?rest_route=\/wp\/v2\/media\/2194"}],"wp:attachment":[{"href":"http:\/\/tvalaire.com\/index.php?rest_route=%2Fwp%2Fv2%2Fmedia&parent=2191"}],"wp:term":[{"taxonomy":"category","embeddable":true,"href":"http:\/\/tvalaire.com\/index.php?rest_route=%2Fwp%2Fv2%2Fcategories&post=2191"},{"taxonomy":"post_tag","embeddable":true,"href":"http:\/\/tvalaire.com\/index.php?rest_route=%2Fwp%2Fv2%2Ftags&post=2191"}],"curies":[{"name":"wp","href":"https:\/\/api.w.org\/{rel}","templated":true}]}}