{"id":2183,"date":"2017-07-07T09:39:02","date_gmt":"2017-07-07T14:39:02","guid":{"rendered":"http:\/\/tvalaire.com\/?p=2183"},"modified":"2017-07-07T09:39:02","modified_gmt":"2017-07-07T14:39:02","slug":"este-viernes-abren-inscripciones-a-cursos-de-verano-en-los-centros-comunitarios","status":"publish","type":"post","link":"http:\/\/tvalaire.com\/?p=2183","title":{"rendered":"ESTE VIERNES ABREN INSCRIPCIONES A CURSOS DE VERANO EN LOS CENTROS COMUNITARIOS"},"content":{"rendered":"<p>En atenci\u00f3n a contribuir con la comunidad estudiantes que estar\u00e1n de vacaciones por finalizar este ciclo escolar el alcalde Juan Manuel Estrada Medina hace\u00a0 una invitaci\u00f3n a los padres de familia para que inscriban a sus hijos en los cursos de verano que se impartir\u00e1n en los centros comunitarios del municipio en este periodo vacacional.<\/p>\n<p>&nbsp;<\/p>\n<p>A partir de este viernes 7 de julio, el Gobierno Municipal a trav\u00e9s de la direcci\u00f3n de Desarrollo Social abrir\u00e1 el periodo de inscripciones a los cursos de verano que se desarrollar\u00e1n en los cuatro centros comunitarios con los que se cuenta en La Piedad en las colonias como Vasco de Quiroga, Delta, Laureles y Santa Fe.<\/p>\n<p>&nbsp;<\/p>\n<p>Las inscripciones se realizar\u00e1n en cada centro de desarrollo comunitario a partir de este viernes y ser\u00e1n sin costo alguno.Los cursos ser\u00e1n sobre manualidades y retroalimentaci\u00f3n de materias b\u00e1sicas como matem\u00e1ticas, espa\u00f1ol entre otras y estar\u00e1n dirigidos a ni\u00f1os en edad escolar de los 6 a los 12 a\u00f1os.<\/p>\n<p>&nbsp;<\/p>\n<p>En el caso de los materiales para la elaboraci\u00f3n de las manualidades que se tienen previstas, les ser\u00e1n proporcionadas de forma gratuita por la misma autoridad.<\/p>\n<p>&nbsp;<\/p>\n<p>El cupo que se tiene previsto para cada centro de desarrollo comunitario es de 50 ni\u00f1as y ni\u00f1os, que fue el mismo n\u00famero que se manej\u00f3 el a\u00f1o pasado y el inicio de los cursos ser\u00e1 a partir del 17 de julio al 4 de agosto pr\u00f3ximo.<\/p>\n<p>&nbsp;<\/p>\n<p>Por lo anterior, el Gobierno Municipal hizo un llamado a los padres de familia de las colonias donde se ubican los centros de desarrollo comunitario, para que acudan este viernes a inscribir a sus hijos y les brinden con ello, la oportunidad de que puedan desarrollar otras habilidades o que se les apoye para regularizarse en algunas de las materias escolares donde vayan con un nivel menor del esperado, adem\u00e1s de que les sirve para interactuar con otros ni\u00f1os y adolescentes dentro de su mismo entorno social.<\/p>\n<p>&nbsp;<\/p>\n<p>&nbsp;<\/p>\n<p>&nbsp;<\/p>\n<p>&nbsp;<\/p>\n","protected":false},"excerpt":{"rendered":"<p>En atenci\u00f3n a contribuir con la comunidad estudiantes que estar\u00e1n de vacaciones por finalizar este&#8230;<\/p>\n","protected":false},"author":1,"featured_media":2175,"comment_status":"open","ping_status":"open","sticky":false,"template":"","format":"standard","meta":{"jetpack_post_was_ever_published":false,"_jetpack_newsletter_access":"","_jetpack_dont_email_post_to_subs":false,"_jetpack_newsletter_tier_id":0,"_jetpack_memberships_contains_paywalled_content":false,"_jetpack_memberships_contains_paid_content":false,"footnotes":"","jetpack_publicize_message":"","jetpack_publicize_feature_enabled":true,"jetpack_social_post_already_shared":false,"jetpack_social_options":{"image_generator_settings":{"template":"highway","enabled":false},"version":2}},"categories":[1],"tags":[15],"class_list":["post-2183","post","type-post","status-publish","format-standard","has-post-thumbnail","hentry","category-la-piedad","tag-la-piedad"],"jetpack_publicize_connections":[],"jetpack_sharing_enabled":true,"featured_image_urls":{"full":["http:\/\/tvalaire.com\/wp-content\/uploads\/2017\/07\/ABREN-INSCRIPCIONES-A-CURSOS-DE-VERANO-EN-LOS-CENTROS-COMUNITARIOS.jpg",1800,1500,false],"thumbnail":["http:\/\/tvalaire.com\/wp-content\/uploads\/2017\/07\/ABREN-INSCRIPCIONES-A-CURSOS-DE-VERANO-EN-LOS-CENTROS-COMUNITARIOS-150x150.jpg",150,150,true],"medium":["http:\/\/tvalaire.com\/wp-content\/uploads\/2017\/07\/ABREN-INSCRIPCIONES-A-CURSOS-DE-VERANO-EN-LOS-CENTROS-COMUNITARIOS-300x250.jpg",300,250,true],"medium_large":["http:\/\/tvalaire.com\/wp-content\/uploads\/2017\/07\/ABREN-INSCRIPCIONES-A-CURSOS-DE-VERANO-EN-LOS-CENTROS-COMUNITARIOS-768x640.jpg",640,533,true],"large":["http:\/\/tvalaire.com\/wp-content\/uploads\/2017\/07\/ABREN-INSCRIPCIONES-A-CURSOS-DE-VERANO-EN-LOS-CENTROS-COMUNITARIOS-1024x853.jpg",640,533,true],"post-slider-thumb-size":["http:\/\/tvalaire.com\/wp-content\/uploads\/2017\/07\/ABREN-INSCRIPCIONES-A-CURSOS-DE-VERANO-EN-LOS-CENTROS-COMUNITARIOS.jpg",228,190,false],"post-category-slider-size":["http:\/\/tvalaire.com\/wp-content\/uploads\/2017\/07\/ABREN-INSCRIPCIONES-A-CURSOS-DE-VERANO-EN-LOS-CENTROS-COMUNITARIOS.jpg",330,275,false],"1536x1536":["http:\/\/tvalaire.com\/wp-content\/uploads\/2017\/07\/ABREN-INSCRIPCIONES-A-CURSOS-DE-VERANO-EN-LOS-CENTROS-COMUNITARIOS.jpg",1536,1280,false],"2048x2048":["http:\/\/tvalaire.com\/wp-content\/uploads\/2017\/07\/ABREN-INSCRIPCIONES-A-CURSOS-DE-VERANO-EN-LOS-CENTROS-COMUNITARIOS.jpg",1800,1500,false],"newsium-slider-full":["http:\/\/tvalaire.com\/wp-content\/uploads\/2017\/07\/ABREN-INSCRIPCIONES-A-CURSOS-DE-VERANO-EN-LOS-CENTROS-COMUNITARIOS.jpg",1014,845,false],"newsium-featured":["http:\/\/tvalaire.com\/wp-content\/uploads\/2017\/07\/ABREN-INSCRIPCIONES-A-CURSOS-DE-VERANO-EN-LOS-CENTROS-COMUNITARIOS.jpg",1024,853,false],"newsium-medium":["http:\/\/tvalaire.com\/wp-content\/uploads\/2017\/07\/ABREN-INSCRIPCIONES-A-CURSOS-DE-VERANO-EN-LOS-CENTROS-COMUNITARIOS.jpg",570,475,false]},"author_info":{"info":["tvalairenoti"]},"category_info":"<a href=\"http:\/\/tvalaire.com\/?cat=1\" rel=\"category\">La Piedad<\/a>","tag_info":"La Piedad","comment_count":"0","jetpack_featured_media_url":"http:\/\/tvalaire.com\/wp-content\/uploads\/2017\/07\/ABREN-INSCRIPCIONES-A-CURSOS-DE-VERANO-EN-LOS-CENTROS-COMUNITARIOS.jpg","_links":{"self":[{"href":"http:\/\/tvalaire.com\/index.php?rest_route=\/wp\/v2\/posts\/2183"}],"collection":[{"href":"http:\/\/tvalaire.com\/index.php?rest_route=\/wp\/v2\/posts"}],"about":[{"href":"http:\/\/tvalaire.com\/index.php?rest_route=\/wp\/v2\/types\/post"}],"author":[{"embeddable":true,"href":"http:\/\/tvalaire.com\/index.php?rest_route=\/wp\/v2\/users\/1"}],"replies":[{"embeddable":true,"href":"http:\/\/tvalaire.com\/index.php?rest_route=%2Fwp%2Fv2%2Fcomments&post=2183"}],"version-history":[{"count":1,"href":"http:\/\/tvalaire.com\/index.php?rest_route=\/wp\/v2\/posts\/2183\/revisions"}],"predecessor-version":[{"id":2184,"href":"http:\/\/tvalaire.com\/index.php?rest_route=\/wp\/v2\/posts\/2183\/revisions\/2184"}],"wp:featuredmedia":[{"embeddable":true,"href":"http:\/\/tvalaire.com\/index.php?rest_route=\/wp\/v2\/media\/2175"}],"wp:attachment":[{"href":"http:\/\/tvalaire.com\/index.php?rest_route=%2Fwp%2Fv2%2Fmedia&parent=2183"}],"wp:term":[{"taxonomy":"category","embeddable":true,"href":"http:\/\/tvalaire.com\/index.php?rest_route=%2Fwp%2Fv2%2Fcategories&post=2183"},{"taxonomy":"post_tag","embeddable":true,"href":"http:\/\/tvalaire.com\/index.php?rest_route=%2Fwp%2Fv2%2Ftags&post=2183"}],"curies":[{"name":"wp","href":"https:\/\/api.w.org\/{rel}","templated":true}]}}