{"id":2181,"date":"2017-07-07T09:38:08","date_gmt":"2017-07-07T14:38:08","guid":{"rendered":"http:\/\/tvalaire.com\/?p=2181"},"modified":"2017-07-07T09:38:08","modified_gmt":"2017-07-07T14:38:08","slug":"entrego-el-alcalde-el-primer-centro-de-telebachillerato-en-la-piedad","status":"publish","type":"post","link":"http:\/\/tvalaire.com\/?p=2181","title":{"rendered":"ENTREG\u00d3 EL ALCALDE EL PRIMER CENTRO DE TELEBACHILLERATO EN LA PIEDAD"},"content":{"rendered":"<p>&nbsp;<\/p>\n<p>Juan Manuel Estrada Medina inaugur\u00f3 y entreg\u00f3 las llaves de lo que es el primer Centro de Telebachillerato en La Piedad que se ubica en la comunidad de El Algodonal, cuya inversi\u00f3n aplicada fue de un mill\u00f3n 200 mil pesos.<\/p>\n<p>&nbsp;<\/p>\n<p>Con la construcci\u00f3n de este nuevo centro educativo, se brindar\u00e1 servicio y atenci\u00f3n a estudiantes de bachillerato de las comunidades de Jauja, Paredones, El Zapote, El Pandillo, Taquiscuareo, La Providencia y El Algodonal.<\/p>\n<p>&nbsp;<\/p>\n<p>Destac\u00f3 que la obra en s\u00ed es importante y m\u00e1s aun con las econom\u00edas obtenidas y la participaci\u00f3n del contratista, se pudo entregar completo el m\u00f3dulo de ba\u00f1os pues \u00fanicamente se hab\u00eda previsto un sanitario y se entregaron dos.<\/p>\n<p>&nbsp;<\/p>\n<p>Estrada Medina coment\u00f3 que el apoyo a esta comunidad no se quedaba \u00fanicamente con la construcci\u00f3n de las tres aulas y sanitarios del Telebachillerato, pues anunci\u00f3 que ya realizan la introducci\u00f3n de un drenaje que se encuentra al 95%, con lo cual se podr\u00e1 mejorar la calidad de vida de todos los habitantes.<\/p>\n<p>&nbsp;<\/p>\n<p>Asimismo anunci\u00f3 que en el programa de obras de Fondo III del 2017, se incluyeron otras dos obras para beneficio de la comunidad. La primera de ellas se trata de la construcci\u00f3n del muro perimetral del Telebachillerato, cuya meta ser\u00e1 construir 403.10 metros lineales con una inversi\u00f3n de 658 mil 544 pesos.<\/p>\n<p>&nbsp;<\/p>\n<p>La segunda es la construcci\u00f3n de la Biblioteca, la cual tambi\u00e9n se realizar\u00e1 dentro del programa Fondo III de este a\u00f1o, en la cual se habr\u00e1n de invertir un mill\u00f3n 022 mil 161 pesos. Obras que dijo, iniciar\u00e1n la pr\u00f3xima semana.<\/p>\n<p>&nbsp;<\/p>\n<p>Dio a conocer tambi\u00e9n apoyo en la impermeabilizaci\u00f3n en la escuela Primaria y ofreci\u00f3 ayudar en el equipamiento del Tele bachillerato, adelant\u00f3 que en otra oportunidad podr\u00edan incluir la construcci\u00f3n del puente sobre el arrollo para mejorar el acceso al plantel, ya que el que se instal\u00f3 es provisional.<\/p>\n<p>&nbsp;<\/p>\n<p>Francisco Anguiano encargado del orden por su parte, agradeci\u00f3 tambi\u00e9n el apoyo y solicit\u00f3 al Alcalde alumbrado p\u00fablico y la rehabilitaci\u00f3n de los ba\u00f1os p\u00fablicos de la plaza principal.<\/p>\n","protected":false},"excerpt":{"rendered":"<p>&nbsp; Juan Manuel Estrada Medina inaugur\u00f3 y entreg\u00f3 las llaves de lo que es el&#8230;<\/p>\n","protected":false},"author":1,"featured_media":2176,"comment_status":"open","ping_status":"open","sticky":false,"template":"","format":"standard","meta":{"jetpack_post_was_ever_published":false,"_jetpack_newsletter_access":"","_jetpack_dont_email_post_to_subs":false,"_jetpack_newsletter_tier_id":0,"_jetpack_memberships_contains_paywalled_content":false,"_jetpack_memberships_contains_paid_content":false,"footnotes":"","jetpack_publicize_message":"","jetpack_publicize_feature_enabled":true,"jetpack_social_post_already_shared":false,"jetpack_social_options":{"image_generator_settings":{"template":"highway","enabled":false},"version":2}},"categories":[1,35],"tags":[15,36],"class_list":["post-2181","post","type-post","status-publish","format-standard","has-post-thumbnail","hentry","category-la-piedad","category-principales","tag-la-piedad","tag-principales"],"jetpack_publicize_connections":[],"jetpack_sharing_enabled":true,"featured_image_urls":{"full":["http:\/\/tvalaire.com\/wp-content\/uploads\/2017\/07\/ENTREGO\u0301-EL-ALCALDE-EL-PRIMER-CENTRO-DE-TELEBACHILLERATO-EN-LA-PIEDAD.jpg",883,591,false],"thumbnail":["http:\/\/tvalaire.com\/wp-content\/uploads\/2017\/07\/ENTREGO\u0301-EL-ALCALDE-EL-PRIMER-CENTRO-DE-TELEBACHILLERATO-EN-LA-PIEDAD-150x150.jpg",150,150,true],"medium":["http:\/\/tvalaire.com\/wp-content\/uploads\/2017\/07\/ENTREGO\u0301-EL-ALCALDE-EL-PRIMER-CENTRO-DE-TELEBACHILLERATO-EN-LA-PIEDAD-300x201.jpg",300,201,true],"medium_large":["http:\/\/tvalaire.com\/wp-content\/uploads\/2017\/07\/ENTREGO\u0301-EL-ALCALDE-EL-PRIMER-CENTRO-DE-TELEBACHILLERATO-EN-LA-PIEDAD-768x514.jpg",640,428,true],"large":["http:\/\/tvalaire.com\/wp-content\/uploads\/2017\/07\/ENTREGO\u0301-EL-ALCALDE-EL-PRIMER-CENTRO-DE-TELEBACHILLERATO-EN-LA-PIEDAD.jpg",640,428,false],"post-slider-thumb-size":["http:\/\/tvalaire.com\/wp-content\/uploads\/2017\/07\/ENTREGO\u0301-EL-ALCALDE-EL-PRIMER-CENTRO-DE-TELEBACHILLERATO-EN-LA-PIEDAD.jpg",284,190,false],"post-category-slider-size":["http:\/\/tvalaire.com\/wp-content\/uploads\/2017\/07\/ENTREGO\u0301-EL-ALCALDE-EL-PRIMER-CENTRO-DE-TELEBACHILLERATO-EN-LA-PIEDAD.jpg",330,221,false],"1536x1536":["http:\/\/tvalaire.com\/wp-content\/uploads\/2017\/07\/ENTREGO\u0301-EL-ALCALDE-EL-PRIMER-CENTRO-DE-TELEBACHILLERATO-EN-LA-PIEDAD.jpg",883,591,false],"2048x2048":["http:\/\/tvalaire.com\/wp-content\/uploads\/2017\/07\/ENTREGO\u0301-EL-ALCALDE-EL-PRIMER-CENTRO-DE-TELEBACHILLERATO-EN-LA-PIEDAD.jpg",883,591,false],"newsium-slider-full":["http:\/\/tvalaire.com\/wp-content\/uploads\/2017\/07\/ENTREGO\u0301-EL-ALCALDE-EL-PRIMER-CENTRO-DE-TELEBACHILLERATO-EN-LA-PIEDAD.jpg",883,591,false],"newsium-featured":["http:\/\/tvalaire.com\/wp-content\/uploads\/2017\/07\/ENTREGO\u0301-EL-ALCALDE-EL-PRIMER-CENTRO-DE-TELEBACHILLERATO-EN-LA-PIEDAD.jpg",883,591,false],"newsium-medium":["http:\/\/tvalaire.com\/wp-content\/uploads\/2017\/07\/ENTREGO\u0301-EL-ALCALDE-EL-PRIMER-CENTRO-DE-TELEBACHILLERATO-EN-LA-PIEDAD.jpg",710,475,false]},"author_info":{"info":["tvalairenoti"]},"category_info":"<a href=\"http:\/\/tvalaire.com\/?cat=1\" rel=\"category\">La Piedad<\/a> <a href=\"http:\/\/tvalaire.com\/?cat=35\" rel=\"category\">Principales<\/a>","tag_info":"Principales","comment_count":"0","jetpack_featured_media_url":"http:\/\/tvalaire.com\/wp-content\/uploads\/2017\/07\/ENTREGO\u0301-EL-ALCALDE-EL-PRIMER-CENTRO-DE-TELEBACHILLERATO-EN-LA-PIEDAD.jpg","_links":{"self":[{"href":"http:\/\/tvalaire.com\/index.php?rest_route=\/wp\/v2\/posts\/2181"}],"collection":[{"href":"http:\/\/tvalaire.com\/index.php?rest_route=\/wp\/v2\/posts"}],"about":[{"href":"http:\/\/tvalaire.com\/index.php?rest_route=\/wp\/v2\/types\/post"}],"author":[{"embeddable":true,"href":"http:\/\/tvalaire.com\/index.php?rest_route=\/wp\/v2\/users\/1"}],"replies":[{"embeddable":true,"href":"http:\/\/tvalaire.com\/index.php?rest_route=%2Fwp%2Fv2%2Fcomments&post=2181"}],"version-history":[{"count":1,"href":"http:\/\/tvalaire.com\/index.php?rest_route=\/wp\/v2\/posts\/2181\/revisions"}],"predecessor-version":[{"id":2182,"href":"http:\/\/tvalaire.com\/index.php?rest_route=\/wp\/v2\/posts\/2181\/revisions\/2182"}],"wp:featuredmedia":[{"embeddable":true,"href":"http:\/\/tvalaire.com\/index.php?rest_route=\/wp\/v2\/media\/2176"}],"wp:attachment":[{"href":"http:\/\/tvalaire.com\/index.php?rest_route=%2Fwp%2Fv2%2Fmedia&parent=2181"}],"wp:term":[{"taxonomy":"category","embeddable":true,"href":"http:\/\/tvalaire.com\/index.php?rest_route=%2Fwp%2Fv2%2Fcategories&post=2181"},{"taxonomy":"post_tag","embeddable":true,"href":"http:\/\/tvalaire.com\/index.php?rest_route=%2Fwp%2Fv2%2Ftags&post=2181"}],"curies":[{"name":"wp","href":"https:\/\/api.w.org\/{rel}","templated":true}]}}