{"id":2174,"date":"2017-07-07T09:37:10","date_gmt":"2017-07-07T14:37:10","guid":{"rendered":"http:\/\/tvalaire.com\/?p=2174"},"modified":"2017-07-07T09:37:10","modified_gmt":"2017-07-07T14:37:10","slug":"iniciaron-trabajos-de-la-primera-escuela-de-rebozo-en-la-piedad","status":"publish","type":"post","link":"http:\/\/tvalaire.com\/?p=2174","title":{"rendered":"INICIARON TRABAJOS DE LA PRIMERA ESCUELA DE REBOZO EN LA PIEDAD"},"content":{"rendered":"<p>Con el fin de preservar una de las actividades tradicionales de La Piedad y apoyar en la generaci\u00f3n de un ingreso adicional a las familias piedadenses, el presidente municipal Juan Manuel Estrada Medina inaugur\u00f3 hoy la Escuela del Rebozo que arranc\u00f3 con la impartici\u00f3n del primer curso-taller de empuntado dirigido a mujeres que se encuentran privadas de su libertad en el Centro de Reinserci\u00f3n Social (CERESO).<\/p>\n<p>Aclar\u00f3 que la idea de su gobierno, es tratar de llevarles una opci\u00f3n m\u00e1s para que puedan aprender de un oficio, con el fin que cuando salgan tengan una forma de trabajo.<\/p>\n<p>Para ello agradeci\u00f3 a los regidores que encabezaron el proyecto, pues dijo que se nota que tienen la idea clara de lo que se pretende en esta administraci\u00f3n municipal, que es el apoyar a las familias para que puedan generar un recurso adicional, independientemente de la situaci\u00f3n en la que se encuentren, pues en alg\u00fan momento expuso, van a salir y su aprendizaje los va a ayudar en su sustento.<\/p>\n<p>Resalt\u00f3 que apoya a la industria del rebozo, porque es una actividad importante con quienes se comprometi\u00f3 tambi\u00e9n a construir un Museo del Rebozo y porque conoce de la situaci\u00f3n de escasez de empuntadores que requieren.<\/p>\n<p>El Alcalde aprovech\u00f3 a su vez para felicitar a Don Jos\u00e9 Armendariz Torres, quien es uno de los fundadores de la Cooperativa Textil Artesanal y quien es uno de los decanos en esta actividad y quien se encontraba ah\u00ed presente.<\/p>\n<p>Estuvieron presentes, Claudio M\u00e9ndez Fern\u00e1ndez, director del Instituto del Artesano Michoacano y representante del Gobernador del Estado; Evangelina Raya Sierra directora del CERESO local; Carlos Alberto Estrada Medina, director de promoci\u00f3n econ\u00f3mica y los regidores, Alejandro Salda\u00f1a Aguilar y Crisanto Loeza Ruiz, as\u00ed como Librado Vicente Madrigal Tafolla, presidente del consejo de administraci\u00f3n de la Cooperativa Textil y las reinas de las Fiestas Patrias 2016 y la reina de las Preparatorias.<\/p>\n<p>Claudio M\u00e9ndez, calific\u00f3 a este proyecto como vanguardista por el rescate de ra\u00edces en el tejido del rebozo, por generar un trabajo y ofrecer una ocupaci\u00f3n a las participantes, as\u00ed que a nombre del Gobierno del Estado y del Instituto Artesano, ofreci\u00f3 promover y vender los rebozos y balones elaborados en La Piedad en Morelia.<\/p>\n<p>Durante el acto, el regidor Alejandro Salda\u00f1a Aguilar dio una rese\u00f1a del rebozo, cuya actividad fue parte de la econom\u00eda local, seguido de Mar\u00eda Elena Robles V\u00e1zquez quien a nombre de las integrantes del primer curso-taller de empuntado agradeci\u00f3 a las autoridades por el tiempo que desarrollar\u00e1n para formarlas en este oficio que es toda una tradici\u00f3n cultural en La Piedad y que ahora les brinda a ellas herramientas para seguir adelante sobre la realizaci\u00f3n de una prensa que es inspiraci\u00f3n por su tradici\u00f3n, cultura y el valor que posee.<\/p>\n<p>Tambi\u00e9n hubo una pasarela del rebozo en donde las reinas y edecanes mostraron los diferentes usos de la prenda de vestir.<\/p>\n","protected":false},"excerpt":{"rendered":"<p>Con el fin de preservar una de las actividades tradicionales de La Piedad y apoyar&#8230;<\/p>\n","protected":false},"author":1,"featured_media":2178,"comment_status":"open","ping_status":"open","sticky":false,"template":"","format":"standard","meta":{"jetpack_post_was_ever_published":false,"_jetpack_newsletter_access":"","_jetpack_dont_email_post_to_subs":false,"_jetpack_newsletter_tier_id":0,"_jetpack_memberships_contains_paywalled_content":false,"_jetpack_memberships_contains_paid_content":false,"footnotes":"","jetpack_publicize_message":"","jetpack_publicize_feature_enabled":true,"jetpack_social_post_already_shared":false,"jetpack_social_options":{"image_generator_settings":{"template":"highway","enabled":false},"version":2}},"categories":[1,35],"tags":[15,36],"class_list":["post-2174","post","type-post","status-publish","format-standard","has-post-thumbnail","hentry","category-la-piedad","category-principales","tag-la-piedad","tag-principales"],"jetpack_publicize_connections":[],"jetpack_sharing_enabled":true,"featured_image_urls":{"full":["http:\/\/tvalaire.com\/wp-content\/uploads\/2017\/07\/INICIARON-TRABAJOS-DE-LA-PRIMERA-ESCUELA-DE-REBOZO-EN-LA-PIEDAD.jpg",883,591,false],"thumbnail":["http:\/\/tvalaire.com\/wp-content\/uploads\/2017\/07\/INICIARON-TRABAJOS-DE-LA-PRIMERA-ESCUELA-DE-REBOZO-EN-LA-PIEDAD-150x150.jpg",150,150,true],"medium":["http:\/\/tvalaire.com\/wp-content\/uploads\/2017\/07\/INICIARON-TRABAJOS-DE-LA-PRIMERA-ESCUELA-DE-REBOZO-EN-LA-PIEDAD-300x201.jpg",300,201,true],"medium_large":["http:\/\/tvalaire.com\/wp-content\/uploads\/2017\/07\/INICIARON-TRABAJOS-DE-LA-PRIMERA-ESCUELA-DE-REBOZO-EN-LA-PIEDAD-768x514.jpg",640,428,true],"large":["http:\/\/tvalaire.com\/wp-content\/uploads\/2017\/07\/INICIARON-TRABAJOS-DE-LA-PRIMERA-ESCUELA-DE-REBOZO-EN-LA-PIEDAD.jpg",640,428,false],"post-slider-thumb-size":["http:\/\/tvalaire.com\/wp-content\/uploads\/2017\/07\/INICIARON-TRABAJOS-DE-LA-PRIMERA-ESCUELA-DE-REBOZO-EN-LA-PIEDAD.jpg",284,190,false],"post-category-slider-size":["http:\/\/tvalaire.com\/wp-content\/uploads\/2017\/07\/INICIARON-TRABAJOS-DE-LA-PRIMERA-ESCUELA-DE-REBOZO-EN-LA-PIEDAD.jpg",330,221,false],"1536x1536":["http:\/\/tvalaire.com\/wp-content\/uploads\/2017\/07\/INICIARON-TRABAJOS-DE-LA-PRIMERA-ESCUELA-DE-REBOZO-EN-LA-PIEDAD.jpg",883,591,false],"2048x2048":["http:\/\/tvalaire.com\/wp-content\/uploads\/2017\/07\/INICIARON-TRABAJOS-DE-LA-PRIMERA-ESCUELA-DE-REBOZO-EN-LA-PIEDAD.jpg",883,591,false],"newsium-slider-full":["http:\/\/tvalaire.com\/wp-content\/uploads\/2017\/07\/INICIARON-TRABAJOS-DE-LA-PRIMERA-ESCUELA-DE-REBOZO-EN-LA-PIEDAD.jpg",883,591,false],"newsium-featured":["http:\/\/tvalaire.com\/wp-content\/uploads\/2017\/07\/INICIARON-TRABAJOS-DE-LA-PRIMERA-ESCUELA-DE-REBOZO-EN-LA-PIEDAD.jpg",883,591,false],"newsium-medium":["http:\/\/tvalaire.com\/wp-content\/uploads\/2017\/07\/INICIARON-TRABAJOS-DE-LA-PRIMERA-ESCUELA-DE-REBOZO-EN-LA-PIEDAD.jpg",710,475,false]},"author_info":{"info":["tvalairenoti"]},"category_info":"<a href=\"http:\/\/tvalaire.com\/?cat=1\" rel=\"category\">La Piedad<\/a> <a href=\"http:\/\/tvalaire.com\/?cat=35\" rel=\"category\">Principales<\/a>","tag_info":"Principales","comment_count":"0","jetpack_featured_media_url":"http:\/\/tvalaire.com\/wp-content\/uploads\/2017\/07\/INICIARON-TRABAJOS-DE-LA-PRIMERA-ESCUELA-DE-REBOZO-EN-LA-PIEDAD.jpg","_links":{"self":[{"href":"http:\/\/tvalaire.com\/index.php?rest_route=\/wp\/v2\/posts\/2174"}],"collection":[{"href":"http:\/\/tvalaire.com\/index.php?rest_route=\/wp\/v2\/posts"}],"about":[{"href":"http:\/\/tvalaire.com\/index.php?rest_route=\/wp\/v2\/types\/post"}],"author":[{"embeddable":true,"href":"http:\/\/tvalaire.com\/index.php?rest_route=\/wp\/v2\/users\/1"}],"replies":[{"embeddable":true,"href":"http:\/\/tvalaire.com\/index.php?rest_route=%2Fwp%2Fv2%2Fcomments&post=2174"}],"version-history":[{"count":1,"href":"http:\/\/tvalaire.com\/index.php?rest_route=\/wp\/v2\/posts\/2174\/revisions"}],"predecessor-version":[{"id":2180,"href":"http:\/\/tvalaire.com\/index.php?rest_route=\/wp\/v2\/posts\/2174\/revisions\/2180"}],"wp:featuredmedia":[{"embeddable":true,"href":"http:\/\/tvalaire.com\/index.php?rest_route=\/wp\/v2\/media\/2178"}],"wp:attachment":[{"href":"http:\/\/tvalaire.com\/index.php?rest_route=%2Fwp%2Fv2%2Fmedia&parent=2174"}],"wp:term":[{"taxonomy":"category","embeddable":true,"href":"http:\/\/tvalaire.com\/index.php?rest_route=%2Fwp%2Fv2%2Fcategories&post=2174"},{"taxonomy":"post_tag","embeddable":true,"href":"http:\/\/tvalaire.com\/index.php?rest_route=%2Fwp%2Fv2%2Ftags&post=2174"}],"curies":[{"name":"wp","href":"https:\/\/api.w.org\/{rel}","templated":true}]}}