{"id":2162,"date":"2017-07-05T09:45:52","date_gmt":"2017-07-05T14:45:52","guid":{"rendered":"http:\/\/tvalaire.com\/?p=2162"},"modified":"2017-07-05T09:45:52","modified_gmt":"2017-07-05T14:45:52","slug":"dif-fortalece-la-alimentacion-en-la-primaria-de-los-reyes","status":"publish","type":"post","link":"http:\/\/tvalaire.com\/?p=2162","title":{"rendered":"DIF FORTALECE LA ALIMENTACI\u00d3N EN LA PRIMARIA DE LOS REYES"},"content":{"rendered":"<p>Presidenta Honorifica del DIF Yolanda Ram\u00edrez Maga\u00f1a, fortalece la alimentaci\u00f3n de los alumnos de la escuela primaria de la comunidad de Los Reyes, dotando al desayunador de todos los requerimientos para que los ni\u00f1os se alimenten con un desayuno caliente.<\/p>\n<p>Es por ello que se les entregaron sillas, mesas, anaqueles, un refrigerador, utensilios de cocina y de limpieza.<\/p>\n","protected":false},"excerpt":{"rendered":"<p>Presidenta Honorifica del DIF Yolanda Ram\u00edrez Maga\u00f1a, fortalece la alimentaci\u00f3n de los alumnos de la&#8230;<\/p>\n","protected":false},"author":1,"featured_media":2163,"comment_status":"open","ping_status":"open","sticky":false,"template":"","format":"standard","meta":{"jetpack_post_was_ever_published":false,"_jetpack_newsletter_access":"","_jetpack_dont_email_post_to_subs":false,"_jetpack_newsletter_tier_id":0,"_jetpack_memberships_contains_paywalled_content":false,"_jetpack_memberships_contains_paid_content":false,"footnotes":"","jetpack_publicize_message":"","jetpack_publicize_feature_enabled":true,"jetpack_social_post_already_shared":false,"jetpack_social_options":{"image_generator_settings":{"template":"highway","enabled":false},"version":2}},"categories":[35,4],"tags":[36,24],"class_list":["post-2162","post","type-post","status-publish","format-standard","has-post-thumbnail","hentry","category-principales","category-puruandiro","tag-principales","tag-puruandiro"],"jetpack_publicize_connections":[],"jetpack_sharing_enabled":true,"featured_image_urls":{"full":["http:\/\/tvalaire.com\/wp-content\/uploads\/2017\/07\/DIF-FORTALECE-LA-ALIMENTACI\u00f4N-EN-LA-PRIMARIA-DE-LOS-REYES-1.jpg",4928,3264,false],"thumbnail":["http:\/\/tvalaire.com\/wp-content\/uploads\/2017\/07\/DIF-FORTALECE-LA-ALIMENTACI\u00f4N-EN-LA-PRIMARIA-DE-LOS-REYES-1-150x150.jpg",150,150,true],"medium":["http:\/\/tvalaire.com\/wp-content\/uploads\/2017\/07\/DIF-FORTALECE-LA-ALIMENTACI\u00f4N-EN-LA-PRIMARIA-DE-LOS-REYES-1-300x199.jpg",300,199,true],"medium_large":["http:\/\/tvalaire.com\/wp-content\/uploads\/2017\/07\/DIF-FORTALECE-LA-ALIMENTACI\u00f4N-EN-LA-PRIMARIA-DE-LOS-REYES-1-768x509.jpg",640,424,true],"large":["http:\/\/tvalaire.com\/wp-content\/uploads\/2017\/07\/DIF-FORTALECE-LA-ALIMENTACI\u00f4N-EN-LA-PRIMARIA-DE-LOS-REYES-1-1024x678.jpg",640,424,true],"post-slider-thumb-size":["http:\/\/tvalaire.com\/wp-content\/uploads\/2017\/07\/DIF-FORTALECE-LA-ALIMENTACI\u00f4N-EN-LA-PRIMARIA-DE-LOS-REYES-1.jpg",287,190,false],"post-category-slider-size":["http:\/\/tvalaire.com\/wp-content\/uploads\/2017\/07\/DIF-FORTALECE-LA-ALIMENTACI\u00f4N-EN-LA-PRIMARIA-DE-LOS-REYES-1.jpg",330,219,false],"1536x1536":["http:\/\/tvalaire.com\/wp-content\/uploads\/2017\/07\/DIF-FORTALECE-LA-ALIMENTACI\u00f4N-EN-LA-PRIMARIA-DE-LOS-REYES-1.jpg",1536,1017,false],"2048x2048":["http:\/\/tvalaire.com\/wp-content\/uploads\/2017\/07\/DIF-FORTALECE-LA-ALIMENTACI\u00f4N-EN-LA-PRIMARIA-DE-LOS-REYES-1.jpg",2048,1356,false],"newsium-slider-full":["http:\/\/tvalaire.com\/wp-content\/uploads\/2017\/07\/DIF-FORTALECE-LA-ALIMENTACI\u00f4N-EN-LA-PRIMARIA-DE-LOS-REYES-1.jpg",1276,845,false],"newsium-featured":["http:\/\/tvalaire.com\/wp-content\/uploads\/2017\/07\/DIF-FORTALECE-LA-ALIMENTACI\u00f4N-EN-LA-PRIMARIA-DE-LOS-REYES-1.jpg",1024,678,false],"newsium-medium":["http:\/\/tvalaire.com\/wp-content\/uploads\/2017\/07\/DIF-FORTALECE-LA-ALIMENTACI\u00f4N-EN-LA-PRIMARIA-DE-LOS-REYES-1.jpg",717,475,false]},"author_info":{"info":["tvalairenoti"]},"category_info":"<a href=\"http:\/\/tvalaire.com\/?cat=35\" rel=\"category\">Principales<\/a> <a href=\"http:\/\/tvalaire.com\/?cat=4\" rel=\"category\">Puru\u00e1ndiro<\/a>","tag_info":"Puru\u00e1ndiro","comment_count":"0","jetpack_featured_media_url":"http:\/\/tvalaire.com\/wp-content\/uploads\/2017\/07\/DIF-FORTALECE-LA-ALIMENTACI\u00f4N-EN-LA-PRIMARIA-DE-LOS-REYES-1.jpg","_links":{"self":[{"href":"http:\/\/tvalaire.com\/index.php?rest_route=\/wp\/v2\/posts\/2162"}],"collection":[{"href":"http:\/\/tvalaire.com\/index.php?rest_route=\/wp\/v2\/posts"}],"about":[{"href":"http:\/\/tvalaire.com\/index.php?rest_route=\/wp\/v2\/types\/post"}],"author":[{"embeddable":true,"href":"http:\/\/tvalaire.com\/index.php?rest_route=\/wp\/v2\/users\/1"}],"replies":[{"embeddable":true,"href":"http:\/\/tvalaire.com\/index.php?rest_route=%2Fwp%2Fv2%2Fcomments&post=2162"}],"version-history":[{"count":1,"href":"http:\/\/tvalaire.com\/index.php?rest_route=\/wp\/v2\/posts\/2162\/revisions"}],"predecessor-version":[{"id":2164,"href":"http:\/\/tvalaire.com\/index.php?rest_route=\/wp\/v2\/posts\/2162\/revisions\/2164"}],"wp:featuredmedia":[{"embeddable":true,"href":"http:\/\/tvalaire.com\/index.php?rest_route=\/wp\/v2\/media\/2163"}],"wp:attachment":[{"href":"http:\/\/tvalaire.com\/index.php?rest_route=%2Fwp%2Fv2%2Fmedia&parent=2162"}],"wp:term":[{"taxonomy":"category","embeddable":true,"href":"http:\/\/tvalaire.com\/index.php?rest_route=%2Fwp%2Fv2%2Fcategories&post=2162"},{"taxonomy":"post_tag","embeddable":true,"href":"http:\/\/tvalaire.com\/index.php?rest_route=%2Fwp%2Fv2%2Ftags&post=2162"}],"curies":[{"name":"wp","href":"https:\/\/api.w.org\/{rel}","templated":true}]}}