{"id":2160,"date":"2017-07-05T09:41:55","date_gmt":"2017-07-05T14:41:55","guid":{"rendered":"http:\/\/tvalaire.com\/?p=2160"},"modified":"2017-07-05T09:41:55","modified_gmt":"2017-07-05T14:41:55","slug":"previene-hoy-para-que-manana-no-sea-tarde-cuidate-explorate-y-amate","status":"publish","type":"post","link":"http:\/\/tvalaire.com\/?p=2160","title":{"rendered":"\u201cPREVIENE HOY PARA QUE MA\u00d1ANA NO SEA TARDE, CUIDATE EXPL\u00d3RATE Y \u00c1MATE\u201d"},"content":{"rendered":"<p><strong>El Instituto de La Mujer del municipio promueve conferencia dirigida a las mujeres en edad de los 18 a los 65 a\u00f1os, como parte de una campa\u00f1a de prevenci\u00f3n y detecci\u00f3n oportuna de c\u00e1ncer.<\/strong><\/p>\n<p>&nbsp;<\/p>\n<p>El Gobierno Municipal a trav\u00e9s del Instituto de la Mujer (IMM), invit\u00f3 a la poblaci\u00f3n a la conferencia del proyecto \u201cPreviene hoy para que ma\u00f1ana no sea tarde, cu\u00eddate expl\u00f3rate y \u00e1mate\u201d, como parte de una campa\u00f1a de prevenci\u00f3n y detecci\u00f3n oportuna de c\u00e1ncer de mama que actualmente lleva a cabo.<\/p>\n<p>&nbsp;<\/p>\n<p>La cita ser\u00e1 el pr\u00f3ximo 12 mi\u00e9rcoles de julio a partir de las 17:30 horas en la Casa Pastoral y la entrada ser\u00e1 gratuita, por lo que se hizo un llamado a todas las mujeres en edad de los 18 a los 65 a\u00f1os, para que acudan a conocer m\u00e1s sobre el tema.<\/p>\n<p>&nbsp;<\/p>\n<p>La conferencia estar\u00e1 dirigida por el ginec\u00f3logo Mario Alberto B\u00e1ez Vargas, quien es especialista en oncolog\u00eda egresado de la Universidad Aut\u00f3noma de Guadalajara y es m\u00e9dico asistencial del Hospital Regional de La Piedad, as\u00ed como Sandra Garc\u00eda Ayala, egresada del CONALEP de esta Ciudad.<\/p>\n<p>&nbsp;<\/p>\n<p>Con lo anterior, el Gobierno Municipal refrenda el compromiso que tiene en especial por la mujer y su salud, es por ello que el alcalde Juan Manuel Estrada Medina instruy\u00f3 a la directora del Instituto de la Mujer para establecer programas que sean necesarios para elevar la calidad de vida de este sector que es uno de los m\u00e1s importantes dentro de la sociedad.<\/p>\n<p>&nbsp;<\/p>\n<p>Es por ello que se han realizado varios programas de prevenci\u00f3n y esta conferencia es una de las acciones que se promueven para generar un ambiente saludable a la mujer.<\/p>\n<p>&nbsp;<\/p>\n<p>&nbsp;<\/p>\n<p>&nbsp;<\/p>\n","protected":false},"excerpt":{"rendered":"<p>El Instituto de La Mujer del municipio promueve conferencia dirigida a las mujeres en edad&#8230;<\/p>\n","protected":false},"author":1,"featured_media":2156,"comment_status":"open","ping_status":"open","sticky":false,"template":"","format":"standard","meta":{"jetpack_post_was_ever_published":false,"_jetpack_newsletter_access":"","_jetpack_dont_email_post_to_subs":false,"_jetpack_newsletter_tier_id":0,"_jetpack_memberships_contains_paywalled_content":false,"_jetpack_memberships_contains_paid_content":false,"footnotes":"","jetpack_publicize_message":"","jetpack_publicize_feature_enabled":true,"jetpack_social_post_already_shared":false,"jetpack_social_options":{"image_generator_settings":{"template":"highway","enabled":false},"version":2}},"categories":[1],"tags":[15,36],"class_list":["post-2160","post","type-post","status-publish","format-standard","has-post-thumbnail","hentry","category-la-piedad","tag-la-piedad","tag-principales"],"jetpack_publicize_connections":[],"jetpack_sharing_enabled":true,"featured_image_urls":{"full":["http:\/\/tvalaire.com\/wp-content\/uploads\/2017\/07\/PREVIENE-HOY-PARA-QUE-MAN\u0303ANA-NO-SEA-TARDE.jpg",886,591,false],"thumbnail":["http:\/\/tvalaire.com\/wp-content\/uploads\/2017\/07\/PREVIENE-HOY-PARA-QUE-MAN\u0303ANA-NO-SEA-TARDE-150x150.jpg",150,150,true],"medium":["http:\/\/tvalaire.com\/wp-content\/uploads\/2017\/07\/PREVIENE-HOY-PARA-QUE-MAN\u0303ANA-NO-SEA-TARDE-300x200.jpg",300,200,true],"medium_large":["http:\/\/tvalaire.com\/wp-content\/uploads\/2017\/07\/PREVIENE-HOY-PARA-QUE-MAN\u0303ANA-NO-SEA-TARDE-768x512.jpg",640,427,true],"large":["http:\/\/tvalaire.com\/wp-content\/uploads\/2017\/07\/PREVIENE-HOY-PARA-QUE-MAN\u0303ANA-NO-SEA-TARDE.jpg",640,427,false],"post-slider-thumb-size":["http:\/\/tvalaire.com\/wp-content\/uploads\/2017\/07\/PREVIENE-HOY-PARA-QUE-MAN\u0303ANA-NO-SEA-TARDE.jpg",285,190,false],"post-category-slider-size":["http:\/\/tvalaire.com\/wp-content\/uploads\/2017\/07\/PREVIENE-HOY-PARA-QUE-MAN\u0303ANA-NO-SEA-TARDE.jpg",330,220,false],"1536x1536":["http:\/\/tvalaire.com\/wp-content\/uploads\/2017\/07\/PREVIENE-HOY-PARA-QUE-MAN\u0303ANA-NO-SEA-TARDE.jpg",886,591,false],"2048x2048":["http:\/\/tvalaire.com\/wp-content\/uploads\/2017\/07\/PREVIENE-HOY-PARA-QUE-MAN\u0303ANA-NO-SEA-TARDE.jpg",886,591,false],"newsium-slider-full":["http:\/\/tvalaire.com\/wp-content\/uploads\/2017\/07\/PREVIENE-HOY-PARA-QUE-MAN\u0303ANA-NO-SEA-TARDE.jpg",886,591,false],"newsium-featured":["http:\/\/tvalaire.com\/wp-content\/uploads\/2017\/07\/PREVIENE-HOY-PARA-QUE-MAN\u0303ANA-NO-SEA-TARDE.jpg",886,591,false],"newsium-medium":["http:\/\/tvalaire.com\/wp-content\/uploads\/2017\/07\/PREVIENE-HOY-PARA-QUE-MAN\u0303ANA-NO-SEA-TARDE.jpg",712,475,false]},"author_info":{"info":["tvalairenoti"]},"category_info":"<a href=\"http:\/\/tvalaire.com\/?cat=1\" rel=\"category\">La Piedad<\/a>","tag_info":"La Piedad","comment_count":"0","jetpack_featured_media_url":"http:\/\/tvalaire.com\/wp-content\/uploads\/2017\/07\/PREVIENE-HOY-PARA-QUE-MAN\u0303ANA-NO-SEA-TARDE.jpg","_links":{"self":[{"href":"http:\/\/tvalaire.com\/index.php?rest_route=\/wp\/v2\/posts\/2160"}],"collection":[{"href":"http:\/\/tvalaire.com\/index.php?rest_route=\/wp\/v2\/posts"}],"about":[{"href":"http:\/\/tvalaire.com\/index.php?rest_route=\/wp\/v2\/types\/post"}],"author":[{"embeddable":true,"href":"http:\/\/tvalaire.com\/index.php?rest_route=\/wp\/v2\/users\/1"}],"replies":[{"embeddable":true,"href":"http:\/\/tvalaire.com\/index.php?rest_route=%2Fwp%2Fv2%2Fcomments&post=2160"}],"version-history":[{"count":1,"href":"http:\/\/tvalaire.com\/index.php?rest_route=\/wp\/v2\/posts\/2160\/revisions"}],"predecessor-version":[{"id":2161,"href":"http:\/\/tvalaire.com\/index.php?rest_route=\/wp\/v2\/posts\/2160\/revisions\/2161"}],"wp:featuredmedia":[{"embeddable":true,"href":"http:\/\/tvalaire.com\/index.php?rest_route=\/wp\/v2\/media\/2156"}],"wp:attachment":[{"href":"http:\/\/tvalaire.com\/index.php?rest_route=%2Fwp%2Fv2%2Fmedia&parent=2160"}],"wp:term":[{"taxonomy":"category","embeddable":true,"href":"http:\/\/tvalaire.com\/index.php?rest_route=%2Fwp%2Fv2%2Fcategories&post=2160"},{"taxonomy":"post_tag","embeddable":true,"href":"http:\/\/tvalaire.com\/index.php?rest_route=%2Fwp%2Fv2%2Ftags&post=2160"}],"curies":[{"name":"wp","href":"https:\/\/api.w.org\/{rel}","templated":true}]}}