{"id":216,"date":"2017-01-31T11:08:38","date_gmt":"2017-01-31T17:08:38","guid":{"rendered":"http:\/\/tvalaire.com\/?p=216"},"modified":"2017-01-31T11:08:38","modified_gmt":"2017-01-31T17:08:38","slug":"presidente-municipal-atiende-peticiones-de-las-comunidades-2","status":"publish","type":"post","link":"http:\/\/tvalaire.com\/?p=216","title":{"rendered":"PRESIDENTE MUNICIPAL ATIENDE PETICIONES DE LAS COMUNIDADES"},"content":{"rendered":"<p>Sigue la ciudadan\u00eda acudiendo al Palacio Municipal para ser escuchada y atendida por el Presidente Municipal V\u00edctor V\u00e1zquez, logrando siempre una soluci\u00f3n en cada una de sus peticiones, como fue el caso de los habitantes de la comunidad de los Reyes, quienes le expusieron su necesidad de dos posturas diferentes relacionado a un bebedero de agua que tienen en la localidad.<\/p>\n<p>Por su Parte el Presidente Municipal les indic\u00f3 que para tomar una determinaci\u00f3n por ambas partes se trabajar\u00e1 en buscarles diversos puntos de opini\u00f3n t\u00e9cnicos de acuerdo a las dependencias que se pueden involucrarpara tener un dictamen que ayude a resolver su situaci\u00f3n, \u201cyo estoy muy preocupado y ocupado de que las comunidades tengan un servicio de calidad como es en este caso el del agua, por eso les pido su tolerancia para que nos den oportunidad de satisfacer las necesidades de ambas partes\u201d, puntualiz\u00f3 V\u00edctor V\u00e1zquez.<\/p>\n<p>Adem\u00e1s se pact\u00f3 que se va a tener una pr\u00f3xima reuni\u00f3n el martes por la tarde para estar en el lugar de los hechos.<\/p>\n<p><img loading=\"lazy\" decoding=\"async\" class=\"alignnone size-medium wp-image-218\" src=\"http:\/\/tvalaire.com\/wp-content\/uploads\/2017\/01\/PRESIDENTE-MUNICIPAL-ATIENDE-A-LAS-COMUNIDADES-1-1-300x199.jpg\" alt=\"\" width=\"300\" height=\"199\" srcset=\"http:\/\/tvalaire.com\/wp-content\/uploads\/2017\/01\/PRESIDENTE-MUNICIPAL-ATIENDE-A-LAS-COMUNIDADES-1-1-300x199.jpg 300w, http:\/\/tvalaire.com\/wp-content\/uploads\/2017\/01\/PRESIDENTE-MUNICIPAL-ATIENDE-A-LAS-COMUNIDADES-1-1-768x509.jpg 768w, http:\/\/tvalaire.com\/wp-content\/uploads\/2017\/01\/PRESIDENTE-MUNICIPAL-ATIENDE-A-LAS-COMUNIDADES-1-1-1024x678.jpg 1024w\" sizes=\"(max-width: 300px) 100vw, 300px\" \/><\/p>\n<p><img loading=\"lazy\" decoding=\"async\" class=\"alignnone size-medium wp-image-219\" src=\"http:\/\/tvalaire.com\/wp-content\/uploads\/2017\/01\/PRESIDENTE-MUNICIPAL-ATIENDE-A-LAS-COMUNIDADES-2-300x199.jpg\" alt=\"\" width=\"300\" height=\"199\" srcset=\"http:\/\/tvalaire.com\/wp-content\/uploads\/2017\/01\/PRESIDENTE-MUNICIPAL-ATIENDE-A-LAS-COMUNIDADES-2-300x199.jpg 300w, http:\/\/tvalaire.com\/wp-content\/uploads\/2017\/01\/PRESIDENTE-MUNICIPAL-ATIENDE-A-LAS-COMUNIDADES-2-768x509.jpg 768w, http:\/\/tvalaire.com\/wp-content\/uploads\/2017\/01\/PRESIDENTE-MUNICIPAL-ATIENDE-A-LAS-COMUNIDADES-2-1024x678.jpg 1024w\" sizes=\"(max-width: 300px) 100vw, 300px\" \/><\/p>\n<p><img loading=\"lazy\" decoding=\"async\" class=\"alignnone size-medium wp-image-220\" src=\"http:\/\/tvalaire.com\/wp-content\/uploads\/2017\/01\/PRESIDENTE-MUNICIPAL-ATIENDE-A-LAS-COMUNIDADES-3-300x199.jpg\" alt=\"\" width=\"300\" height=\"199\" srcset=\"http:\/\/tvalaire.com\/wp-content\/uploads\/2017\/01\/PRESIDENTE-MUNICIPAL-ATIENDE-A-LAS-COMUNIDADES-3-300x199.jpg 300w, http:\/\/tvalaire.com\/wp-content\/uploads\/2017\/01\/PRESIDENTE-MUNICIPAL-ATIENDE-A-LAS-COMUNIDADES-3-768x509.jpg 768w, http:\/\/tvalaire.com\/wp-content\/uploads\/2017\/01\/PRESIDENTE-MUNICIPAL-ATIENDE-A-LAS-COMUNIDADES-3-1024x678.jpg 1024w\" sizes=\"(max-width: 300px) 100vw, 300px\" \/><\/p>\n<p><img loading=\"lazy\" decoding=\"async\" class=\"alignnone size-medium wp-image-221\" src=\"http:\/\/tvalaire.com\/wp-content\/uploads\/2017\/01\/PRESIDENTE-MUNICIPAL-ATIENDE-A-LAS-COMUNIDADES-4-300x199.jpg\" alt=\"\" width=\"300\" height=\"199\" srcset=\"http:\/\/tvalaire.com\/wp-content\/uploads\/2017\/01\/PRESIDENTE-MUNICIPAL-ATIENDE-A-LAS-COMUNIDADES-4-300x199.jpg 300w, http:\/\/tvalaire.com\/wp-content\/uploads\/2017\/01\/PRESIDENTE-MUNICIPAL-ATIENDE-A-LAS-COMUNIDADES-4-768x509.jpg 768w, http:\/\/tvalaire.com\/wp-content\/uploads\/2017\/01\/PRESIDENTE-MUNICIPAL-ATIENDE-A-LAS-COMUNIDADES-4-1024x678.jpg 1024w\" sizes=\"(max-width: 300px) 100vw, 300px\" \/><\/p>\n<p><img loading=\"lazy\" decoding=\"async\" class=\"alignnone size-medium wp-image-222\" src=\"http:\/\/tvalaire.com\/wp-content\/uploads\/2017\/01\/PRESIDENTE-MUNICIPAL-ATIENDE-A-LAS-COMUNIDADES-5-300x199.jpg\" alt=\"\" width=\"300\" height=\"199\" srcset=\"http:\/\/tvalaire.com\/wp-content\/uploads\/2017\/01\/PRESIDENTE-MUNICIPAL-ATIENDE-A-LAS-COMUNIDADES-5-300x199.jpg 300w, http:\/\/tvalaire.com\/wp-content\/uploads\/2017\/01\/PRESIDENTE-MUNICIPAL-ATIENDE-A-LAS-COMUNIDADES-5-768x509.jpg 768w, http:\/\/tvalaire.com\/wp-content\/uploads\/2017\/01\/PRESIDENTE-MUNICIPAL-ATIENDE-A-LAS-COMUNIDADES-5-1024x678.jpg 1024w\" sizes=\"(max-width: 300px) 100vw, 300px\" \/><\/p>\n<p>&nbsp;<\/p>\n","protected":false},"excerpt":{"rendered":"<p>Sigue la ciudadan\u00eda acudiendo al Palacio Municipal para ser escuchada y atendida por el Presidente&#8230;<\/p>\n","protected":false},"author":1,"featured_media":217,"comment_status":"open","ping_status":"open","sticky":false,"template":"","format":"standard","meta":{"jetpack_post_was_ever_published":false,"_jetpack_newsletter_access":"","_jetpack_dont_email_post_to_subs":false,"_jetpack_newsletter_tier_id":0,"_jetpack_memberships_contains_paywalled_content":false,"_jetpack_memberships_contains_paid_content":false,"footnotes":"","jetpack_publicize_message":"","jetpack_publicize_feature_enabled":true,"jetpack_social_post_already_shared":false,"jetpack_social_options":{"image_generator_settings":{"template":"highway","enabled":false},"version":2}},"categories":[4],"tags":[],"class_list":["post-216","post","type-post","status-publish","format-standard","has-post-thumbnail","hentry","category-puruandiro"],"jetpack_publicize_connections":[],"jetpack_sharing_enabled":true,"featured_image_urls":{"full":["http:\/\/tvalaire.com\/wp-content\/uploads\/2017\/01\/PRESIDENTE-MUNICIPAL-ATIENDE-A-LAS-COMUNIDADES-6.jpg",2464,1632,false],"thumbnail":["http:\/\/tvalaire.com\/wp-content\/uploads\/2017\/01\/PRESIDENTE-MUNICIPAL-ATIENDE-A-LAS-COMUNIDADES-6-150x150.jpg",150,150,true],"medium":["http:\/\/tvalaire.com\/wp-content\/uploads\/2017\/01\/PRESIDENTE-MUNICIPAL-ATIENDE-A-LAS-COMUNIDADES-6-300x199.jpg",300,199,true],"medium_large":["http:\/\/tvalaire.com\/wp-content\/uploads\/2017\/01\/PRESIDENTE-MUNICIPAL-ATIENDE-A-LAS-COMUNIDADES-6-768x509.jpg",640,424,true],"large":["http:\/\/tvalaire.com\/wp-content\/uploads\/2017\/01\/PRESIDENTE-MUNICIPAL-ATIENDE-A-LAS-COMUNIDADES-6-1024x678.jpg",640,424,true],"post-slider-thumb-size":["http:\/\/tvalaire.com\/wp-content\/uploads\/2017\/01\/PRESIDENTE-MUNICIPAL-ATIENDE-A-LAS-COMUNIDADES-6.jpg",287,190,false],"post-category-slider-size":["http:\/\/tvalaire.com\/wp-content\/uploads\/2017\/01\/PRESIDENTE-MUNICIPAL-ATIENDE-A-LAS-COMUNIDADES-6.jpg",330,219,false],"1536x1536":["http:\/\/tvalaire.com\/wp-content\/uploads\/2017\/01\/PRESIDENTE-MUNICIPAL-ATIENDE-A-LAS-COMUNIDADES-6.jpg",1536,1017,false],"2048x2048":["http:\/\/tvalaire.com\/wp-content\/uploads\/2017\/01\/PRESIDENTE-MUNICIPAL-ATIENDE-A-LAS-COMUNIDADES-6.jpg",2048,1356,false],"newsium-slider-full":["http:\/\/tvalaire.com\/wp-content\/uploads\/2017\/01\/PRESIDENTE-MUNICIPAL-ATIENDE-A-LAS-COMUNIDADES-6.jpg",1276,845,false],"newsium-featured":["http:\/\/tvalaire.com\/wp-content\/uploads\/2017\/01\/PRESIDENTE-MUNICIPAL-ATIENDE-A-LAS-COMUNIDADES-6.jpg",1024,678,false],"newsium-medium":["http:\/\/tvalaire.com\/wp-content\/uploads\/2017\/01\/PRESIDENTE-MUNICIPAL-ATIENDE-A-LAS-COMUNIDADES-6.jpg",717,475,false]},"author_info":{"info":["tvalairenoti"]},"category_info":"<a href=\"http:\/\/tvalaire.com\/?cat=4\" rel=\"category\">Puru\u00e1ndiro<\/a>","tag_info":"Puru\u00e1ndiro","comment_count":"0","jetpack_featured_media_url":"http:\/\/tvalaire.com\/wp-content\/uploads\/2017\/01\/PRESIDENTE-MUNICIPAL-ATIENDE-A-LAS-COMUNIDADES-6.jpg","_links":{"self":[{"href":"http:\/\/tvalaire.com\/index.php?rest_route=\/wp\/v2\/posts\/216"}],"collection":[{"href":"http:\/\/tvalaire.com\/index.php?rest_route=\/wp\/v2\/posts"}],"about":[{"href":"http:\/\/tvalaire.com\/index.php?rest_route=\/wp\/v2\/types\/post"}],"author":[{"embeddable":true,"href":"http:\/\/tvalaire.com\/index.php?rest_route=\/wp\/v2\/users\/1"}],"replies":[{"embeddable":true,"href":"http:\/\/tvalaire.com\/index.php?rest_route=%2Fwp%2Fv2%2Fcomments&post=216"}],"version-history":[{"count":1,"href":"http:\/\/tvalaire.com\/index.php?rest_route=\/wp\/v2\/posts\/216\/revisions"}],"predecessor-version":[{"id":223,"href":"http:\/\/tvalaire.com\/index.php?rest_route=\/wp\/v2\/posts\/216\/revisions\/223"}],"wp:featuredmedia":[{"embeddable":true,"href":"http:\/\/tvalaire.com\/index.php?rest_route=\/wp\/v2\/media\/217"}],"wp:attachment":[{"href":"http:\/\/tvalaire.com\/index.php?rest_route=%2Fwp%2Fv2%2Fmedia&parent=216"}],"wp:term":[{"taxonomy":"category","embeddable":true,"href":"http:\/\/tvalaire.com\/index.php?rest_route=%2Fwp%2Fv2%2Fcategories&post=216"},{"taxonomy":"post_tag","embeddable":true,"href":"http:\/\/tvalaire.com\/index.php?rest_route=%2Fwp%2Fv2%2Ftags&post=216"}],"curies":[{"name":"wp","href":"https:\/\/api.w.org\/{rel}","templated":true}]}}