{"id":2158,"date":"2017-07-05T09:41:01","date_gmt":"2017-07-05T14:41:01","guid":{"rendered":"http:\/\/tvalaire.com\/?p=2158"},"modified":"2017-07-05T09:41:01","modified_gmt":"2017-07-05T14:41:01","slug":"la-piedad-sera-sede-del-congreso-nacional-e-internacional-contra-las-adicciones","status":"publish","type":"post","link":"http:\/\/tvalaire.com\/?p=2158","title":{"rendered":"LA PIEDAD SER\u00c1 SEDE DEL CONGRESO NACIONAL E INTERNACIONAL CONTRA LAS ADICCIONES"},"content":{"rendered":"<p>A trav\u00e9s de la direcci\u00f3n de Desarrollo Social en coordinaci\u00f3n con la Asociaci\u00f3n Civil \u201cEstructura de Servicios Generales 4 y 5 A.C.\u201d, llevar\u00e1n a cabo el Congreso Nacional e Internacional contra las adicciones que se realizar\u00e1 del 14 al 16 de julio en la Unidad Deportiva \u201cBicentenario\u201d.<\/p>\n<p>&nbsp;<\/p>\n<p>La Estructura de Servicios Generales congrega a varios centros de rehabilitaci\u00f3n para adictos a nivel nacional e internacional, por lo que se prev\u00e9 la participaci\u00f3n y presencia de entre mil a mil 200 asistentes provenientes de varios puntos de la rep\u00fablica mexicana y el extranjero.<\/p>\n<p>&nbsp;<\/p>\n<p>Durante los tres d\u00edas que durar\u00e1 el evento se tiene contemplado todo un programa de actividades que incluye plenarias, conciertos de alabanzas, entre otras actividades.<\/p>\n<p>&nbsp;<\/p>\n<p>El inicio del programa ser\u00e1 el viernes 14 de julio a las 16:30 horas que arrancar\u00e1 con el registro de asistentes y un concierto de alabanzas. El s\u00e1bado 15 de julio, la inauguraci\u00f3n se llevar\u00e1 a cabo a partir de las 09:30 horas y posteriormente iniciar\u00e1 la primera plenaria e inicio del primer bloque de compartimientos.<\/p>\n<p>&nbsp;<\/p>\n<p>El domingo 16 de julio continuar\u00e1n con el programa de actividades y la clausura se realizar\u00e1 a las 13:30 horas.La cuota de recuperaci\u00f3n ser\u00e1 de 35 pesos que incluye un gafete de entrada al evento y el acceso directo al \u00e1rea de camping, ba\u00f1os, los tres alimentos y su pase al concierto de alabanzas.<\/p>\n<p>&nbsp;<\/p>\n<p>Para mayores informes, los interesados deber\u00e1n comunicarse a los tel\u00e9fono 352 52 40603 con los representantes del grupo \u201cLibertad y paz\u201d y las inscripciones a los grupos de alabanzas son al 352 147 1906.<\/p>\n<p>&nbsp;<\/p>\n<p>&nbsp;<\/p>\n<p>&nbsp;<\/p>\n","protected":false},"excerpt":{"rendered":"<p>A trav\u00e9s de la direcci\u00f3n de Desarrollo Social en coordinaci\u00f3n con la Asociaci\u00f3n Civil \u201cEstructura&#8230;<\/p>\n","protected":false},"author":1,"featured_media":2155,"comment_status":"open","ping_status":"open","sticky":false,"template":"","format":"standard","meta":{"jetpack_post_was_ever_published":false,"_jetpack_newsletter_access":"","_jetpack_dont_email_post_to_subs":false,"_jetpack_newsletter_tier_id":0,"_jetpack_memberships_contains_paywalled_content":false,"_jetpack_memberships_contains_paid_content":false,"footnotes":"","jetpack_publicize_message":"","jetpack_publicize_feature_enabled":true,"jetpack_social_post_already_shared":false,"jetpack_social_options":{"image_generator_settings":{"template":"highway","enabled":false},"version":2}},"categories":[1],"tags":[15,36],"class_list":["post-2158","post","type-post","status-publish","format-standard","has-post-thumbnail","hentry","category-la-piedad","tag-la-piedad","tag-principales"],"jetpack_publicize_connections":[],"jetpack_sharing_enabled":true,"featured_image_urls":{"full":["http:\/\/tvalaire.com\/wp-content\/uploads\/2017\/07\/LA-PIEDAD-SERA-SEDE.jpg",621,960,false],"thumbnail":["http:\/\/tvalaire.com\/wp-content\/uploads\/2017\/07\/LA-PIEDAD-SERA-SEDE-150x150.jpg",150,150,true],"medium":["http:\/\/tvalaire.com\/wp-content\/uploads\/2017\/07\/LA-PIEDAD-SERA-SEDE-194x300.jpg",194,300,true],"medium_large":["http:\/\/tvalaire.com\/wp-content\/uploads\/2017\/07\/LA-PIEDAD-SERA-SEDE.jpg",621,960,false],"large":["http:\/\/tvalaire.com\/wp-content\/uploads\/2017\/07\/LA-PIEDAD-SERA-SEDE.jpg",621,960,false],"post-slider-thumb-size":["http:\/\/tvalaire.com\/wp-content\/uploads\/2017\/07\/LA-PIEDAD-SERA-SEDE.jpg",123,190,false],"post-category-slider-size":["http:\/\/tvalaire.com\/wp-content\/uploads\/2017\/07\/LA-PIEDAD-SERA-SEDE.jpg",226,350,false],"1536x1536":["http:\/\/tvalaire.com\/wp-content\/uploads\/2017\/07\/LA-PIEDAD-SERA-SEDE.jpg",621,960,false],"2048x2048":["http:\/\/tvalaire.com\/wp-content\/uploads\/2017\/07\/LA-PIEDAD-SERA-SEDE.jpg",621,960,false],"newsium-slider-full":["http:\/\/tvalaire.com\/wp-content\/uploads\/2017\/07\/LA-PIEDAD-SERA-SEDE.jpg",547,845,false],"newsium-featured":["http:\/\/tvalaire.com\/wp-content\/uploads\/2017\/07\/LA-PIEDAD-SERA-SEDE.jpg",621,960,false],"newsium-medium":["http:\/\/tvalaire.com\/wp-content\/uploads\/2017\/07\/LA-PIEDAD-SERA-SEDE.jpg",307,475,false]},"author_info":{"info":["tvalairenoti"]},"category_info":"<a href=\"http:\/\/tvalaire.com\/?cat=1\" rel=\"category\">La Piedad<\/a>","tag_info":"La Piedad","comment_count":"0","jetpack_featured_media_url":"http:\/\/tvalaire.com\/wp-content\/uploads\/2017\/07\/LA-PIEDAD-SERA-SEDE.jpg","_links":{"self":[{"href":"http:\/\/tvalaire.com\/index.php?rest_route=\/wp\/v2\/posts\/2158"}],"collection":[{"href":"http:\/\/tvalaire.com\/index.php?rest_route=\/wp\/v2\/posts"}],"about":[{"href":"http:\/\/tvalaire.com\/index.php?rest_route=\/wp\/v2\/types\/post"}],"author":[{"embeddable":true,"href":"http:\/\/tvalaire.com\/index.php?rest_route=\/wp\/v2\/users\/1"}],"replies":[{"embeddable":true,"href":"http:\/\/tvalaire.com\/index.php?rest_route=%2Fwp%2Fv2%2Fcomments&post=2158"}],"version-history":[{"count":1,"href":"http:\/\/tvalaire.com\/index.php?rest_route=\/wp\/v2\/posts\/2158\/revisions"}],"predecessor-version":[{"id":2159,"href":"http:\/\/tvalaire.com\/index.php?rest_route=\/wp\/v2\/posts\/2158\/revisions\/2159"}],"wp:featuredmedia":[{"embeddable":true,"href":"http:\/\/tvalaire.com\/index.php?rest_route=\/wp\/v2\/media\/2155"}],"wp:attachment":[{"href":"http:\/\/tvalaire.com\/index.php?rest_route=%2Fwp%2Fv2%2Fmedia&parent=2158"}],"wp:term":[{"taxonomy":"category","embeddable":true,"href":"http:\/\/tvalaire.com\/index.php?rest_route=%2Fwp%2Fv2%2Fcategories&post=2158"},{"taxonomy":"post_tag","embeddable":true,"href":"http:\/\/tvalaire.com\/index.php?rest_route=%2Fwp%2Fv2%2Ftags&post=2158"}],"curies":[{"name":"wp","href":"https:\/\/api.w.org\/{rel}","templated":true}]}}