{"id":2138,"date":"2017-07-03T10:17:47","date_gmt":"2017-07-03T15:17:47","guid":{"rendered":"http:\/\/tvalaire.com\/?p=2138"},"modified":"2017-07-03T10:17:47","modified_gmt":"2017-07-03T15:17:47","slug":"se-hacen-acciones-en-pro-del-medio-ambiente-en-la-piedad","status":"publish","type":"post","link":"http:\/\/tvalaire.com\/?p=2138","title":{"rendered":"SE HACEN ACCIONES EN PRO DEL MEDIO AMBIENTE EN LA PIEDAD"},"content":{"rendered":"<p class=\"xmsonormal\" style=\"margin-left: 288.0pt; text-align: justify; background: white;\"><span style=\"font-size: 10.0pt; font-family: 'Segoe UI','sans-serif'; color: #212121;\">\u00a0<\/span><\/p>\n<p class=\"xmsonormal\" style=\"text-align: justify; background: white;\"><span style=\"font-family: 'Arial','sans-serif'; color: #212121;\">Con el principal objetivo de contribuir en el mejoramiento del entorno social en materia de ecolog\u00eda, el Gobierno Municipal de La Piedad sum\u00f3 esfuerzos con la instituci\u00f3n educativa ICEP para realizar trabajos de limpieza y reforestaci\u00f3n de la avenida \u201cRicardo Guzm\u00e1n Romero\u201d.<\/span><\/p>\n<p class=\"xmsonormal\" style=\"text-align: justify; background: white;\"><span style=\"font-family: 'Arial','sans-serif'; color: #212121;\">El grupo de psicolog\u00eda del tercer cuatrimestre del referido plantel estudiantil estuvo desarrollando la actividad en colaboraci\u00f3n con la Coordinaci\u00f3n de Ecolog\u00eda de la actual administraci\u00f3n.<\/span><\/p>\n<p class=\"xmsonormal\" style=\"text-align: justify; background: white;\"><span style=\"font-family: 'Arial','sans-serif'; color: #212121;\">Ah\u00ed mismo otros sectores de la poblaci\u00f3n civil estuvieron participando de las acciones tales como Sport Fit Club, Grupo activo 20,30, as\u00ed como integrantes del Grupo Nutres.<\/span><\/p>\n<p class=\"xmsonormal\" style=\"text-align: justify; background: white;\"><span style=\"font-family: 'Arial','sans-serif'; color: #212121;\">De igual manera el S\u00edndico Municipal en representaci\u00f3n del Alcalde Estrada Medina, antes de comenzar con las labores, se dirigi\u00f3 a los participantes a quienes reconoci\u00f3 la iniciativa, el esfuerzo y las buenas intenciones para sumar esfuerzos a favor del medio ambiente.<\/span><\/p>\n<p class=\"xmsonormal\" style=\"text-align: justify; background: white;\"><span style=\"font-family: 'Arial','sans-serif'; color: #212121;\">Agreg\u00f3 el funcionario, que cuando se establece una sinergia entre autoridades y sociedad en general se logran resultados favorables para todos, por lo que extendi\u00f3 al mismo tiempo una invitaci\u00f3n para que este tipo de acciones, se sigan replicando y as\u00ed tener una mejor ciudad donde vivir.<\/span><\/p>\n<p class=\"xmsonormal\" style=\"text-align: justify; background: white;\"><span style=\"font-family: 'Arial','sans-serif'; color: #212121;\">Cabe destacar que por la vialidad antes referida donde se hizo limpieza los j\u00f3venes estudiantes y poblaci\u00f3n participante lograron realizar la labor de plantaci\u00f3n de 200 arbolitos, siendo Guamuchil, Jacarandas y Tabach\u00edn, para as\u00ed mismo aprovechar las lluvias que se est\u00e1n presentando y se logren desarrollar de manera adecuada.\u00a0<\/span><\/p>\n","protected":false},"excerpt":{"rendered":"<p>\u00a0 Con el principal objetivo de contribuir en el mejoramiento del entorno social en materia&#8230;<\/p>\n","protected":false},"author":1,"featured_media":2131,"comment_status":"open","ping_status":"open","sticky":false,"template":"","format":"standard","meta":{"jetpack_post_was_ever_published":false,"_jetpack_newsletter_access":"","_jetpack_dont_email_post_to_subs":false,"_jetpack_newsletter_tier_id":0,"_jetpack_memberships_contains_paywalled_content":false,"_jetpack_memberships_contains_paid_content":false,"footnotes":"","jetpack_publicize_message":"","jetpack_publicize_feature_enabled":true,"jetpack_social_post_already_shared":false,"jetpack_social_options":{"image_generator_settings":{"template":"highway","enabled":false},"version":2}},"categories":[1],"tags":[15,36],"class_list":["post-2138","post","type-post","status-publish","format-standard","has-post-thumbnail","hentry","category-la-piedad","tag-la-piedad","tag-principales"],"jetpack_publicize_connections":[],"jetpack_sharing_enabled":true,"featured_image_urls":{"full":["http:\/\/tvalaire.com\/wp-content\/uploads\/2017\/07\/SE-HACEN-ACCIONES-EN-PRO-DEL-MEDIO-AMBIENTE-EN-LA-PIEDAD.jpg",1280,960,false],"thumbnail":["http:\/\/tvalaire.com\/wp-content\/uploads\/2017\/07\/SE-HACEN-ACCIONES-EN-PRO-DEL-MEDIO-AMBIENTE-EN-LA-PIEDAD-150x150.jpg",150,150,true],"medium":["http:\/\/tvalaire.com\/wp-content\/uploads\/2017\/07\/SE-HACEN-ACCIONES-EN-PRO-DEL-MEDIO-AMBIENTE-EN-LA-PIEDAD-300x225.jpg",300,225,true],"medium_large":["http:\/\/tvalaire.com\/wp-content\/uploads\/2017\/07\/SE-HACEN-ACCIONES-EN-PRO-DEL-MEDIO-AMBIENTE-EN-LA-PIEDAD-768x576.jpg",640,480,true],"large":["http:\/\/tvalaire.com\/wp-content\/uploads\/2017\/07\/SE-HACEN-ACCIONES-EN-PRO-DEL-MEDIO-AMBIENTE-EN-LA-PIEDAD-1024x768.jpg",640,480,true],"post-slider-thumb-size":["http:\/\/tvalaire.com\/wp-content\/uploads\/2017\/07\/SE-HACEN-ACCIONES-EN-PRO-DEL-MEDIO-AMBIENTE-EN-LA-PIEDAD.jpg",253,190,false],"post-category-slider-size":["http:\/\/tvalaire.com\/wp-content\/uploads\/2017\/07\/SE-HACEN-ACCIONES-EN-PRO-DEL-MEDIO-AMBIENTE-EN-LA-PIEDAD.jpg",330,248,false],"1536x1536":["http:\/\/tvalaire.com\/wp-content\/uploads\/2017\/07\/SE-HACEN-ACCIONES-EN-PRO-DEL-MEDIO-AMBIENTE-EN-LA-PIEDAD.jpg",1280,960,false],"2048x2048":["http:\/\/tvalaire.com\/wp-content\/uploads\/2017\/07\/SE-HACEN-ACCIONES-EN-PRO-DEL-MEDIO-AMBIENTE-EN-LA-PIEDAD.jpg",1280,960,false],"newsium-slider-full":["http:\/\/tvalaire.com\/wp-content\/uploads\/2017\/07\/SE-HACEN-ACCIONES-EN-PRO-DEL-MEDIO-AMBIENTE-EN-LA-PIEDAD.jpg",1127,845,false],"newsium-featured":["http:\/\/tvalaire.com\/wp-content\/uploads\/2017\/07\/SE-HACEN-ACCIONES-EN-PRO-DEL-MEDIO-AMBIENTE-EN-LA-PIEDAD.jpg",1024,768,false],"newsium-medium":["http:\/\/tvalaire.com\/wp-content\/uploads\/2017\/07\/SE-HACEN-ACCIONES-EN-PRO-DEL-MEDIO-AMBIENTE-EN-LA-PIEDAD.jpg",633,475,false]},"author_info":{"info":["tvalairenoti"]},"category_info":"<a href=\"http:\/\/tvalaire.com\/?cat=1\" rel=\"category\">La Piedad<\/a>","tag_info":"La Piedad","comment_count":"0","jetpack_featured_media_url":"http:\/\/tvalaire.com\/wp-content\/uploads\/2017\/07\/SE-HACEN-ACCIONES-EN-PRO-DEL-MEDIO-AMBIENTE-EN-LA-PIEDAD.jpg","_links":{"self":[{"href":"http:\/\/tvalaire.com\/index.php?rest_route=\/wp\/v2\/posts\/2138"}],"collection":[{"href":"http:\/\/tvalaire.com\/index.php?rest_route=\/wp\/v2\/posts"}],"about":[{"href":"http:\/\/tvalaire.com\/index.php?rest_route=\/wp\/v2\/types\/post"}],"author":[{"embeddable":true,"href":"http:\/\/tvalaire.com\/index.php?rest_route=\/wp\/v2\/users\/1"}],"replies":[{"embeddable":true,"href":"http:\/\/tvalaire.com\/index.php?rest_route=%2Fwp%2Fv2%2Fcomments&post=2138"}],"version-history":[{"count":1,"href":"http:\/\/tvalaire.com\/index.php?rest_route=\/wp\/v2\/posts\/2138\/revisions"}],"predecessor-version":[{"id":2139,"href":"http:\/\/tvalaire.com\/index.php?rest_route=\/wp\/v2\/posts\/2138\/revisions\/2139"}],"wp:featuredmedia":[{"embeddable":true,"href":"http:\/\/tvalaire.com\/index.php?rest_route=\/wp\/v2\/media\/2131"}],"wp:attachment":[{"href":"http:\/\/tvalaire.com\/index.php?rest_route=%2Fwp%2Fv2%2Fmedia&parent=2138"}],"wp:term":[{"taxonomy":"category","embeddable":true,"href":"http:\/\/tvalaire.com\/index.php?rest_route=%2Fwp%2Fv2%2Fcategories&post=2138"},{"taxonomy":"post_tag","embeddable":true,"href":"http:\/\/tvalaire.com\/index.php?rest_route=%2Fwp%2Fv2%2Ftags&post=2138"}],"curies":[{"name":"wp","href":"https:\/\/api.w.org\/{rel}","templated":true}]}}