{"id":2129,"date":"2017-07-03T10:00:03","date_gmt":"2017-07-03T15:00:03","guid":{"rendered":"http:\/\/tvalaire.com\/?p=2129"},"modified":"2017-07-03T10:00:03","modified_gmt":"2017-07-03T15:00:03","slug":"la-escuela-de-artes-de-la-piedad-invita-a-los-cursos-de-verano","status":"publish","type":"post","link":"http:\/\/tvalaire.com\/?p=2129","title":{"rendered":"LA ESCUELA DE ARTES DE LA PIEDAD INVITA A LOS CURSOS DE VERANO"},"content":{"rendered":"<p>Con el objetivo de ofrecer alternativas de aprendizaje en los ni\u00f1os del municipio de La Piedad, ya se trabaja en la organizaci\u00f3n y planeaci\u00f3n de acciones para efectuarse durante el tiempo de vacaciones de verano en la Escuela de Artes de la ciudad.<\/p>\n<p>La encomienda es que se genere un plan de trabajo para que durante las vacaciones que se avecinan los ni\u00f1os y j\u00f3venes que dejan de ir a la escuela, puedan acudir a un espacio donde su formaci\u00f3n personal continu\u00e9.<\/p>\n<p>En respuesta y en atenci\u00f3n a lo dispuesto se tienen programadas actividades de crecimiento personal a llevarse a cabo en las instalaciones de la Escuela de Artes.<\/p>\n<p>El responsable de la dependencia antes referida y de la difusi\u00f3n y promoci\u00f3n del arte en nuestra ciudad Francisco R\u00edos Corona, dijo que se tienen preparadas diversidad de actividades que iniciar\u00e1n a partir del pr\u00f3ximo 17 de julio y a donde los ni\u00f1os con edad de seis a\u00f1os podr\u00e1n acudir.<\/p>\n<p>La invitaci\u00f3n se extiende se hace de manera general y quienes tengan dudas al respecto del curso que se llevar\u00e1 a cabo pueden comunicarse al tel\u00e9fono 52 2 65 80 o si lo desean visitar las instalaciones de la dependencia y pedir mayores informes.<\/p>\n<p>&nbsp;<\/p>\n","protected":false},"excerpt":{"rendered":"<p>Con el objetivo de ofrecer alternativas de aprendizaje en los ni\u00f1os del municipio de La&#8230;<\/p>\n","protected":false},"author":1,"featured_media":2132,"comment_status":"open","ping_status":"open","sticky":false,"template":"","format":"standard","meta":{"jetpack_post_was_ever_published":false,"_jetpack_newsletter_access":"","_jetpack_dont_email_post_to_subs":false,"_jetpack_newsletter_tier_id":0,"_jetpack_memberships_contains_paywalled_content":false,"_jetpack_memberships_contains_paid_content":false,"footnotes":"","jetpack_publicize_message":"","jetpack_publicize_feature_enabled":true,"jetpack_social_post_already_shared":false,"jetpack_social_options":{"image_generator_settings":{"template":"highway","enabled":false},"version":2}},"categories":[1,35],"tags":[15,36],"class_list":["post-2129","post","type-post","status-publish","format-standard","has-post-thumbnail","hentry","category-la-piedad","category-principales","tag-la-piedad","tag-principales"],"jetpack_publicize_connections":[],"jetpack_sharing_enabled":true,"featured_image_urls":{"full":["http:\/\/tvalaire.com\/wp-content\/uploads\/2017\/07\/LA-ESCUELA-DE-ARTES-DE-LA-PIEDAD-INVITA-A-LOS-CURSOS-DE-VERANO.jpg",509,395,false],"thumbnail":["http:\/\/tvalaire.com\/wp-content\/uploads\/2017\/07\/LA-ESCUELA-DE-ARTES-DE-LA-PIEDAD-INVITA-A-LOS-CURSOS-DE-VERANO-150x150.jpg",150,150,true],"medium":["http:\/\/tvalaire.com\/wp-content\/uploads\/2017\/07\/LA-ESCUELA-DE-ARTES-DE-LA-PIEDAD-INVITA-A-LOS-CURSOS-DE-VERANO-300x233.jpg",300,233,true],"medium_large":["http:\/\/tvalaire.com\/wp-content\/uploads\/2017\/07\/LA-ESCUELA-DE-ARTES-DE-LA-PIEDAD-INVITA-A-LOS-CURSOS-DE-VERANO.jpg",509,395,false],"large":["http:\/\/tvalaire.com\/wp-content\/uploads\/2017\/07\/LA-ESCUELA-DE-ARTES-DE-LA-PIEDAD-INVITA-A-LOS-CURSOS-DE-VERANO.jpg",509,395,false],"post-slider-thumb-size":["http:\/\/tvalaire.com\/wp-content\/uploads\/2017\/07\/LA-ESCUELA-DE-ARTES-DE-LA-PIEDAD-INVITA-A-LOS-CURSOS-DE-VERANO.jpg",245,190,false],"post-category-slider-size":["http:\/\/tvalaire.com\/wp-content\/uploads\/2017\/07\/LA-ESCUELA-DE-ARTES-DE-LA-PIEDAD-INVITA-A-LOS-CURSOS-DE-VERANO.jpg",330,256,false],"1536x1536":["http:\/\/tvalaire.com\/wp-content\/uploads\/2017\/07\/LA-ESCUELA-DE-ARTES-DE-LA-PIEDAD-INVITA-A-LOS-CURSOS-DE-VERANO.jpg",509,395,false],"2048x2048":["http:\/\/tvalaire.com\/wp-content\/uploads\/2017\/07\/LA-ESCUELA-DE-ARTES-DE-LA-PIEDAD-INVITA-A-LOS-CURSOS-DE-VERANO.jpg",509,395,false],"newsium-slider-full":["http:\/\/tvalaire.com\/wp-content\/uploads\/2017\/07\/LA-ESCUELA-DE-ARTES-DE-LA-PIEDAD-INVITA-A-LOS-CURSOS-DE-VERANO.jpg",509,395,false],"newsium-featured":["http:\/\/tvalaire.com\/wp-content\/uploads\/2017\/07\/LA-ESCUELA-DE-ARTES-DE-LA-PIEDAD-INVITA-A-LOS-CURSOS-DE-VERANO.jpg",509,395,false],"newsium-medium":["http:\/\/tvalaire.com\/wp-content\/uploads\/2017\/07\/LA-ESCUELA-DE-ARTES-DE-LA-PIEDAD-INVITA-A-LOS-CURSOS-DE-VERANO.jpg",509,395,false]},"author_info":{"info":["tvalairenoti"]},"category_info":"<a href=\"http:\/\/tvalaire.com\/?cat=1\" rel=\"category\">La Piedad<\/a> <a href=\"http:\/\/tvalaire.com\/?cat=35\" rel=\"category\">Principales<\/a>","tag_info":"Principales","comment_count":"0","jetpack_featured_media_url":"http:\/\/tvalaire.com\/wp-content\/uploads\/2017\/07\/LA-ESCUELA-DE-ARTES-DE-LA-PIEDAD-INVITA-A-LOS-CURSOS-DE-VERANO.jpg","_links":{"self":[{"href":"http:\/\/tvalaire.com\/index.php?rest_route=\/wp\/v2\/posts\/2129"}],"collection":[{"href":"http:\/\/tvalaire.com\/index.php?rest_route=\/wp\/v2\/posts"}],"about":[{"href":"http:\/\/tvalaire.com\/index.php?rest_route=\/wp\/v2\/types\/post"}],"author":[{"embeddable":true,"href":"http:\/\/tvalaire.com\/index.php?rest_route=\/wp\/v2\/users\/1"}],"replies":[{"embeddable":true,"href":"http:\/\/tvalaire.com\/index.php?rest_route=%2Fwp%2Fv2%2Fcomments&post=2129"}],"version-history":[{"count":1,"href":"http:\/\/tvalaire.com\/index.php?rest_route=\/wp\/v2\/posts\/2129\/revisions"}],"predecessor-version":[{"id":2135,"href":"http:\/\/tvalaire.com\/index.php?rest_route=\/wp\/v2\/posts\/2129\/revisions\/2135"}],"wp:featuredmedia":[{"embeddable":true,"href":"http:\/\/tvalaire.com\/index.php?rest_route=\/wp\/v2\/media\/2132"}],"wp:attachment":[{"href":"http:\/\/tvalaire.com\/index.php?rest_route=%2Fwp%2Fv2%2Fmedia&parent=2129"}],"wp:term":[{"taxonomy":"category","embeddable":true,"href":"http:\/\/tvalaire.com\/index.php?rest_route=%2Fwp%2Fv2%2Fcategories&post=2129"},{"taxonomy":"post_tag","embeddable":true,"href":"http:\/\/tvalaire.com\/index.php?rest_route=%2Fwp%2Fv2%2Ftags&post=2129"}],"curies":[{"name":"wp","href":"https:\/\/api.w.org\/{rel}","templated":true}]}}