{"id":2111,"date":"2017-06-28T19:28:46","date_gmt":"2017-06-29T00:28:46","guid":{"rendered":"http:\/\/tvalaire.com\/?p=2111"},"modified":"2017-06-28T19:28:46","modified_gmt":"2017-06-29T00:28:46","slug":"invita-gobierno-de-la-piedad-a-campana-de-limpieza-y-reforestacion","status":"publish","type":"post","link":"http:\/\/tvalaire.com\/?p=2111","title":{"rendered":"INVITA GOBIERNO DE LA PIEDAD\u00a0 A CAMPA\u00d1A DE LIMPIEZA Y REFORESTACI\u00d3N"},"content":{"rendered":"<p class=\"x_MsoNormal\"><b>La cita es el domingo 2 de julio a partir de las 08:00 de la ma\u00f1ana en la avenida \u201cRicardo Guzm\u00e1n Romero\u201d.<\/b><\/p>\n<p class=\"x_MsoNormal\">Acciones de mejoramiento del medio ambiente son de las tareas que el Gobierno Municipal de La Piedad, dirigido por Juan Manuel Estrada Medina, a trav\u00e9s de la Coordinaci\u00f3n de Ecolog\u00eda realiza de manera propia y en varias ocasiones se suma al esfuerzo que instituciones p\u00fablicas y privadas efect\u00faan.<\/p>\n<p class=\"x_MsoNormal\">En este mismo sentido de coparticipaci\u00f3n la administraci\u00f3n se suma a las labores de reforestaci\u00f3n y limpieza que se realizar\u00e1n en el pr\u00f3ximo domingo 2 de julio por la avenida \u201cRicardo Guzm\u00e1n Romero\u201d y que prepara el centro de estudios educativos Instituto ICEP.<\/p>\n<p class=\"x_MsoNormal\">Las actividades se tienen programadas para que den inicio en punto de las 08:00 de la ma\u00f1ana en el lugar antes se\u00f1alado, por lo que se hace una invitaci\u00f3n al p\u00fablico en general que quiera ser part\u00edcipe de las acciones en donde se promueve e impulsa el cuidado del medio ambiente.<\/p>\n<p class=\"x_MsoNormal\">El Gobierno Municipal administrado por Estrada Medina, convencido de trabajar en el favorecimiento del entorno de espacios y lugares al aire libre que favorezcan el tejido social del municipio, trabaja y suma esfuerzos con la sociedad con la meta de ofrecer un entorno m\u00e1s agradable para ellos mismos.<\/p>\n<p class=\"x_MsoNormal\">De igual manera se hace la invitaci\u00f3n al p\u00fablico en general para en la fecha antes referida se haga presente en las acciones que se llevar\u00e1n a cabo y as\u00ed poder contribuir al rescate de espacios p\u00fablicos que nos pertenecen a todos.<\/p>\n","protected":false},"excerpt":{"rendered":"<p>La cita es el domingo 2 de julio a partir de las 08:00 de la&#8230;<\/p>\n","protected":false},"author":1,"featured_media":2112,"comment_status":"open","ping_status":"open","sticky":false,"template":"","format":"standard","meta":{"jetpack_post_was_ever_published":false,"_jetpack_newsletter_access":"","_jetpack_dont_email_post_to_subs":false,"_jetpack_newsletter_tier_id":0,"_jetpack_memberships_contains_paywalled_content":false,"_jetpack_memberships_contains_paid_content":false,"footnotes":"","jetpack_publicize_message":"","jetpack_publicize_feature_enabled":true,"jetpack_social_post_already_shared":false,"jetpack_social_options":{"image_generator_settings":{"template":"highway","enabled":false},"version":2}},"categories":[1],"tags":[15,36],"class_list":["post-2111","post","type-post","status-publish","format-standard","has-post-thumbnail","hentry","category-la-piedad","tag-la-piedad","tag-principales"],"jetpack_publicize_connections":[],"jetpack_sharing_enabled":true,"featured_image_urls":{"full":["http:\/\/tvalaire.com\/wp-content\/uploads\/2017\/06\/1-4-1.jpg",4608,3072,false],"thumbnail":["http:\/\/tvalaire.com\/wp-content\/uploads\/2017\/06\/1-4-1-150x150.jpg",150,150,true],"medium":["http:\/\/tvalaire.com\/wp-content\/uploads\/2017\/06\/1-4-1-300x200.jpg",300,200,true],"medium_large":["http:\/\/tvalaire.com\/wp-content\/uploads\/2017\/06\/1-4-1-768x512.jpg",640,427,true],"large":["http:\/\/tvalaire.com\/wp-content\/uploads\/2017\/06\/1-4-1-1024x683.jpg",640,427,true],"post-slider-thumb-size":["http:\/\/tvalaire.com\/wp-content\/uploads\/2017\/06\/1-4-1.jpg",285,190,false],"post-category-slider-size":["http:\/\/tvalaire.com\/wp-content\/uploads\/2017\/06\/1-4-1.jpg",330,220,false],"1536x1536":["http:\/\/tvalaire.com\/wp-content\/uploads\/2017\/06\/1-4-1.jpg",1536,1024,false],"2048x2048":["http:\/\/tvalaire.com\/wp-content\/uploads\/2017\/06\/1-4-1.jpg",2048,1365,false],"newsium-slider-full":["http:\/\/tvalaire.com\/wp-content\/uploads\/2017\/06\/1-4-1.jpg",1268,845,false],"newsium-featured":["http:\/\/tvalaire.com\/wp-content\/uploads\/2017\/06\/1-4-1.jpg",1024,683,false],"newsium-medium":["http:\/\/tvalaire.com\/wp-content\/uploads\/2017\/06\/1-4-1.jpg",713,475,false]},"author_info":{"info":["tvalairenoti"]},"category_info":"<a href=\"http:\/\/tvalaire.com\/?cat=1\" rel=\"category\">La Piedad<\/a>","tag_info":"La Piedad","comment_count":"0","jetpack_featured_media_url":"http:\/\/tvalaire.com\/wp-content\/uploads\/2017\/06\/1-4-1.jpg","_links":{"self":[{"href":"http:\/\/tvalaire.com\/index.php?rest_route=\/wp\/v2\/posts\/2111"}],"collection":[{"href":"http:\/\/tvalaire.com\/index.php?rest_route=\/wp\/v2\/posts"}],"about":[{"href":"http:\/\/tvalaire.com\/index.php?rest_route=\/wp\/v2\/types\/post"}],"author":[{"embeddable":true,"href":"http:\/\/tvalaire.com\/index.php?rest_route=\/wp\/v2\/users\/1"}],"replies":[{"embeddable":true,"href":"http:\/\/tvalaire.com\/index.php?rest_route=%2Fwp%2Fv2%2Fcomments&post=2111"}],"version-history":[{"count":1,"href":"http:\/\/tvalaire.com\/index.php?rest_route=\/wp\/v2\/posts\/2111\/revisions"}],"predecessor-version":[{"id":2113,"href":"http:\/\/tvalaire.com\/index.php?rest_route=\/wp\/v2\/posts\/2111\/revisions\/2113"}],"wp:featuredmedia":[{"embeddable":true,"href":"http:\/\/tvalaire.com\/index.php?rest_route=\/wp\/v2\/media\/2112"}],"wp:attachment":[{"href":"http:\/\/tvalaire.com\/index.php?rest_route=%2Fwp%2Fv2%2Fmedia&parent=2111"}],"wp:term":[{"taxonomy":"category","embeddable":true,"href":"http:\/\/tvalaire.com\/index.php?rest_route=%2Fwp%2Fv2%2Fcategories&post=2111"},{"taxonomy":"post_tag","embeddable":true,"href":"http:\/\/tvalaire.com\/index.php?rest_route=%2Fwp%2Fv2%2Ftags&post=2111"}],"curies":[{"name":"wp","href":"https:\/\/api.w.org\/{rel}","templated":true}]}}