{"id":210,"date":"2017-01-31T10:58:14","date_gmt":"2017-01-31T16:58:14","guid":{"rendered":"http:\/\/tvalaire.com\/?p=210"},"modified":"2017-01-31T10:58:14","modified_gmt":"2017-01-31T16:58:14","slug":"entrega-estrada-medina-las-becas-del-ultimo-bimestre-del-2016","status":"publish","type":"post","link":"http:\/\/tvalaire.com\/?p=210","title":{"rendered":"ENTREGA ESTRADA MEDINA LAS BECAS DEL \u00daLTIMO BIMESTRE DEL 2016"},"content":{"rendered":"<p class=\"x_gmail-Standard\">Dio inicio la entrega de becas municipales a los alumnos que son beneficiados con este programa en donde se anunci\u00f3 que por primera ocasi\u00f3n se suprime la despensa que se otorgaba a los beneficiarios de las escuelas Primarias por dinero en efectivo; por tanto de 130 la beca pas\u00f3 a 205 mensual y se anunci\u00f3 el aumento en cantidad y en n\u00famero a partir de este a\u00f1o.<\/p>\n<p class=\"x_gmail-Standard\">La entrega oficial de los apoyos se llev\u00f3 a cabo en la escuela primaria \u201cBenito Ju\u00e1rez\u201d de la comunidad de R\u00edo Grande, en donde el Presidente Municipal Juan Manuel Estrada Medina, acompa\u00f1ado de integrantes de su gobierno, acudi\u00f3 a entregar los recursos a los ni\u00f1os que son beneficiados en los turnos tanto matutino como vespertino.<\/p>\n<p class=\"x_gmail-Standard\">Ah\u00ed fueron recibidos por las directoras de ambos turno, Nadia Elizabeth Rollaceli Rivas y Nix Karina L\u00f3pez Sep\u00falveda, as\u00ed como por el jefe de tenencia Miguel \u00c1ngel Rodr\u00edguez Alcal\u00e1.<\/p>\n<p class=\"x_gmail-Standard\">Durante el acto, la profesora Nadia Elizabeth Rollaceli agradeci\u00f3 a nombre de los ni\u00f1os el apoyo para el otorgamiento de esta beca econ\u00f3mica e invit\u00f3 a los alumnos a seguir conservando el promedio que se requiere para que mantengan el apoyo econ\u00f3mico de parte de las autoridades municipales.<\/p>\n<p class=\"x_gmail-Standard\">Marco Antonio Rodr\u00edguez Mac\u00edas, Director de Educaci\u00f3n, anunci\u00f3 que debido a que muchas de las madres de familia se quejaban de la no utilizaci\u00f3n de algunos productos de la canasta b\u00e1sica que conten\u00edan las despensas y al ver que muchas de ellas no eran recogidas, se acord\u00f3 otorgar ese apoyo de manera econ\u00f3mica.<\/p>\n<p class=\"x_gmail-Standard\">Por tanto, si la beca mensual para los ni\u00f1os de Primaria era de 130 pesos m\u00e1s los 75 pesos que costaba la despensa el monto que recibir\u00e1n los ni\u00f1os ser\u00eda de 205 pesos mensuales, por tanto hoy, cada menor recibi\u00f3 410 pesos. Cantidad que no ser\u00e1 igual para este a\u00f1o, debido a que el Gobierno que encabeza Juan Manuel Estrada Medina, acord\u00f3 incrementar el monto del recurso que se otorga, as\u00ed como el n\u00famero de becas e inform\u00f3 que las becas del primer trimestre de este a\u00f1o, se pagar\u00e1n en marzo.<\/p>\n<p class=\"x_gmail-Standard\">Marco Antonio Rodr\u00edguez invit\u00f3 a los padres de familia que tienen ni\u00f1os con promedio de 8.5 o m\u00e1s, a realizar el tr\u00e1mite correspondiente con la finalidad de ser incluidos en la ampliaci\u00f3n que se har\u00e1 a este programa.<\/p>\n<p class=\"x_gmail-Standard\">A quienes ya tienen la beca, los conmin\u00f3 a mantenerla no bajando de calificaci\u00f3n.<\/p>\n<p class=\"x_gmail-Standard\">Destac\u00f3 que el objetivo del gobierno que preside el Juan Manuel Estrada Medina es velar por el bienestar de la ni\u00f1ez piedadense, para que estos cuenten con espacios adecuados para su buen desarrollo, sobre todo ahora que hay mucha criminalidad y drogadicci\u00f3n. Al t\u00e9rmino del acto, el Presidente Municipal realiz\u00f3 un recorrido por las instalaciones en donde ofreci\u00f3 apoyar en los trabajos de mantenimiento que la escuela requiere.<\/p>\n<p class=\"x_gmail-Standard\">\n<p class=\"x_gmail-Standard\">\n","protected":false},"excerpt":{"rendered":"<p>Dio inicio la entrega de becas municipales a los alumnos que son beneficiados con este&#8230;<\/p>\n","protected":false},"author":1,"featured_media":211,"comment_status":"open","ping_status":"open","sticky":false,"template":"","format":"standard","meta":{"jetpack_post_was_ever_published":false,"_jetpack_newsletter_access":"","_jetpack_dont_email_post_to_subs":false,"_jetpack_newsletter_tier_id":0,"_jetpack_memberships_contains_paywalled_content":false,"_jetpack_memberships_contains_paid_content":false,"footnotes":"","jetpack_publicize_message":"","jetpack_publicize_feature_enabled":true,"jetpack_social_post_already_shared":false,"jetpack_social_options":{"image_generator_settings":{"template":"highway","enabled":false},"version":2}},"categories":[1],"tags":[],"class_list":["post-210","post","type-post","status-publish","format-standard","has-post-thumbnail","hentry","category-la-piedad"],"jetpack_publicize_connections":[],"jetpack_sharing_enabled":true,"featured_image_urls":{"full":["http:\/\/tvalaire.com\/wp-content\/uploads\/2017\/01\/ENTREGA-ESTRADA-MEDINA-LAS-BECAS-DEL-\u00daLTIMO-BIMESTRE-DEL-20162.jpg",1024,683,false],"thumbnail":["http:\/\/tvalaire.com\/wp-content\/uploads\/2017\/01\/ENTREGA-ESTRADA-MEDINA-LAS-BECAS-DEL-\u00daLTIMO-BIMESTRE-DEL-20162-150x150.jpg",150,150,true],"medium":["http:\/\/tvalaire.com\/wp-content\/uploads\/2017\/01\/ENTREGA-ESTRADA-MEDINA-LAS-BECAS-DEL-\u00daLTIMO-BIMESTRE-DEL-20162-300x200.jpg",300,200,true],"medium_large":["http:\/\/tvalaire.com\/wp-content\/uploads\/2017\/01\/ENTREGA-ESTRADA-MEDINA-LAS-BECAS-DEL-\u00daLTIMO-BIMESTRE-DEL-20162-768x512.jpg",640,427,true],"large":["http:\/\/tvalaire.com\/wp-content\/uploads\/2017\/01\/ENTREGA-ESTRADA-MEDINA-LAS-BECAS-DEL-\u00daLTIMO-BIMESTRE-DEL-20162-1024x683.jpg",640,427,true],"post-slider-thumb-size":["http:\/\/tvalaire.com\/wp-content\/uploads\/2017\/01\/ENTREGA-ESTRADA-MEDINA-LAS-BECAS-DEL-\u00daLTIMO-BIMESTRE-DEL-20162.jpg",285,190,false],"post-category-slider-size":["http:\/\/tvalaire.com\/wp-content\/uploads\/2017\/01\/ENTREGA-ESTRADA-MEDINA-LAS-BECAS-DEL-\u00daLTIMO-BIMESTRE-DEL-20162.jpg",330,220,false],"1536x1536":["http:\/\/tvalaire.com\/wp-content\/uploads\/2017\/01\/ENTREGA-ESTRADA-MEDINA-LAS-BECAS-DEL-\u00daLTIMO-BIMESTRE-DEL-20162.jpg",1024,683,false],"2048x2048":["http:\/\/tvalaire.com\/wp-content\/uploads\/2017\/01\/ENTREGA-ESTRADA-MEDINA-LAS-BECAS-DEL-\u00daLTIMO-BIMESTRE-DEL-20162.jpg",1024,683,false],"newsium-slider-full":["http:\/\/tvalaire.com\/wp-content\/uploads\/2017\/01\/ENTREGA-ESTRADA-MEDINA-LAS-BECAS-DEL-\u00daLTIMO-BIMESTRE-DEL-20162.jpg",1024,683,false],"newsium-featured":["http:\/\/tvalaire.com\/wp-content\/uploads\/2017\/01\/ENTREGA-ESTRADA-MEDINA-LAS-BECAS-DEL-\u00daLTIMO-BIMESTRE-DEL-20162.jpg",1024,683,false],"newsium-medium":["http:\/\/tvalaire.com\/wp-content\/uploads\/2017\/01\/ENTREGA-ESTRADA-MEDINA-LAS-BECAS-DEL-\u00daLTIMO-BIMESTRE-DEL-20162.jpg",712,475,false]},"author_info":{"info":["tvalairenoti"]},"category_info":"<a href=\"http:\/\/tvalaire.com\/?cat=1\" rel=\"category\">La Piedad<\/a>","tag_info":"La Piedad","comment_count":"0","jetpack_featured_media_url":"http:\/\/tvalaire.com\/wp-content\/uploads\/2017\/01\/ENTREGA-ESTRADA-MEDINA-LAS-BECAS-DEL-\u00daLTIMO-BIMESTRE-DEL-20162.jpg","_links":{"self":[{"href":"http:\/\/tvalaire.com\/index.php?rest_route=\/wp\/v2\/posts\/210"}],"collection":[{"href":"http:\/\/tvalaire.com\/index.php?rest_route=\/wp\/v2\/posts"}],"about":[{"href":"http:\/\/tvalaire.com\/index.php?rest_route=\/wp\/v2\/types\/post"}],"author":[{"embeddable":true,"href":"http:\/\/tvalaire.com\/index.php?rest_route=\/wp\/v2\/users\/1"}],"replies":[{"embeddable":true,"href":"http:\/\/tvalaire.com\/index.php?rest_route=%2Fwp%2Fv2%2Fcomments&post=210"}],"version-history":[{"count":1,"href":"http:\/\/tvalaire.com\/index.php?rest_route=\/wp\/v2\/posts\/210\/revisions"}],"predecessor-version":[{"id":212,"href":"http:\/\/tvalaire.com\/index.php?rest_route=\/wp\/v2\/posts\/210\/revisions\/212"}],"wp:featuredmedia":[{"embeddable":true,"href":"http:\/\/tvalaire.com\/index.php?rest_route=\/wp\/v2\/media\/211"}],"wp:attachment":[{"href":"http:\/\/tvalaire.com\/index.php?rest_route=%2Fwp%2Fv2%2Fmedia&parent=210"}],"wp:term":[{"taxonomy":"category","embeddable":true,"href":"http:\/\/tvalaire.com\/index.php?rest_route=%2Fwp%2Fv2%2Fcategories&post=210"},{"taxonomy":"post_tag","embeddable":true,"href":"http:\/\/tvalaire.com\/index.php?rest_route=%2Fwp%2Fv2%2Ftags&post=210"}],"curies":[{"name":"wp","href":"https:\/\/api.w.org\/{rel}","templated":true}]}}