{"id":2096,"date":"2017-06-28T19:15:39","date_gmt":"2017-06-29T00:15:39","guid":{"rendered":"http:\/\/tvalaire.com\/?p=2096"},"modified":"2017-06-29T10:24:19","modified_gmt":"2017-06-29T15:24:19","slug":"todo-un-exito-feria-ecologica-2017-en-puruandiro","status":"publish","type":"post","link":"http:\/\/tvalaire.com\/?p=2096","title":{"rendered":"TODO UN \u00c9XITO FERIA ECOL\u00d3GICA 2017 EN PURU\u00c1NDIRO"},"content":{"rendered":"<p>Comprometido con el cuidado del medio ambiente, el Presidente Municipal V\u00edctor V\u00e1zquez a trav\u00e9s del departamento de ecolog\u00eda contin\u00faa implementando actividades que ayuden a concientizar a los ni\u00f1os en el cuidado del medio ambiente.<\/p>\n<p>Es el caso de la Feria Ecol\u00f3gica que se realiz\u00f3 en la calle peatonal del centro de la ciudad, la cual fue integrada por la participaci\u00f3n del CECYTEM con juegos reciclados, producci\u00f3n de cactus, el CENSAD 56 de la Comunidad de San Lorenzo, con la elaboraci\u00f3n de \u00a0bisuter\u00eda con semillas; igualmente el departamento de cultura del agua intervino en un stand con recolecci\u00f3n de pilas y un taller del cuidado del agua.<\/p>\n<p>Adem\u00e1s la comunidad del Sabino Buenavista \u00a0participo en un stand con productos naturales de medicina alternativa, la empresa Ecoestufa con estufas ecol\u00f3gicas, ISERMEX con paneles solares, CONAFOR realizo juegos did\u00e1cticos en donde se implement\u00f3 la cultura forestal, entre otros.<\/p>\n<p>Dicha actividad conto con una gran afluencia de alumnos de diversas instituciones educativas, quienes se divirtieron y aprendieron. Ah\u00ed la regidora de ecolog\u00eda Soledad Maciel Garnica reconoci\u00f3 el trabajo que ha venido realizando el departamento de Ecolog\u00eda, esperando que el mensaje se les quede a los ni\u00f1os, porque son el presente de una realidad en donde nos hemos ido acabando nuestro medio ambiente y por medio de ellos se cambie la mentalidad de estas nuevas generaciones para poder tener un mejor mundo en donde puedan vivir.<\/p>\n<p>&nbsp;<\/p>\n<p><img loading=\"lazy\" decoding=\"async\" class=\"alignnone size-medium wp-image-2095\" src=\"http:\/\/tvalaire.com\/wp-content\/uploads\/2017\/06\/FERIA-ECOLOGICA-5-300x199.jpg\" alt=\"\" width=\"300\" height=\"199\" srcset=\"http:\/\/tvalaire.com\/wp-content\/uploads\/2017\/06\/FERIA-ECOLOGICA-5-300x199.jpg 300w, http:\/\/tvalaire.com\/wp-content\/uploads\/2017\/06\/FERIA-ECOLOGICA-5-768x509.jpg 768w, http:\/\/tvalaire.com\/wp-content\/uploads\/2017\/06\/FERIA-ECOLOGICA-5-1024x678.jpg 1024w\" sizes=\"(max-width: 300px) 100vw, 300px\" \/><\/p>\n<p><img loading=\"lazy\" decoding=\"async\" class=\"alignnone size-medium wp-image-2094\" src=\"http:\/\/tvalaire.com\/wp-content\/uploads\/2017\/06\/FERIA-ECOLOGICA-4-300x199.jpg\" alt=\"\" width=\"300\" height=\"199\" srcset=\"http:\/\/tvalaire.com\/wp-content\/uploads\/2017\/06\/FERIA-ECOLOGICA-4-300x199.jpg 300w, http:\/\/tvalaire.com\/wp-content\/uploads\/2017\/06\/FERIA-ECOLOGICA-4-768x509.jpg 768w, http:\/\/tvalaire.com\/wp-content\/uploads\/2017\/06\/FERIA-ECOLOGICA-4-1024x678.jpg 1024w\" sizes=\"(max-width: 300px) 100vw, 300px\" \/><\/p>\n<p><img loading=\"lazy\" decoding=\"async\" class=\"alignnone size-medium wp-image-2093\" src=\"http:\/\/tvalaire.com\/wp-content\/uploads\/2017\/06\/FERIA-ECOLOGICA-3-300x199.jpg\" alt=\"\" width=\"300\" height=\"199\" srcset=\"http:\/\/tvalaire.com\/wp-content\/uploads\/2017\/06\/FERIA-ECOLOGICA-3-300x199.jpg 300w, http:\/\/tvalaire.com\/wp-content\/uploads\/2017\/06\/FERIA-ECOLOGICA-3-768x509.jpg 768w, http:\/\/tvalaire.com\/wp-content\/uploads\/2017\/06\/FERIA-ECOLOGICA-3-1024x678.jpg 1024w\" sizes=\"(max-width: 300px) 100vw, 300px\" \/><\/p>\n<p><img loading=\"lazy\" decoding=\"async\" class=\"alignnone size-medium wp-image-2092\" src=\"http:\/\/tvalaire.com\/wp-content\/uploads\/2017\/06\/FERIA-ECOLOGICA-2-300x199.jpg\" alt=\"\" width=\"300\" height=\"199\" srcset=\"http:\/\/tvalaire.com\/wp-content\/uploads\/2017\/06\/FERIA-ECOLOGICA-2-300x199.jpg 300w, http:\/\/tvalaire.com\/wp-content\/uploads\/2017\/06\/FERIA-ECOLOGICA-2-768x509.jpg 768w, http:\/\/tvalaire.com\/wp-content\/uploads\/2017\/06\/FERIA-ECOLOGICA-2-1024x678.jpg 1024w\" sizes=\"(max-width: 300px) 100vw, 300px\" \/><\/p>\n","protected":false},"excerpt":{"rendered":"<p>Comprometido con el cuidado del medio ambiente, el Presidente Municipal V\u00edctor V\u00e1zquez a trav\u00e9s del&#8230;<\/p>\n","protected":false},"author":1,"featured_media":2091,"comment_status":"open","ping_status":"open","sticky":false,"template":"","format":"standard","meta":{"jetpack_post_was_ever_published":false,"_jetpack_newsletter_access":"","_jetpack_dont_email_post_to_subs":false,"_jetpack_newsletter_tier_id":0,"_jetpack_memberships_contains_paywalled_content":false,"_jetpack_memberships_contains_paid_content":false,"footnotes":"","jetpack_publicize_message":"","jetpack_publicize_feature_enabled":true,"jetpack_social_post_already_shared":false,"jetpack_social_options":{"image_generator_settings":{"template":"highway","enabled":false},"version":2}},"categories":[4],"tags":[36,24],"class_list":["post-2096","post","type-post","status-publish","format-standard","has-post-thumbnail","hentry","category-puruandiro","tag-principales","tag-puruandiro"],"jetpack_publicize_connections":[],"jetpack_sharing_enabled":true,"featured_image_urls":{"full":["http:\/\/tvalaire.com\/wp-content\/uploads\/2017\/06\/FERIA-ECOLOGICA-1.jpg",4928,3264,false],"thumbnail":["http:\/\/tvalaire.com\/wp-content\/uploads\/2017\/06\/FERIA-ECOLOGICA-1-150x150.jpg",150,150,true],"medium":["http:\/\/tvalaire.com\/wp-content\/uploads\/2017\/06\/FERIA-ECOLOGICA-1-300x199.jpg",300,199,true],"medium_large":["http:\/\/tvalaire.com\/wp-content\/uploads\/2017\/06\/FERIA-ECOLOGICA-1-768x509.jpg",640,424,true],"large":["http:\/\/tvalaire.com\/wp-content\/uploads\/2017\/06\/FERIA-ECOLOGICA-1-1024x678.jpg",640,424,true],"post-slider-thumb-size":["http:\/\/tvalaire.com\/wp-content\/uploads\/2017\/06\/FERIA-ECOLOGICA-1.jpg",287,190,false],"post-category-slider-size":["http:\/\/tvalaire.com\/wp-content\/uploads\/2017\/06\/FERIA-ECOLOGICA-1.jpg",330,219,false],"1536x1536":["http:\/\/tvalaire.com\/wp-content\/uploads\/2017\/06\/FERIA-ECOLOGICA-1.jpg",1536,1017,false],"2048x2048":["http:\/\/tvalaire.com\/wp-content\/uploads\/2017\/06\/FERIA-ECOLOGICA-1.jpg",2048,1356,false],"newsium-slider-full":["http:\/\/tvalaire.com\/wp-content\/uploads\/2017\/06\/FERIA-ECOLOGICA-1.jpg",1276,845,false],"newsium-featured":["http:\/\/tvalaire.com\/wp-content\/uploads\/2017\/06\/FERIA-ECOLOGICA-1.jpg",1024,678,false],"newsium-medium":["http:\/\/tvalaire.com\/wp-content\/uploads\/2017\/06\/FERIA-ECOLOGICA-1.jpg",717,475,false]},"author_info":{"info":["tvalairenoti"]},"category_info":"<a href=\"http:\/\/tvalaire.com\/?cat=4\" rel=\"category\">Puru\u00e1ndiro<\/a>","tag_info":"Puru\u00e1ndiro","comment_count":"0","jetpack_featured_media_url":"http:\/\/tvalaire.com\/wp-content\/uploads\/2017\/06\/FERIA-ECOLOGICA-1.jpg","_links":{"self":[{"href":"http:\/\/tvalaire.com\/index.php?rest_route=\/wp\/v2\/posts\/2096"}],"collection":[{"href":"http:\/\/tvalaire.com\/index.php?rest_route=\/wp\/v2\/posts"}],"about":[{"href":"http:\/\/tvalaire.com\/index.php?rest_route=\/wp\/v2\/types\/post"}],"author":[{"embeddable":true,"href":"http:\/\/tvalaire.com\/index.php?rest_route=\/wp\/v2\/users\/1"}],"replies":[{"embeddable":true,"href":"http:\/\/tvalaire.com\/index.php?rest_route=%2Fwp%2Fv2%2Fcomments&post=2096"}],"version-history":[{"count":1,"href":"http:\/\/tvalaire.com\/index.php?rest_route=\/wp\/v2\/posts\/2096\/revisions"}],"predecessor-version":[{"id":2097,"href":"http:\/\/tvalaire.com\/index.php?rest_route=\/wp\/v2\/posts\/2096\/revisions\/2097"}],"wp:featuredmedia":[{"embeddable":true,"href":"http:\/\/tvalaire.com\/index.php?rest_route=\/wp\/v2\/media\/2091"}],"wp:attachment":[{"href":"http:\/\/tvalaire.com\/index.php?rest_route=%2Fwp%2Fv2%2Fmedia&parent=2096"}],"wp:term":[{"taxonomy":"category","embeddable":true,"href":"http:\/\/tvalaire.com\/index.php?rest_route=%2Fwp%2Fv2%2Fcategories&post=2096"},{"taxonomy":"post_tag","embeddable":true,"href":"http:\/\/tvalaire.com\/index.php?rest_route=%2Fwp%2Fv2%2Ftags&post=2096"}],"curies":[{"name":"wp","href":"https:\/\/api.w.org\/{rel}","templated":true}]}}