{"id":2083,"date":"2017-06-27T10:39:02","date_gmt":"2017-06-27T15:39:02","guid":{"rendered":"http:\/\/tvalaire.com\/?p=2083"},"modified":"2017-06-27T10:39:02","modified_gmt":"2017-06-27T15:39:02","slug":"son-mas-de-10-3-mdp-destinados-por-el-gobierno-de-la-piedad-para-becas","status":"publish","type":"post","link":"http:\/\/tvalaire.com\/?p=2083","title":{"rendered":"SON M\u00c1S DE 10.3 MDP DESTINADOS POR EL GOBIERNO DE LA PIEDAD PARA BECAS"},"content":{"rendered":"<p class=\"xmsonormal\" style=\"text-align: center; background: white; font-variant-ligatures: normal; font-variant-caps: normal; orphans: 2; widows: 2; -webkit-text-stroke-width: 0px; text-decoration-style: initial; text-decoration-color: initial; word-spacing: 0px;\" align=\"center\"><span style=\"font-size: 7.5pt; font-family: 'Segoe UI','sans-serif'; color: #212121;\">\u00a0<\/span><\/p>\n<p class=\"xmsonormal\" style=\"text-align: justify; background: white; font-variant-ligatures: normal; font-variant-caps: normal; orphans: 2; widows: 2; -webkit-text-stroke-width: 0px; text-decoration-style: initial; text-decoration-color: initial; word-spacing: 0px;\"><span style=\"font-family: 'Arial','sans-serif'; color: #212121;\">A fin de contribuir con el desarrollo acad\u00e9mico de ni\u00f1os y j\u00f3venes estudiantes, este lunes 26 en la escuela primaria \u201cConstituci\u00f3n de 1857\u201d de la comunidad de Los Guajes inici\u00f3 con la entrega de est\u00edmulos econ\u00f3micos que forman parte del programa de becas municipales.<\/span><\/p>\n<p class=\"xmsonormal\" style=\"text-align: justify; background: white; font-variant-ligatures: normal; font-variant-caps: normal; orphans: 2; widows: 2; -webkit-text-stroke-width: 0px; text-decoration-style: initial; text-decoration-color: initial; word-spacing: 0px;\"><span style=\"font-family: 'Arial','sans-serif'; color: #212121;\">Ah\u00ed el Presidente se comprometi\u00f3 a que a finales de a\u00f1o se iniciaran los trabajos para la colocaci\u00f3n de tuchumbre en el patio c\u00edvico de la instituci\u00f3n, mejorar los ba\u00f1os, adem\u00e1s de rehabilitar el camino de acceso a la comunidad, de igual manera destac\u00f3 que las acciones se sumar\u00edan a las obras que se hacen en otras escuelas como en la \u201cMelchor Ocampo\u201d donde se destinaron m\u00e1s de 800 mil pesos para rehabilitar 4 aulas en favor de los ni\u00f1os de esa instituci\u00f3n. \u00a0<\/span><\/p>\n<p class=\"xmsonormal\" style=\"text-align: justify; background: white; font-variant-ligatures: normal; font-variant-caps: normal; orphans: 2; widows: 2; -webkit-text-stroke-width: 0px; text-decoration-style: initial; text-decoration-color: initial; word-spacing: 0px;\"><span style=\"font-family: 'Arial','sans-serif'; color: #212121;\">En el acto se inform\u00f3 que se destin\u00f3 un recurso mayor a los 10.3 millones de pesos, para favorecer e incentivar el esfuerzo de los escolapios de los diferentes niveles educativos los cuales son m\u00e1s de 4 mil ni\u00f1os y j\u00f3venes que forman parte del padr\u00f3n de beneficiados.<\/span><\/p>\n<p class=\"xmsonormal\" style=\"text-align: justify; background: white;\"><span style=\"font-family: 'Arial','sans-serif'; color: #212121;\">El Alcalde destac\u00f3 la importancia de destinar recursos a este sector, subrayando que para la administraci\u00f3n siempre ha sido de vital importancia apoyar y coadyuvar al desarrollo intelectual de los ni\u00f1os y j\u00f3venes del municipio que son el futuro cercano y quienes lograran aportar para tener una mejor ciudad y sobre todo un mejor pa\u00eds.<\/span><\/p>\n<p class=\"xmsonormal\" style=\"text-align: justify; background: white; font-variant-ligatures: normal; font-variant-caps: normal; orphans: 2; widows: 2; -webkit-text-stroke-width: 0px; text-decoration-style: initial; text-decoration-color: initial; word-spacing: 0px;\"><span style=\"font-family: 'Arial','sans-serif'; color: #212121;\">Para esta ocasi\u00f3n el periodo que se estar\u00e1 entregando por parte de las autoridades municipales corresponde a los meses de abril-junio, por lo que se invita a quien es favorecido est\u00e9 pendiente de las fechas de pago para que recojan en tiempo y forma sus apoyos.<\/span><\/p>\n<p class=\"xmsonormal\" style=\"text-align: justify; background: white; font-variant-ligatures: normal; font-variant-caps: normal; orphans: 2; widows: 2; -webkit-text-stroke-width: 0px; text-decoration-style: initial; text-decoration-color: initial; word-spacing: 0px;\"><span style=\"font-family: 'Arial','sans-serif'; color: #212121;\">Es importante destacar que en la Direcci\u00f3n de Educaci\u00f3n se hace la entrega del subsidio, por lo que quienes forman parte de este beneficio deben acudir a sus instalaciones ubicadas en la calle Matamoros #39 y presentar al mismo tiempo la tarjeta que los identifica como becados.<\/span><\/p>\n<p>&nbsp;<\/p>\n<p><img loading=\"lazy\" decoding=\"async\" class=\"alignnone size-medium wp-image-2079\" src=\"http:\/\/tvalaire.com\/wp-content\/uploads\/2017\/06\/SON-M\u00c1S-DE-10.3-MDP-DESTINADOS-POR-EL-GOBIERNO-DE-LA-PIEDAD-PARA-BECAS2-300x200.jpg\" alt=\"\" width=\"300\" height=\"200\" srcset=\"http:\/\/tvalaire.com\/wp-content\/uploads\/2017\/06\/SON-M\u00c1S-DE-10.3-MDP-DESTINADOS-POR-EL-GOBIERNO-DE-LA-PIEDAD-PARA-BECAS2-300x200.jpg 300w, http:\/\/tvalaire.com\/wp-content\/uploads\/2017\/06\/SON-M\u00c1S-DE-10.3-MDP-DESTINADOS-POR-EL-GOBIERNO-DE-LA-PIEDAD-PARA-BECAS2-768x513.jpg 768w, http:\/\/tvalaire.com\/wp-content\/uploads\/2017\/06\/SON-M\u00c1S-DE-10.3-MDP-DESTINADOS-POR-EL-GOBIERNO-DE-LA-PIEDAD-PARA-BECAS2.jpg 1024w\" sizes=\"(max-width: 300px) 100vw, 300px\" \/><\/p>\n<p><img loading=\"lazy\" decoding=\"async\" class=\"alignnone size-medium wp-image-2080\" src=\"http:\/\/tvalaire.com\/wp-content\/uploads\/2017\/06\/SON-M\u00c1S-DE-10.3-MDP-DESTINADOS-POR-EL-GOBIERNO-DE-LA-PIEDAD-PARA-BECAS3-300x154.jpg\" alt=\"\" width=\"300\" height=\"154\" srcset=\"http:\/\/tvalaire.com\/wp-content\/uploads\/2017\/06\/SON-M\u00c1S-DE-10.3-MDP-DESTINADOS-POR-EL-GOBIERNO-DE-LA-PIEDAD-PARA-BECAS3-300x154.jpg 300w, http:\/\/tvalaire.com\/wp-content\/uploads\/2017\/06\/SON-M\u00c1S-DE-10.3-MDP-DESTINADOS-POR-EL-GOBIERNO-DE-LA-PIEDAD-PARA-BECAS3-768x394.jpg 768w, http:\/\/tvalaire.com\/wp-content\/uploads\/2017\/06\/SON-M\u00c1S-DE-10.3-MDP-DESTINADOS-POR-EL-GOBIERNO-DE-LA-PIEDAD-PARA-BECAS3.jpg 851w\" sizes=\"(max-width: 300px) 100vw, 300px\" \/><\/p>\n","protected":false},"excerpt":{"rendered":"<p>\u00a0 A fin de contribuir con el desarrollo acad\u00e9mico de ni\u00f1os y j\u00f3venes estudiantes, este&#8230;<\/p>\n","protected":false},"author":1,"featured_media":2078,"comment_status":"open","ping_status":"open","sticky":false,"template":"","format":"standard","meta":{"jetpack_post_was_ever_published":false,"_jetpack_newsletter_access":"","_jetpack_dont_email_post_to_subs":false,"_jetpack_newsletter_tier_id":0,"_jetpack_memberships_contains_paywalled_content":false,"_jetpack_memberships_contains_paid_content":false,"footnotes":"","jetpack_publicize_message":"","jetpack_publicize_feature_enabled":true,"jetpack_social_post_already_shared":false,"jetpack_social_options":{"image_generator_settings":{"template":"highway","enabled":false},"version":2}},"categories":[1],"tags":[15,36],"class_list":["post-2083","post","type-post","status-publish","format-standard","has-post-thumbnail","hentry","category-la-piedad","tag-la-piedad","tag-principales"],"jetpack_publicize_connections":[],"jetpack_sharing_enabled":true,"featured_image_urls":{"full":["http:\/\/tvalaire.com\/wp-content\/uploads\/2017\/06\/SON-M\u00c1S-DE-10.3-MDP-DESTINADOS-POR-EL-GOBIERNO-DE-LA-PIEDAD-PARA-BECAS.jpg",1024,684,false],"thumbnail":["http:\/\/tvalaire.com\/wp-content\/uploads\/2017\/06\/SON-M\u00c1S-DE-10.3-MDP-DESTINADOS-POR-EL-GOBIERNO-DE-LA-PIEDAD-PARA-BECAS-150x150.jpg",150,150,true],"medium":["http:\/\/tvalaire.com\/wp-content\/uploads\/2017\/06\/SON-M\u00c1S-DE-10.3-MDP-DESTINADOS-POR-EL-GOBIERNO-DE-LA-PIEDAD-PARA-BECAS-300x200.jpg",300,200,true],"medium_large":["http:\/\/tvalaire.com\/wp-content\/uploads\/2017\/06\/SON-M\u00c1S-DE-10.3-MDP-DESTINADOS-POR-EL-GOBIERNO-DE-LA-PIEDAD-PARA-BECAS-768x513.jpg",640,428,true],"large":["http:\/\/tvalaire.com\/wp-content\/uploads\/2017\/06\/SON-M\u00c1S-DE-10.3-MDP-DESTINADOS-POR-EL-GOBIERNO-DE-LA-PIEDAD-PARA-BECAS-1024x684.jpg",640,428,true],"post-slider-thumb-size":["http:\/\/tvalaire.com\/wp-content\/uploads\/2017\/06\/SON-M\u00c1S-DE-10.3-MDP-DESTINADOS-POR-EL-GOBIERNO-DE-LA-PIEDAD-PARA-BECAS.jpg",284,190,false],"post-category-slider-size":["http:\/\/tvalaire.com\/wp-content\/uploads\/2017\/06\/SON-M\u00c1S-DE-10.3-MDP-DESTINADOS-POR-EL-GOBIERNO-DE-LA-PIEDAD-PARA-BECAS.jpg",330,220,false],"1536x1536":["http:\/\/tvalaire.com\/wp-content\/uploads\/2017\/06\/SON-M\u00c1S-DE-10.3-MDP-DESTINADOS-POR-EL-GOBIERNO-DE-LA-PIEDAD-PARA-BECAS.jpg",1024,684,false],"2048x2048":["http:\/\/tvalaire.com\/wp-content\/uploads\/2017\/06\/SON-M\u00c1S-DE-10.3-MDP-DESTINADOS-POR-EL-GOBIERNO-DE-LA-PIEDAD-PARA-BECAS.jpg",1024,684,false],"newsium-slider-full":["http:\/\/tvalaire.com\/wp-content\/uploads\/2017\/06\/SON-M\u00c1S-DE-10.3-MDP-DESTINADOS-POR-EL-GOBIERNO-DE-LA-PIEDAD-PARA-BECAS.jpg",1024,684,false],"newsium-featured":["http:\/\/tvalaire.com\/wp-content\/uploads\/2017\/06\/SON-M\u00c1S-DE-10.3-MDP-DESTINADOS-POR-EL-GOBIERNO-DE-LA-PIEDAD-PARA-BECAS.jpg",1024,684,false],"newsium-medium":["http:\/\/tvalaire.com\/wp-content\/uploads\/2017\/06\/SON-M\u00c1S-DE-10.3-MDP-DESTINADOS-POR-EL-GOBIERNO-DE-LA-PIEDAD-PARA-BECAS.jpg",711,475,false]},"author_info":{"info":["tvalairenoti"]},"category_info":"<a href=\"http:\/\/tvalaire.com\/?cat=1\" rel=\"category\">La Piedad<\/a>","tag_info":"La Piedad","comment_count":"0","jetpack_featured_media_url":"http:\/\/tvalaire.com\/wp-content\/uploads\/2017\/06\/SON-M\u00c1S-DE-10.3-MDP-DESTINADOS-POR-EL-GOBIERNO-DE-LA-PIEDAD-PARA-BECAS.jpg","_links":{"self":[{"href":"http:\/\/tvalaire.com\/index.php?rest_route=\/wp\/v2\/posts\/2083"}],"collection":[{"href":"http:\/\/tvalaire.com\/index.php?rest_route=\/wp\/v2\/posts"}],"about":[{"href":"http:\/\/tvalaire.com\/index.php?rest_route=\/wp\/v2\/types\/post"}],"author":[{"embeddable":true,"href":"http:\/\/tvalaire.com\/index.php?rest_route=\/wp\/v2\/users\/1"}],"replies":[{"embeddable":true,"href":"http:\/\/tvalaire.com\/index.php?rest_route=%2Fwp%2Fv2%2Fcomments&post=2083"}],"version-history":[{"count":1,"href":"http:\/\/tvalaire.com\/index.php?rest_route=\/wp\/v2\/posts\/2083\/revisions"}],"predecessor-version":[{"id":2084,"href":"http:\/\/tvalaire.com\/index.php?rest_route=\/wp\/v2\/posts\/2083\/revisions\/2084"}],"wp:featuredmedia":[{"embeddable":true,"href":"http:\/\/tvalaire.com\/index.php?rest_route=\/wp\/v2\/media\/2078"}],"wp:attachment":[{"href":"http:\/\/tvalaire.com\/index.php?rest_route=%2Fwp%2Fv2%2Fmedia&parent=2083"}],"wp:term":[{"taxonomy":"category","embeddable":true,"href":"http:\/\/tvalaire.com\/index.php?rest_route=%2Fwp%2Fv2%2Fcategories&post=2083"},{"taxonomy":"post_tag","embeddable":true,"href":"http:\/\/tvalaire.com\/index.php?rest_route=%2Fwp%2Fv2%2Ftags&post=2083"}],"curies":[{"name":"wp","href":"https:\/\/api.w.org\/{rel}","templated":true}]}}