{"id":2076,"date":"2017-06-27T10:32:33","date_gmt":"2017-06-27T15:32:33","guid":{"rendered":"http:\/\/tvalaire.com\/?p=2076"},"modified":"2017-06-27T10:34:16","modified_gmt":"2017-06-27T15:34:16","slug":"alerta-gobierno-de-la-piedad-sobre-plaga-en-el-agave","status":"publish","type":"post","link":"http:\/\/tvalaire.com\/?p=2076","title":{"rendered":"ALERTA GOBIERNO DE LA PIEDAD SOBRE PLAGA EN EL AGAVE"},"content":{"rendered":"<p class=\"xmsonormal\" style=\"margin-left: 283.2pt; text-align: justify; background: white; font-variant-ligatures: normal; font-variant-caps: normal; orphans: 2; widows: 2; -webkit-text-stroke-width: 0px; text-decoration-style: initial; text-decoration-color: initial; word-spacing: 0px;\"><span style=\"font-size: 7.5pt; font-family: 'Segoe UI','sans-serif'; color: #212121;\">\u00a0<\/span><\/p>\n<p class=\"xmsonormal\" style=\"text-align: justify; background: white; font-variant-ligatures: normal; font-variant-caps: normal; orphans: 2; widows: 2; -webkit-text-stroke-width: 0px; text-decoration-style: initial; text-decoration-color: initial; word-spacing: 0px;\"><span style=\"font-family: 'Arial','sans-serif'; color: #212121;\">La direcci\u00f3n de Fomento Agropecuario hace un atento llamado a los productores de agave en la ciudad y la regi\u00f3n, ya que se ha detectado en algunos cultivos la presencia de la plaga del picudo del agave la cual puede afectar de manera considerable la producci\u00f3n.<\/span><\/p>\n<p class=\"xmsonormal\" style=\"text-align: justify; background: white; font-variant-ligatures: normal; font-variant-caps: normal; orphans: 2; widows: 2; -webkit-text-stroke-width: 0px; text-decoration-style: initial; text-decoration-color: initial; word-spacing: 0px;\"><span style=\"font-family: 'Arial','sans-serif'; color: #212121;\">Gracias al monitoreo constante que se realiza en los campos de la entidad, se pudo apreciar la existencia del insecto, por lo que se invita a los productores a trampear, monitorear y trabajar en el control de la plaga, misma que afecta la calidad, sanidad y el precio del producto.<\/span><\/p>\n<p class=\"xmsonormal\" style=\"text-align: justify; background: white; font-variant-ligatures: normal; font-variant-caps: normal; orphans: 2; widows: 2; -webkit-text-stroke-width: 0px; text-decoration-style: initial; text-decoration-color: initial; word-spacing: 0px;\"><span style=\"font-family: 'Arial','sans-serif'; color: #212121;\">Al mismo tiempo se hacen las siguientes recomendaciones a fin de que las parcelas no se vean da\u00f1adas; revisar por lo menos una vez por semana el predio del agave, en caso de hacer la detecci\u00f3n temprana del insecto, avisar de manera oportuna a la direcci\u00f3n de Fomento Agropecuario o la Junta de Sanidad Vegetal.<\/span><\/p>\n<p class=\"xmsonormal\" style=\"text-align: justify; background: white; font-variant-ligatures: normal; font-variant-caps: normal; orphans: 2; widows: 2; -webkit-text-stroke-width: 0px; text-decoration-style: initial; text-decoration-color: initial; word-spacing: 0px;\"><span style=\"font-family: 'Arial','sans-serif'; color: #212121;\">De igual manera se hace el llamado a los productores del municipio que adquirieron plantas del Estado de Jalisco y Guanajuato sin previo an\u00e1lisis a que hagan lo propio, pues esto pudo haber sido factor para que la presencia del Picudo se est\u00e9 dando.<\/span><\/p>\n<p class=\"xmsonormal\" style=\"text-align: justify; background: white; font-variant-ligatures: normal; font-variant-caps: normal; orphans: 2; widows: 2; -webkit-text-stroke-width: 0px; text-decoration-style: initial; text-decoration-color: initial; word-spacing: 0px;\"><span style=\"font-family: 'Arial','sans-serif'; color: #212121;\">Cabe destacar que la dependencia de Fomento Agropecuario ya est\u00e1 trabajando en la gesti\u00f3n de acciones que favorezcan la capacitaci\u00f3n, el manejo correctivo y control de la plaga.<\/span><\/p>\n<p class=\"xmsonormal\" style=\"text-align: justify; background: white; font-variant-ligatures: normal; font-variant-caps: normal; orphans: 2; widows: 2; -webkit-text-stroke-width: 0px; text-decoration-style: initial; text-decoration-color: initial; word-spacing: 0px;\"><span style=\"font-family: 'Arial','sans-serif'; color: #212121;\">Es de subrayar que los productores que en sus campos tengan la afecci\u00f3n se acerquen de manera inmediata a las dependencias antes referidas, o bien marquen al 52 2 18 74 para que se les ofrezca mayor informaci\u00f3n respecto del tema en cuesti\u00f3n.<\/span><\/p>\n","protected":false},"excerpt":{"rendered":"<p>\u00a0 La direcci\u00f3n de Fomento Agropecuario hace un atento llamado a los productores de agave&#8230;<\/p>\n","protected":false},"author":1,"featured_media":2077,"comment_status":"open","ping_status":"open","sticky":false,"template":"","format":"standard","meta":{"jetpack_post_was_ever_published":false,"_jetpack_newsletter_access":"","_jetpack_dont_email_post_to_subs":false,"_jetpack_newsletter_tier_id":0,"_jetpack_memberships_contains_paywalled_content":false,"_jetpack_memberships_contains_paid_content":false,"footnotes":"","jetpack_publicize_message":"","jetpack_publicize_feature_enabled":true,"jetpack_social_post_already_shared":false,"jetpack_social_options":{"image_generator_settings":{"template":"highway","enabled":false},"version":2}},"categories":[1],"tags":[15,36],"class_list":["post-2076","post","type-post","status-publish","format-standard","has-post-thumbnail","hentry","category-la-piedad","tag-la-piedad","tag-principales"],"jetpack_publicize_connections":[],"jetpack_sharing_enabled":true,"featured_image_urls":{"full":["http:\/\/tvalaire.com\/wp-content\/uploads\/2017\/06\/ALERTA-GOBIERNO-DE-LA-PIEDAD-SOBRE-PLAGA-EN-EL-AGAVE.jpg",1800,1200,false],"thumbnail":["http:\/\/tvalaire.com\/wp-content\/uploads\/2017\/06\/ALERTA-GOBIERNO-DE-LA-PIEDAD-SOBRE-PLAGA-EN-EL-AGAVE-150x150.jpg",150,150,true],"medium":["http:\/\/tvalaire.com\/wp-content\/uploads\/2017\/06\/ALERTA-GOBIERNO-DE-LA-PIEDAD-SOBRE-PLAGA-EN-EL-AGAVE-300x200.jpg",300,200,true],"medium_large":["http:\/\/tvalaire.com\/wp-content\/uploads\/2017\/06\/ALERTA-GOBIERNO-DE-LA-PIEDAD-SOBRE-PLAGA-EN-EL-AGAVE-768x512.jpg",640,427,true],"large":["http:\/\/tvalaire.com\/wp-content\/uploads\/2017\/06\/ALERTA-GOBIERNO-DE-LA-PIEDAD-SOBRE-PLAGA-EN-EL-AGAVE-1024x683.jpg",640,427,true],"post-slider-thumb-size":["http:\/\/tvalaire.com\/wp-content\/uploads\/2017\/06\/ALERTA-GOBIERNO-DE-LA-PIEDAD-SOBRE-PLAGA-EN-EL-AGAVE.jpg",285,190,false],"post-category-slider-size":["http:\/\/tvalaire.com\/wp-content\/uploads\/2017\/06\/ALERTA-GOBIERNO-DE-LA-PIEDAD-SOBRE-PLAGA-EN-EL-AGAVE.jpg",330,220,false],"1536x1536":["http:\/\/tvalaire.com\/wp-content\/uploads\/2017\/06\/ALERTA-GOBIERNO-DE-LA-PIEDAD-SOBRE-PLAGA-EN-EL-AGAVE.jpg",1536,1024,false],"2048x2048":["http:\/\/tvalaire.com\/wp-content\/uploads\/2017\/06\/ALERTA-GOBIERNO-DE-LA-PIEDAD-SOBRE-PLAGA-EN-EL-AGAVE.jpg",1800,1200,false],"newsium-slider-full":["http:\/\/tvalaire.com\/wp-content\/uploads\/2017\/06\/ALERTA-GOBIERNO-DE-LA-PIEDAD-SOBRE-PLAGA-EN-EL-AGAVE.jpg",1268,845,false],"newsium-featured":["http:\/\/tvalaire.com\/wp-content\/uploads\/2017\/06\/ALERTA-GOBIERNO-DE-LA-PIEDAD-SOBRE-PLAGA-EN-EL-AGAVE.jpg",1024,683,false],"newsium-medium":["http:\/\/tvalaire.com\/wp-content\/uploads\/2017\/06\/ALERTA-GOBIERNO-DE-LA-PIEDAD-SOBRE-PLAGA-EN-EL-AGAVE.jpg",713,475,false]},"author_info":{"info":["tvalairenoti"]},"category_info":"<a href=\"http:\/\/tvalaire.com\/?cat=1\" rel=\"category\">La Piedad<\/a>","tag_info":"La Piedad","comment_count":"0","jetpack_featured_media_url":"http:\/\/tvalaire.com\/wp-content\/uploads\/2017\/06\/ALERTA-GOBIERNO-DE-LA-PIEDAD-SOBRE-PLAGA-EN-EL-AGAVE.jpg","_links":{"self":[{"href":"http:\/\/tvalaire.com\/index.php?rest_route=\/wp\/v2\/posts\/2076"}],"collection":[{"href":"http:\/\/tvalaire.com\/index.php?rest_route=\/wp\/v2\/posts"}],"about":[{"href":"http:\/\/tvalaire.com\/index.php?rest_route=\/wp\/v2\/types\/post"}],"author":[{"embeddable":true,"href":"http:\/\/tvalaire.com\/index.php?rest_route=\/wp\/v2\/users\/1"}],"replies":[{"embeddable":true,"href":"http:\/\/tvalaire.com\/index.php?rest_route=%2Fwp%2Fv2%2Fcomments&post=2076"}],"version-history":[{"count":1,"href":"http:\/\/tvalaire.com\/index.php?rest_route=\/wp\/v2\/posts\/2076\/revisions"}],"predecessor-version":[{"id":2081,"href":"http:\/\/tvalaire.com\/index.php?rest_route=\/wp\/v2\/posts\/2076\/revisions\/2081"}],"wp:featuredmedia":[{"embeddable":true,"href":"http:\/\/tvalaire.com\/index.php?rest_route=\/wp\/v2\/media\/2077"}],"wp:attachment":[{"href":"http:\/\/tvalaire.com\/index.php?rest_route=%2Fwp%2Fv2%2Fmedia&parent=2076"}],"wp:term":[{"taxonomy":"category","embeddable":true,"href":"http:\/\/tvalaire.com\/index.php?rest_route=%2Fwp%2Fv2%2Fcategories&post=2076"},{"taxonomy":"post_tag","embeddable":true,"href":"http:\/\/tvalaire.com\/index.php?rest_route=%2Fwp%2Fv2%2Ftags&post=2076"}],"curies":[{"name":"wp","href":"https:\/\/api.w.org\/{rel}","templated":true}]}}