{"id":2073,"date":"2017-06-27T10:31:04","date_gmt":"2017-06-27T15:31:04","guid":{"rendered":"http:\/\/tvalaire.com\/?p=2073"},"modified":"2017-06-27T10:31:04","modified_gmt":"2017-06-27T15:31:04","slug":"convoca-cultura-de-la-piedad-a-concurso-de-cortometrajes","status":"publish","type":"post","link":"http:\/\/tvalaire.com\/?p=2073","title":{"rendered":"CONVOCA CULTURA DE LA PIEDAD A CONCURSO DE CORTOMETRAJES"},"content":{"rendered":"<p class=\"xmsonormal\" style=\"margin-left: 318.6pt; text-align: justify; background: white; font-variant-ligatures: normal; font-variant-caps: normal; orphans: 2; widows: 2; -webkit-text-stroke-width: 0px; text-decoration-style: initial; text-decoration-color: initial; word-spacing: 0px;\"><span style=\"font-size: 7.5pt; font-family: 'Segoe UI','sans-serif'; color: #212121;\">\u00a0<\/span><\/p>\n<p class=\"xmsonormal\" style=\"text-align: justify; background: white; font-variant-ligatures: normal; font-variant-caps: normal; orphans: 2; widows: 2; -webkit-text-stroke-width: 0px; text-decoration-style: initial; text-decoration-color: initial; word-spacing: 0px;\"><span style=\"font-family: 'Arial','sans-serif'; color: #212121;\">Ofrecer espacios en donde se pueda difundir y apreciar el arte de los diferentes talentos con los que cuenta el municipio, ha sido una de las premisas del Alcalde Juan Manuel Estrada Medina, por lo que dentro de las acciones que se preparan en la Muestra Org\u00e1nica de Nuevas Artes (MONA) se abre la convocatoria para el concurso de cortometrajes.<\/span><\/p>\n<p class=\"xmsonormal\" style=\"text-align: justify; background: white; font-variant-ligatures: normal; font-variant-caps: normal; orphans: 2; widows: 2; -webkit-text-stroke-width: 0px; text-decoration-style: initial; text-decoration-color: initial; word-spacing: 0px;\"><span style=\"font-family: 'Arial','sans-serif'; color: #212121;\">En la segunda edici\u00f3n de dicho evento la Direcci\u00f3n de Cultura en la ciudad hace una cordial invitaci\u00f3n a todos aquellos que gusten del arte en v\u00eddeo para que sean part\u00edcipes el concurso y exhibici\u00f3n que tiene como fecha l\u00edmite de la entrega de materia el 7 de julio.<\/span><\/p>\n<p class=\"xmsonormal\" style=\"text-align: justify; background: white; font-variant-ligatures: normal; font-variant-caps: normal; orphans: 2; widows: 2; -webkit-text-stroke-width: 0px; text-decoration-style: initial; text-decoration-color: initial; word-spacing: 0px;\"><span style=\"font-family: 'Arial','sans-serif'; color: #212121;\">De acuerdo con la informaci\u00f3n recaba con el responsable de la difusi\u00f3n y promoci\u00f3n de la cultura en el municipio, los interesados deben cumplir con las siguientes bases: el materia no debe tener una duraci\u00f3n superior a los 15 minutos, el tema que pueden exponer es libre, se deber\u00e1 entregar en DVD con formato digital para una mayor visualizaci\u00f3n al momento de reproducirlo en formatos avi, mov y mp4.<\/span><\/p>\n<p class=\"xmsonormal\" style=\"text-align: justify; background: white; font-variant-ligatures: normal; font-variant-caps: normal; orphans: 2; widows: 2; -webkit-text-stroke-width: 0px; text-decoration-style: initial; text-decoration-color: initial; word-spacing: 0px;\"><span style=\"font-family: 'Arial','sans-serif'; color: #212121;\">Quienes quieran participar pueden acudir a las instalaciones de Cultura en el jard\u00edn de La Pur\u00edsima para de manera formal realicen la inscripci\u00f3n de la c\u00e9dula correspondiente. Quienes tengan mayores dudas al respecto pueden visitar las instalaciones o bien marcar al tel\u00e9fono 52 2 65 80 para que sean atendidos\u00a0<\/span><\/p>\n","protected":false},"excerpt":{"rendered":"<p>\u00a0 Ofrecer espacios en donde se pueda difundir y apreciar el arte de los diferentes&#8230;<\/p>\n","protected":false},"author":1,"featured_media":2074,"comment_status":"open","ping_status":"open","sticky":false,"template":"","format":"standard","meta":{"jetpack_post_was_ever_published":false,"_jetpack_newsletter_access":"","_jetpack_dont_email_post_to_subs":false,"_jetpack_newsletter_tier_id":0,"_jetpack_memberships_contains_paywalled_content":false,"_jetpack_memberships_contains_paid_content":false,"footnotes":"","jetpack_publicize_message":"","jetpack_publicize_feature_enabled":true,"jetpack_social_post_already_shared":false,"jetpack_social_options":{"image_generator_settings":{"template":"highway","enabled":false},"version":2}},"categories":[1],"tags":[15,36],"class_list":["post-2073","post","type-post","status-publish","format-standard","has-post-thumbnail","hentry","category-la-piedad","tag-la-piedad","tag-principales"],"jetpack_publicize_connections":[],"jetpack_sharing_enabled":true,"featured_image_urls":{"full":["http:\/\/tvalaire.com\/wp-content\/uploads\/2017\/06\/CONVOCA-CULTURA-DE-LA-PIEDAD-A-CONCURSO-DE-CORTOMETRAJES.jpg",621,960,false],"thumbnail":["http:\/\/tvalaire.com\/wp-content\/uploads\/2017\/06\/CONVOCA-CULTURA-DE-LA-PIEDAD-A-CONCURSO-DE-CORTOMETRAJES-150x150.jpg",150,150,true],"medium":["http:\/\/tvalaire.com\/wp-content\/uploads\/2017\/06\/CONVOCA-CULTURA-DE-LA-PIEDAD-A-CONCURSO-DE-CORTOMETRAJES-194x300.jpg",194,300,true],"medium_large":["http:\/\/tvalaire.com\/wp-content\/uploads\/2017\/06\/CONVOCA-CULTURA-DE-LA-PIEDAD-A-CONCURSO-DE-CORTOMETRAJES.jpg",621,960,false],"large":["http:\/\/tvalaire.com\/wp-content\/uploads\/2017\/06\/CONVOCA-CULTURA-DE-LA-PIEDAD-A-CONCURSO-DE-CORTOMETRAJES.jpg",621,960,false],"post-slider-thumb-size":["http:\/\/tvalaire.com\/wp-content\/uploads\/2017\/06\/CONVOCA-CULTURA-DE-LA-PIEDAD-A-CONCURSO-DE-CORTOMETRAJES.jpg",123,190,false],"post-category-slider-size":["http:\/\/tvalaire.com\/wp-content\/uploads\/2017\/06\/CONVOCA-CULTURA-DE-LA-PIEDAD-A-CONCURSO-DE-CORTOMETRAJES.jpg",226,350,false],"1536x1536":["http:\/\/tvalaire.com\/wp-content\/uploads\/2017\/06\/CONVOCA-CULTURA-DE-LA-PIEDAD-A-CONCURSO-DE-CORTOMETRAJES.jpg",621,960,false],"2048x2048":["http:\/\/tvalaire.com\/wp-content\/uploads\/2017\/06\/CONVOCA-CULTURA-DE-LA-PIEDAD-A-CONCURSO-DE-CORTOMETRAJES.jpg",621,960,false],"newsium-slider-full":["http:\/\/tvalaire.com\/wp-content\/uploads\/2017\/06\/CONVOCA-CULTURA-DE-LA-PIEDAD-A-CONCURSO-DE-CORTOMETRAJES.jpg",547,845,false],"newsium-featured":["http:\/\/tvalaire.com\/wp-content\/uploads\/2017\/06\/CONVOCA-CULTURA-DE-LA-PIEDAD-A-CONCURSO-DE-CORTOMETRAJES.jpg",621,960,false],"newsium-medium":["http:\/\/tvalaire.com\/wp-content\/uploads\/2017\/06\/CONVOCA-CULTURA-DE-LA-PIEDAD-A-CONCURSO-DE-CORTOMETRAJES.jpg",307,475,false]},"author_info":{"info":["tvalairenoti"]},"category_info":"<a href=\"http:\/\/tvalaire.com\/?cat=1\" rel=\"category\">La Piedad<\/a>","tag_info":"La Piedad","comment_count":"0","jetpack_featured_media_url":"http:\/\/tvalaire.com\/wp-content\/uploads\/2017\/06\/CONVOCA-CULTURA-DE-LA-PIEDAD-A-CONCURSO-DE-CORTOMETRAJES.jpg","_links":{"self":[{"href":"http:\/\/tvalaire.com\/index.php?rest_route=\/wp\/v2\/posts\/2073"}],"collection":[{"href":"http:\/\/tvalaire.com\/index.php?rest_route=\/wp\/v2\/posts"}],"about":[{"href":"http:\/\/tvalaire.com\/index.php?rest_route=\/wp\/v2\/types\/post"}],"author":[{"embeddable":true,"href":"http:\/\/tvalaire.com\/index.php?rest_route=\/wp\/v2\/users\/1"}],"replies":[{"embeddable":true,"href":"http:\/\/tvalaire.com\/index.php?rest_route=%2Fwp%2Fv2%2Fcomments&post=2073"}],"version-history":[{"count":1,"href":"http:\/\/tvalaire.com\/index.php?rest_route=\/wp\/v2\/posts\/2073\/revisions"}],"predecessor-version":[{"id":2075,"href":"http:\/\/tvalaire.com\/index.php?rest_route=\/wp\/v2\/posts\/2073\/revisions\/2075"}],"wp:featuredmedia":[{"embeddable":true,"href":"http:\/\/tvalaire.com\/index.php?rest_route=\/wp\/v2\/media\/2074"}],"wp:attachment":[{"href":"http:\/\/tvalaire.com\/index.php?rest_route=%2Fwp%2Fv2%2Fmedia&parent=2073"}],"wp:term":[{"taxonomy":"category","embeddable":true,"href":"http:\/\/tvalaire.com\/index.php?rest_route=%2Fwp%2Fv2%2Fcategories&post=2073"},{"taxonomy":"post_tag","embeddable":true,"href":"http:\/\/tvalaire.com\/index.php?rest_route=%2Fwp%2Fv2%2Ftags&post=2073"}],"curies":[{"name":"wp","href":"https:\/\/api.w.org\/{rel}","templated":true}]}}