{"id":2043,"date":"2017-06-26T10:06:47","date_gmt":"2017-06-26T15:06:47","guid":{"rendered":"http:\/\/tvalaire.com\/?p=2043"},"modified":"2017-06-26T10:06:47","modified_gmt":"2017-06-26T15:06:47","slug":"gastronomia-michoacana-pone-en-alto-el-nombre-de-mexico-sectur-federal","status":"publish","type":"post","link":"http:\/\/tvalaire.com\/?p=2043","title":{"rendered":"Gastronom\u00eda Michoacana Pone en Alto el Nombre de M\u00e9xico: Sectur Federal"},"content":{"rendered":"<ul>\n<li>Instalan Gobernador Silvano Aureoles y secretario de Turismo, Enrique de la Madrid, grupo de trabajo Pol\u00edtica de Fomento de la Gastronom\u00eda Nacional, cap\u00edtulo Michoac\u00e1n.<\/li>\n<li>En Michoac\u00e1n \u201clas cosas van bien y se ha avanzado; tienen gente emprendedora y cuentan con el apoyo del Gobierno de la Rep\u00fablica\u201d, sostiene Enrique de la Madrid.<\/li>\n<\/ul>\n<p><strong>Morelia, Michoac\u00e1n, a 21 de junio de 2017.-<\/strong> Para fortalecer y promover de manera integral la gastronom\u00eda mexicana como un atractivo tur\u00edstico y cultural en el plano nacional e internacional, el Gobernador Constitucional Silvano Aureoles Conejo y el titular de la Secretar\u00eda de Turismo Federal, Enrique de la Madrid Cordero, instalaron el grupo de trabajo Pol\u00edtica de Fomento de la Gastronom\u00eda Nacional, cap\u00edtulo Michoac\u00e1n.<\/p>\n<p>El mandatario estatal destac\u00f3 que gracias al trabajo coordinado entre el Gobierno del Estado y la Federaci\u00f3n se tienen resultados positivos en diversos rubros, entre ellos el del turismo, que es uno de los principales articuladores para la generaci\u00f3n de empleos.<\/p>\n<p>\u201cNo es un tema de competencias, sino de la b\u00fasqueda de c\u00f3mo hacerlo y c\u00f3mo entregar resultados a favor de las y los michoacanos\u201d.<\/p>\n<p>Al hablar de la gastronom\u00eda michoacana, se\u00f1al\u00f3 que la entidad es uno de los l\u00edderes en el pa\u00eds, ya que a lo largo de la geograf\u00eda de la entidad se pueden probar una gran variedad de platillos. \u201cSi hay un estado campe\u00f3n en la gastronom\u00eda, es el de Michoac\u00e1n\u201d<\/p>\n<p>Ante ello, Silvano Aureoles subray\u00f3 que la cocina tradicional de Michoac\u00e1n tiene un enorme potencial para desarrollar, a\u00fan m\u00e1s, este sector, lo que ayudar\u00e1 a generar un gran atractivo para los turistas.<\/p>\n<p>En su oportunidad, Enrique de la Madrid destac\u00f3 que en Michoac\u00e1n \u201clas cosas van bien y se ha avanzado; tienen gente emprendedora y cuentan con el apoyo del Gobierno de la Rep\u00fablica\u201d.<\/p>\n<p>El funcionario federal, indic\u00f3 que es necesario fomentar y estimular la gastronom\u00eda, ya que el 30 por ciento del gasto que realiza un turista lo destina en la comida, \u201cel turismo es uno de los mejores motores de la econom\u00eda. Es un tema de la integraci\u00f3n de las cadenas de valor, de apoyo al peque\u00f1o productor mexicano que le puede vender a un restaurante, es un tema de orgullo, es un tema de identidad\u201d.<\/p>\n<p>Finalmente asegur\u00f3 que gracias a la buena disposici\u00f3n entre la Federaci\u00f3n y el Estado, Michoac\u00e1n ha avanzado. \u201cEn el turismo se nota. El turismo es desarrollo, es empleo, es incluyente\u201d.<\/p>\n<p>El delegado de la Secretar\u00eda de Gobernaci\u00f3n (Segob), Enrique Martini Castillo refrend\u00f3 el compromiso de la Federaci\u00f3n para \u201ctrabajar y sumar\u201d esfuerzos y as\u00ed posicionar cada d\u00eda m\u00e1s al estado de Michoac\u00e1n. \u201cLa gastronom\u00eda es extraordinaria, tiene una gran riqueza y su gastronom\u00eda es una de las mejores del pa\u00eds\u201d.<\/p>\n<p>La secretaria de Turismo, Claudia Ch\u00e1vez L\u00f3pez inform\u00f3 que al ser la gastronom\u00eda michoacana uno de los mejores segmentos calificados por los turistas, trasciende la importancia para la conformaci\u00f3n de este grupo de trabajo.<\/p>\n<p>Detall\u00f3 que derivado de las reuniones, se integr\u00f3 el grupo de la siguiente manera: representantes de 10 dependencias federales; 12 del Gobierno del Estado y 8 de los sectores privados y sociales.<\/p>\n<p>La presidenta de la Uni\u00f3n Empresarial de Productores de Agave y Mezcal, Luz Mar\u00eda Saavedra Hern\u00e1ndez se dijo confiada de que este grupo de trabajo tomar\u00e1 en cuenta diversas acciones que beneficiar\u00e1n a la entidad.<\/p>\n<p>Es importante, precisar que en el grupo de trabajo Pol\u00edtica de Fomento de la Gastronom\u00eda Nacional, cap\u00edtulo Michoac\u00e1n, se ejecutar\u00e1n cinco ejes estrat\u00e9gicos: la coordinaci\u00f3n interinstitucional e intergubernamental, a trav\u00e9s de la ejecuci\u00f3n transversal de las acciones y programas del Gobierno de la Rep\u00fablica y, en su caso de los gobiernos locales, relacionados en la materia.<\/p>\n<p>Asimismo, mediante sesiones de trabajo, buscar\u00e1n acuerdos, convenios de colaboraci\u00f3n, concertaci\u00f3n y coordinaci\u00f3n en la materia.<\/p>\n<p>Previamente, el Gobernador del Estado y el secretario de Turismo sostuvieron una reuni\u00f3n en la que revisaron las caracter\u00edsticas del programa denominado \u201cTarhiata 2021\u201d, esquema que tiene como objetivo impulsar el desarrollo tur\u00edstico de Michoac\u00e1n a trav\u00e9s de la peque\u00f1a y mediana empresa.<\/p>\n<p>Estuvieron presentes, el subsecretario de Innovaci\u00f3n y Desarrollo de la Sectur Federal, Rub\u00e9n Gerardo Corona Gonz\u00e1lez; el representante del Conservatorio de la Cultura Gastron\u00f3mica en Michoac\u00e1n, Genovevo Figueroa Zamudio; el diputado y presidente de la Comisi\u00f3n de Turismo en el Congreso del Estado, Jos\u00e9 Guadalupe Aguilera Rojas; el presidente electo de la Asociaci\u00f3n de Hoteles y Moteles de Michoac\u00e1n, Juan Manuel Abud Mirabent; el titular de la Sedrua, Francisco Huergo Maurin; el titular de la Semarnacc, Ricardo Luna Garc\u00eda; el delegado de la Sedesol en Michoac\u00e1n, Ger\u00f3nimo Color Gasca; el secretario de Salud, El\u00edas Ibarra Torres; el secretario de Educaci\u00f3n, Alberto Frutis Sol\u00eds; la titular de la Coordinaci\u00f3n General de Comunicaci\u00f3n en el Estado, Julieta L\u00f3pez Bautista, as\u00ed como diversas autoridades.<\/p>\n","protected":false},"excerpt":{"rendered":"<p>Instalan Gobernador Silvano Aureoles y secretario de Turismo, Enrique de la Madrid, grupo de trabajo&#8230;<\/p>\n","protected":false},"author":1,"featured_media":2044,"comment_status":"open","ping_status":"open","sticky":false,"template":"","format":"standard","meta":{"jetpack_post_was_ever_published":false,"_jetpack_newsletter_access":"","_jetpack_dont_email_post_to_subs":false,"_jetpack_newsletter_tier_id":0,"_jetpack_memberships_contains_paywalled_content":false,"_jetpack_memberships_contains_paid_content":false,"footnotes":"","jetpack_publicize_message":"","jetpack_publicize_feature_enabled":true,"jetpack_social_post_already_shared":false,"jetpack_social_options":{"image_generator_settings":{"template":"highway","enabled":false},"version":2}},"categories":[31,35],"tags":[37,36],"class_list":["post-2043","post","type-post","status-publish","format-standard","has-post-thumbnail","hentry","category-estado","category-principales","tag-estado","tag-principales"],"jetpack_publicize_connections":[],"jetpack_sharing_enabled":true,"featured_image_urls":{"full":["http:\/\/tvalaire.com\/wp-content\/uploads\/2017\/06\/portada-32.jpeg",1600,1066,false],"thumbnail":["http:\/\/tvalaire.com\/wp-content\/uploads\/2017\/06\/portada-32-150x150.jpeg",150,150,true],"medium":["http:\/\/tvalaire.com\/wp-content\/uploads\/2017\/06\/portada-32-300x200.jpeg",300,200,true],"medium_large":["http:\/\/tvalaire.com\/wp-content\/uploads\/2017\/06\/portada-32-768x512.jpeg",640,427,true],"large":["http:\/\/tvalaire.com\/wp-content\/uploads\/2017\/06\/portada-32-1024x682.jpeg",640,426,true],"post-slider-thumb-size":["http:\/\/tvalaire.com\/wp-content\/uploads\/2017\/06\/portada-32.jpeg",285,190,false],"post-category-slider-size":["http:\/\/tvalaire.com\/wp-content\/uploads\/2017\/06\/portada-32.jpeg",330,220,false],"1536x1536":["http:\/\/tvalaire.com\/wp-content\/uploads\/2017\/06\/portada-32.jpeg",1536,1023,false],"2048x2048":["http:\/\/tvalaire.com\/wp-content\/uploads\/2017\/06\/portada-32.jpeg",1600,1066,false],"newsium-slider-full":["http:\/\/tvalaire.com\/wp-content\/uploads\/2017\/06\/portada-32.jpeg",1268,845,false],"newsium-featured":["http:\/\/tvalaire.com\/wp-content\/uploads\/2017\/06\/portada-32.jpeg",1024,682,false],"newsium-medium":["http:\/\/tvalaire.com\/wp-content\/uploads\/2017\/06\/portada-32.jpeg",713,475,false]},"author_info":{"info":["tvalairenoti"]},"category_info":"<a href=\"http:\/\/tvalaire.com\/?cat=31\" rel=\"category\">Estado<\/a> <a href=\"http:\/\/tvalaire.com\/?cat=35\" rel=\"category\">Principales<\/a>","tag_info":"Principales","comment_count":"0","jetpack_featured_media_url":"http:\/\/tvalaire.com\/wp-content\/uploads\/2017\/06\/portada-32.jpeg","_links":{"self":[{"href":"http:\/\/tvalaire.com\/index.php?rest_route=\/wp\/v2\/posts\/2043"}],"collection":[{"href":"http:\/\/tvalaire.com\/index.php?rest_route=\/wp\/v2\/posts"}],"about":[{"href":"http:\/\/tvalaire.com\/index.php?rest_route=\/wp\/v2\/types\/post"}],"author":[{"embeddable":true,"href":"http:\/\/tvalaire.com\/index.php?rest_route=\/wp\/v2\/users\/1"}],"replies":[{"embeddable":true,"href":"http:\/\/tvalaire.com\/index.php?rest_route=%2Fwp%2Fv2%2Fcomments&post=2043"}],"version-history":[{"count":1,"href":"http:\/\/tvalaire.com\/index.php?rest_route=\/wp\/v2\/posts\/2043\/revisions"}],"predecessor-version":[{"id":2045,"href":"http:\/\/tvalaire.com\/index.php?rest_route=\/wp\/v2\/posts\/2043\/revisions\/2045"}],"wp:featuredmedia":[{"embeddable":true,"href":"http:\/\/tvalaire.com\/index.php?rest_route=\/wp\/v2\/media\/2044"}],"wp:attachment":[{"href":"http:\/\/tvalaire.com\/index.php?rest_route=%2Fwp%2Fv2%2Fmedia&parent=2043"}],"wp:term":[{"taxonomy":"category","embeddable":true,"href":"http:\/\/tvalaire.com\/index.php?rest_route=%2Fwp%2Fv2%2Fcategories&post=2043"},{"taxonomy":"post_tag","embeddable":true,"href":"http:\/\/tvalaire.com\/index.php?rest_route=%2Fwp%2Fv2%2Ftags&post=2043"}],"curies":[{"name":"wp","href":"https:\/\/api.w.org\/{rel}","templated":true}]}}