{"id":2030,"date":"2017-06-26T09:48:02","date_gmt":"2017-06-26T14:48:02","guid":{"rendered":"http:\/\/tvalaire.com\/?p=2030"},"modified":"2017-06-26T09:48:02","modified_gmt":"2017-06-26T14:48:02","slug":"se-prepara-el-dif-la-piedad-para-los-cursos-de-verano-2017","status":"publish","type":"post","link":"http:\/\/tvalaire.com\/?p=2030","title":{"rendered":"SE PREPARA EL DIF LA PIEDAD PARA LOS CURSOS DE VERANO 2017"},"content":{"rendered":"<p>El Sistema para el Desarrollo Integral de la Familia (DIF), se prepara para el inicio de los cursos de verano 2017, que en esta ocasi\u00f3n ser\u00e1n del 17 de julio al 4 de agosto de este a\u00f1o.<\/p>\n<p>Por tal motivo, la presidenta de la dependencia social, Ma. Socorro Le\u00f3n y la directora de la instancia de gobierno llevan a cabo la realizaci\u00f3n del programa de trabajo que se desarrollar\u00e1 durante los d\u00edas en los que se realice el curso.<\/p>\n<p>Se inform\u00f3 que el cupo m\u00e1ximo ser\u00e1 de hasta 150 ni\u00f1os con el fin de poder brindarles toda la atenci\u00f3n a los menores. El a\u00f1o pasado fueron 110 los que se inscribieron en las diversas \u00e1reas en las que se trabaj\u00f3.<\/p>\n<p>En esta ocasi\u00f3n seguir\u00e1n los cursos en manualidades, regularizaci\u00f3n, deportes, psicomotricidad entre otros, los cuales en esta ocasi\u00f3n tambi\u00e9n se realizar\u00e1n.<\/p>\n<p>Por lo que invit\u00f3 a los padres de familia a estar pendientes de las fechas de inscripci\u00f3n ya que est\u00e1s comenzar\u00e1n a partir del 26 de junio en las instalaciones del DIF Municipal. El costo de inscripci\u00f3n que incluye el material es de 330 pesos por cada ni\u00f1o y si asisten hermanos el costo ser\u00e1 de 300 pesos de cada uno.<\/p>\n<p>&nbsp;<\/p>\n","protected":false},"excerpt":{"rendered":"<p>El Sistema para el Desarrollo Integral de la Familia (DIF), se prepara para el inicio&#8230;<\/p>\n","protected":false},"author":1,"featured_media":2027,"comment_status":"open","ping_status":"open","sticky":false,"template":"","format":"standard","meta":{"jetpack_post_was_ever_published":false,"_jetpack_newsletter_access":"","_jetpack_dont_email_post_to_subs":false,"_jetpack_newsletter_tier_id":0,"_jetpack_memberships_contains_paywalled_content":false,"_jetpack_memberships_contains_paid_content":false,"footnotes":"","jetpack_publicize_message":"","jetpack_publicize_feature_enabled":true,"jetpack_social_post_already_shared":false,"jetpack_social_options":{"image_generator_settings":{"template":"highway","enabled":false},"version":2}},"categories":[1,35],"tags":[15,36],"class_list":["post-2030","post","type-post","status-publish","format-standard","has-post-thumbnail","hentry","category-la-piedad","category-principales","tag-la-piedad","tag-principales"],"jetpack_publicize_connections":[],"jetpack_sharing_enabled":true,"featured_image_urls":{"full":["http:\/\/tvalaire.com\/wp-content\/uploads\/2017\/06\/SE-PREPARA-EL-DIF-LA-PIEDAD-PARA-LOS-CURSOS-DE-VERANO-2017.jpg",2048,1536,false],"thumbnail":["http:\/\/tvalaire.com\/wp-content\/uploads\/2017\/06\/SE-PREPARA-EL-DIF-LA-PIEDAD-PARA-LOS-CURSOS-DE-VERANO-2017-150x150.jpg",150,150,true],"medium":["http:\/\/tvalaire.com\/wp-content\/uploads\/2017\/06\/SE-PREPARA-EL-DIF-LA-PIEDAD-PARA-LOS-CURSOS-DE-VERANO-2017-300x225.jpg",300,225,true],"medium_large":["http:\/\/tvalaire.com\/wp-content\/uploads\/2017\/06\/SE-PREPARA-EL-DIF-LA-PIEDAD-PARA-LOS-CURSOS-DE-VERANO-2017-768x576.jpg",640,480,true],"large":["http:\/\/tvalaire.com\/wp-content\/uploads\/2017\/06\/SE-PREPARA-EL-DIF-LA-PIEDAD-PARA-LOS-CURSOS-DE-VERANO-2017-1024x768.jpg",640,480,true],"post-slider-thumb-size":["http:\/\/tvalaire.com\/wp-content\/uploads\/2017\/06\/SE-PREPARA-EL-DIF-LA-PIEDAD-PARA-LOS-CURSOS-DE-VERANO-2017.jpg",253,190,false],"post-category-slider-size":["http:\/\/tvalaire.com\/wp-content\/uploads\/2017\/06\/SE-PREPARA-EL-DIF-LA-PIEDAD-PARA-LOS-CURSOS-DE-VERANO-2017.jpg",330,248,false],"1536x1536":["http:\/\/tvalaire.com\/wp-content\/uploads\/2017\/06\/SE-PREPARA-EL-DIF-LA-PIEDAD-PARA-LOS-CURSOS-DE-VERANO-2017.jpg",1536,1152,false],"2048x2048":["http:\/\/tvalaire.com\/wp-content\/uploads\/2017\/06\/SE-PREPARA-EL-DIF-LA-PIEDAD-PARA-LOS-CURSOS-DE-VERANO-2017.jpg",2048,1536,false],"newsium-slider-full":["http:\/\/tvalaire.com\/wp-content\/uploads\/2017\/06\/SE-PREPARA-EL-DIF-LA-PIEDAD-PARA-LOS-CURSOS-DE-VERANO-2017.jpg",1127,845,false],"newsium-featured":["http:\/\/tvalaire.com\/wp-content\/uploads\/2017\/06\/SE-PREPARA-EL-DIF-LA-PIEDAD-PARA-LOS-CURSOS-DE-VERANO-2017.jpg",1024,768,false],"newsium-medium":["http:\/\/tvalaire.com\/wp-content\/uploads\/2017\/06\/SE-PREPARA-EL-DIF-LA-PIEDAD-PARA-LOS-CURSOS-DE-VERANO-2017.jpg",633,475,false]},"author_info":{"info":["tvalairenoti"]},"category_info":"<a href=\"http:\/\/tvalaire.com\/?cat=1\" rel=\"category\">La Piedad<\/a> <a href=\"http:\/\/tvalaire.com\/?cat=35\" rel=\"category\">Principales<\/a>","tag_info":"Principales","comment_count":"0","jetpack_featured_media_url":"http:\/\/tvalaire.com\/wp-content\/uploads\/2017\/06\/SE-PREPARA-EL-DIF-LA-PIEDAD-PARA-LOS-CURSOS-DE-VERANO-2017.jpg","_links":{"self":[{"href":"http:\/\/tvalaire.com\/index.php?rest_route=\/wp\/v2\/posts\/2030"}],"collection":[{"href":"http:\/\/tvalaire.com\/index.php?rest_route=\/wp\/v2\/posts"}],"about":[{"href":"http:\/\/tvalaire.com\/index.php?rest_route=\/wp\/v2\/types\/post"}],"author":[{"embeddable":true,"href":"http:\/\/tvalaire.com\/index.php?rest_route=\/wp\/v2\/users\/1"}],"replies":[{"embeddable":true,"href":"http:\/\/tvalaire.com\/index.php?rest_route=%2Fwp%2Fv2%2Fcomments&post=2030"}],"version-history":[{"count":1,"href":"http:\/\/tvalaire.com\/index.php?rest_route=\/wp\/v2\/posts\/2030\/revisions"}],"predecessor-version":[{"id":2031,"href":"http:\/\/tvalaire.com\/index.php?rest_route=\/wp\/v2\/posts\/2030\/revisions\/2031"}],"wp:featuredmedia":[{"embeddable":true,"href":"http:\/\/tvalaire.com\/index.php?rest_route=\/wp\/v2\/media\/2027"}],"wp:attachment":[{"href":"http:\/\/tvalaire.com\/index.php?rest_route=%2Fwp%2Fv2%2Fmedia&parent=2030"}],"wp:term":[{"taxonomy":"category","embeddable":true,"href":"http:\/\/tvalaire.com\/index.php?rest_route=%2Fwp%2Fv2%2Fcategories&post=2030"},{"taxonomy":"post_tag","embeddable":true,"href":"http:\/\/tvalaire.com\/index.php?rest_route=%2Fwp%2Fv2%2Ftags&post=2030"}],"curies":[{"name":"wp","href":"https:\/\/api.w.org\/{rel}","templated":true}]}}