{"id":2012,"date":"2017-06-23T09:36:39","date_gmt":"2017-06-23T14:36:39","guid":{"rendered":"http:\/\/tvalaire.com\/?p=2012"},"modified":"2017-06-23T09:36:39","modified_gmt":"2017-06-23T14:36:39","slug":"promueven-campana-para-adaptar-lentes-a-ninos-en-edad-escolar","status":"publish","type":"post","link":"http:\/\/tvalaire.com\/?p=2012","title":{"rendered":"PROMUEVEN CAMPA\u00d1A PARA ADAPTAR LENTES A NI\u00d1OS EN EDAD ESCOLAR"},"content":{"rendered":"<p class=\"xmsonormal\" style=\"background: white; font-variant-ligatures: normal; font-variant-caps: normal; orphans: 2; text-align: start; widows: 2; -webkit-text-stroke-width: 0px; text-decoration-style: initial; text-decoration-color: initial; word-spacing: 0px;\"><b><span style=\"font-size: 7.5pt; font-family: 'Arial','sans-serif'; color: #212121;\">\u00a0<\/span><\/b><span style=\"font-size: 7.5pt; font-family: 'Arial','sans-serif'; color: #212121;\">Lleg\u00f3 a La Piedad, el programa de Lentes de la Secretar\u00eda de Educaci\u00f3n en el Estado (SEE),\u00a0\u00a0 el cual est\u00e1 dirigido a todos los alumnos en edad escolar que asistan a escuelas p\u00fablicas. La gesti\u00f3n para la puesta en marcha de este programa en la localidad, fue hecha por regidores que forman parte de la Comisi\u00f3n de Educaci\u00f3n al interior del Cabildo y la adaptaci\u00f3n de los lentes se llev\u00f3 a cabo a partir de las 11:00 horas en el Centro Cultural Piedadense.<\/span><\/p>\n<p class=\"xmsonormal\" style=\"text-align: justify; background: white; font-variant-ligatures: normal; font-variant-caps: normal; orphans: 2; widows: 2; -webkit-text-stroke-width: 0px; text-decoration-style: initial; text-decoration-color: initial; word-spacing: 0px;\"><span style=\"font-size: 7.5pt; font-family: 'Arial','sans-serif'; color: #212121;\">\u00a0Daniel V\u00e1zquez Zavala, en su intervenci\u00f3n y a nombre del Alcalde Juan Manuel Estrada Medina, dijo que uno de los intereses del Presidente Municipal es garantizar la salud visual de los educandos, para que no haya pretexto en su formaci\u00f3n. Para ello indic\u00f3 que tanto el Alcalde como los regidores de la comisi\u00f3n de educaci\u00f3n quienes fueron los que gestionaron la puesta en marcha de este programa en La Piedad, lo que buscan con estos programas es acercar este tipo de beneficios a la poblaci\u00f3n que cuenta con alguna discapacidad visual.<\/span><\/p>\n<p class=\"xmsonormal\" style=\"text-align: justify; background: white; font-variant-ligatures: normal; font-variant-caps: normal; orphans: 2; widows: 2; -webkit-text-stroke-width: 0px; text-decoration-style: initial; text-decoration-color: initial; word-spacing: 0px;\"><span style=\"font-size: 7.5pt; font-family: 'Arial','sans-serif'; color: #212121;\">Juan Gayt\u00e1n encargado del programa por su parte, inform\u00f3 que la Secretar\u00eda de Educaci\u00f3n maneja varios programas que como \u00e9ste est\u00e1n encaminados a ayudar a la ni\u00f1ez, por lo que invit\u00f3 a los padres de familia tomar todos los apoyos que les brinden las autoridades para beneficio de sus ni\u00f1os.<\/span><\/p>\n<p class=\"xmsonormal\" style=\"text-align: justify; background: white; font-variant-ligatures: normal; font-variant-caps: normal; orphans: 2; widows: 2; -webkit-text-stroke-width: 0px; text-decoration-style: initial; text-decoration-color: initial; word-spacing: 0px;\"><span style=\"font-size: 7.5pt; font-family: 'Arial','sans-serif'; color: #212121;\">\u00a0Posteriormente iniciaron con la adaptaci\u00f3n de los lentes, mismos que en caso de los ni\u00f1os que cursan el primero y segundo grado de Primaria son gratuitos.<\/span><\/p>\n<p class=\"xmsonormal\" style=\"text-align: justify; background: white; font-variant-ligatures: normal; font-variant-caps: normal; orphans: 2; widows: 2; -webkit-text-stroke-width: 0px; text-decoration-style: initial; text-decoration-color: initial; word-spacing: 0px;\"><span style=\"font-size: 7.5pt; font-family: 'Arial','sans-serif'; color: #212121;\">\u00a0Los ni\u00f1os de Tercero a Sexto grado de primarias p\u00fablicas, los anteojos tuvieron un costo de recuperaci\u00f3n de 270 pesos; para los adolescentes de secundarias p\u00fablicas el costo fue de 350 pesos y para personas de la tercera edad fue de 300 pesos.<\/span><\/p>\n<p class=\"xmsonormal\" style=\"text-align: justify; background: white; font-variant-ligatures: normal; font-variant-caps: normal; orphans: 2; widows: 2; -webkit-text-stroke-width: 0px; text-decoration-style: initial; text-decoration-color: initial; word-spacing: 0px;\"><span style=\"font-size: 7.5pt; font-family: 'Arial','sans-serif'; color: #212121;\">\u00a0El acto oficial de arranque de este programa, corri\u00f3 a cargo del Secretario del Ayuntamiento, Daniel V\u00e1zquez Zavala a nombre del Alcalde Juan Manuel Estrada Medina quien se encontraba en la Ciudad de M\u00e9xico gestionando m\u00e1s apoyos para el municipio; tambi\u00e9n estuvo presente el regidor Iv\u00e1n Hidalgo Gallardo; Juan Gayt\u00e1n encargado del programa de lentes de la SEE; el director de Educaci\u00f3n, as\u00ed como los m\u00e9dicos, Fernando Calder\u00f3n Barrera e Isabel Hern\u00e1ndez Castro.<\/span><\/p>\n<p>&nbsp;<\/p>\n<p><img loading=\"lazy\" decoding=\"async\" class=\"alignnone size-medium wp-image-2008\" src=\"http:\/\/tvalaire.com\/wp-content\/uploads\/2017\/06\/PROMUEVEN-CAMPA\u00d1A-PARA-ADAPTAR-LENTES-A-NI\u00d1OS-EN-EDAD-ESCOLAR3-300x200.jpg\" alt=\"\" width=\"300\" height=\"200\" srcset=\"http:\/\/tvalaire.com\/wp-content\/uploads\/2017\/06\/PROMUEVEN-CAMPA\u00d1A-PARA-ADAPTAR-LENTES-A-NI\u00d1OS-EN-EDAD-ESCOLAR3-300x200.jpg 300w, http:\/\/tvalaire.com\/wp-content\/uploads\/2017\/06\/PROMUEVEN-CAMPA\u00d1A-PARA-ADAPTAR-LENTES-A-NI\u00d1OS-EN-EDAD-ESCOLAR3-768x513.jpg 768w, http:\/\/tvalaire.com\/wp-content\/uploads\/2017\/06\/PROMUEVEN-CAMPA\u00d1A-PARA-ADAPTAR-LENTES-A-NI\u00d1OS-EN-EDAD-ESCOLAR3.jpg 1024w\" sizes=\"(max-width: 300px) 100vw, 300px\" \/><\/p>\n<p><img loading=\"lazy\" decoding=\"async\" class=\"alignnone size-medium wp-image-2007\" src=\"http:\/\/tvalaire.com\/wp-content\/uploads\/2017\/06\/PROMUEVEN-CAMPA\u00d1A-PARA-ADAPTAR-LENTES-A-NI\u00d1OS-EN-EDAD-ESCOLAR2-300x200.jpg\" alt=\"\" width=\"300\" height=\"200\" srcset=\"http:\/\/tvalaire.com\/wp-content\/uploads\/2017\/06\/PROMUEVEN-CAMPA\u00d1A-PARA-ADAPTAR-LENTES-A-NI\u00d1OS-EN-EDAD-ESCOLAR2-300x200.jpg 300w, http:\/\/tvalaire.com\/wp-content\/uploads\/2017\/06\/PROMUEVEN-CAMPA\u00d1A-PARA-ADAPTAR-LENTES-A-NI\u00d1OS-EN-EDAD-ESCOLAR2-768x513.jpg 768w, http:\/\/tvalaire.com\/wp-content\/uploads\/2017\/06\/PROMUEVEN-CAMPA\u00d1A-PARA-ADAPTAR-LENTES-A-NI\u00d1OS-EN-EDAD-ESCOLAR2.jpg 1024w\" sizes=\"(max-width: 300px) 100vw, 300px\" \/><\/p>\n","protected":false},"excerpt":{"rendered":"<p>\u00a0Lleg\u00f3 a La Piedad, el programa de Lentes de la Secretar\u00eda de Educaci\u00f3n en el&#8230;<\/p>\n","protected":false},"author":1,"featured_media":2006,"comment_status":"open","ping_status":"open","sticky":false,"template":"","format":"standard","meta":{"jetpack_post_was_ever_published":false,"_jetpack_newsletter_access":"","_jetpack_dont_email_post_to_subs":false,"_jetpack_newsletter_tier_id":0,"_jetpack_memberships_contains_paywalled_content":false,"_jetpack_memberships_contains_paid_content":false,"footnotes":"","jetpack_publicize_message":"","jetpack_publicize_feature_enabled":true,"jetpack_social_post_already_shared":false,"jetpack_social_options":{"image_generator_settings":{"template":"highway","enabled":false},"version":2}},"categories":[1],"tags":[15,36],"class_list":["post-2012","post","type-post","status-publish","format-standard","has-post-thumbnail","hentry","category-la-piedad","tag-la-piedad","tag-principales"],"jetpack_publicize_connections":[],"jetpack_sharing_enabled":true,"featured_image_urls":{"full":["http:\/\/tvalaire.com\/wp-content\/uploads\/2017\/06\/PROMUEVEN-CAMPA\u00d1A-PARA-ADAPTAR-LENTES-A-NI\u00d1OS-EN-EDAD-ESCOLAR.jpg",1024,684,false],"thumbnail":["http:\/\/tvalaire.com\/wp-content\/uploads\/2017\/06\/PROMUEVEN-CAMPA\u00d1A-PARA-ADAPTAR-LENTES-A-NI\u00d1OS-EN-EDAD-ESCOLAR-150x150.jpg",150,150,true],"medium":["http:\/\/tvalaire.com\/wp-content\/uploads\/2017\/06\/PROMUEVEN-CAMPA\u00d1A-PARA-ADAPTAR-LENTES-A-NI\u00d1OS-EN-EDAD-ESCOLAR-300x200.jpg",300,200,true],"medium_large":["http:\/\/tvalaire.com\/wp-content\/uploads\/2017\/06\/PROMUEVEN-CAMPA\u00d1A-PARA-ADAPTAR-LENTES-A-NI\u00d1OS-EN-EDAD-ESCOLAR-768x513.jpg",640,428,true],"large":["http:\/\/tvalaire.com\/wp-content\/uploads\/2017\/06\/PROMUEVEN-CAMPA\u00d1A-PARA-ADAPTAR-LENTES-A-NI\u00d1OS-EN-EDAD-ESCOLAR-1024x684.jpg",640,428,true],"post-slider-thumb-size":["http:\/\/tvalaire.com\/wp-content\/uploads\/2017\/06\/PROMUEVEN-CAMPA\u00d1A-PARA-ADAPTAR-LENTES-A-NI\u00d1OS-EN-EDAD-ESCOLAR.jpg",284,190,false],"post-category-slider-size":["http:\/\/tvalaire.com\/wp-content\/uploads\/2017\/06\/PROMUEVEN-CAMPA\u00d1A-PARA-ADAPTAR-LENTES-A-NI\u00d1OS-EN-EDAD-ESCOLAR.jpg",330,220,false],"1536x1536":["http:\/\/tvalaire.com\/wp-content\/uploads\/2017\/06\/PROMUEVEN-CAMPA\u00d1A-PARA-ADAPTAR-LENTES-A-NI\u00d1OS-EN-EDAD-ESCOLAR.jpg",1024,684,false],"2048x2048":["http:\/\/tvalaire.com\/wp-content\/uploads\/2017\/06\/PROMUEVEN-CAMPA\u00d1A-PARA-ADAPTAR-LENTES-A-NI\u00d1OS-EN-EDAD-ESCOLAR.jpg",1024,684,false],"newsium-slider-full":["http:\/\/tvalaire.com\/wp-content\/uploads\/2017\/06\/PROMUEVEN-CAMPA\u00d1A-PARA-ADAPTAR-LENTES-A-NI\u00d1OS-EN-EDAD-ESCOLAR.jpg",1024,684,false],"newsium-featured":["http:\/\/tvalaire.com\/wp-content\/uploads\/2017\/06\/PROMUEVEN-CAMPA\u00d1A-PARA-ADAPTAR-LENTES-A-NI\u00d1OS-EN-EDAD-ESCOLAR.jpg",1024,684,false],"newsium-medium":["http:\/\/tvalaire.com\/wp-content\/uploads\/2017\/06\/PROMUEVEN-CAMPA\u00d1A-PARA-ADAPTAR-LENTES-A-NI\u00d1OS-EN-EDAD-ESCOLAR.jpg",711,475,false]},"author_info":{"info":["tvalairenoti"]},"category_info":"<a href=\"http:\/\/tvalaire.com\/?cat=1\" rel=\"category\">La Piedad<\/a>","tag_info":"La Piedad","comment_count":"0","jetpack_featured_media_url":"http:\/\/tvalaire.com\/wp-content\/uploads\/2017\/06\/PROMUEVEN-CAMPA\u00d1A-PARA-ADAPTAR-LENTES-A-NI\u00d1OS-EN-EDAD-ESCOLAR.jpg","_links":{"self":[{"href":"http:\/\/tvalaire.com\/index.php?rest_route=\/wp\/v2\/posts\/2012"}],"collection":[{"href":"http:\/\/tvalaire.com\/index.php?rest_route=\/wp\/v2\/posts"}],"about":[{"href":"http:\/\/tvalaire.com\/index.php?rest_route=\/wp\/v2\/types\/post"}],"author":[{"embeddable":true,"href":"http:\/\/tvalaire.com\/index.php?rest_route=\/wp\/v2\/users\/1"}],"replies":[{"embeddable":true,"href":"http:\/\/tvalaire.com\/index.php?rest_route=%2Fwp%2Fv2%2Fcomments&post=2012"}],"version-history":[{"count":1,"href":"http:\/\/tvalaire.com\/index.php?rest_route=\/wp\/v2\/posts\/2012\/revisions"}],"predecessor-version":[{"id":2013,"href":"http:\/\/tvalaire.com\/index.php?rest_route=\/wp\/v2\/posts\/2012\/revisions\/2013"}],"wp:featuredmedia":[{"embeddable":true,"href":"http:\/\/tvalaire.com\/index.php?rest_route=\/wp\/v2\/media\/2006"}],"wp:attachment":[{"href":"http:\/\/tvalaire.com\/index.php?rest_route=%2Fwp%2Fv2%2Fmedia&parent=2012"}],"wp:term":[{"taxonomy":"category","embeddable":true,"href":"http:\/\/tvalaire.com\/index.php?rest_route=%2Fwp%2Fv2%2Fcategories&post=2012"},{"taxonomy":"post_tag","embeddable":true,"href":"http:\/\/tvalaire.com\/index.php?rest_route=%2Fwp%2Fv2%2Ftags&post=2012"}],"curies":[{"name":"wp","href":"https:\/\/api.w.org\/{rel}","templated":true}]}}