{"id":2005,"date":"2017-06-23T09:34:15","date_gmt":"2017-06-23T14:34:15","guid":{"rendered":"http:\/\/tvalaire.com\/?p=2005"},"modified":"2017-06-23T09:34:15","modified_gmt":"2017-06-23T14:34:15","slug":"realizan-primera-mesa-de-trabajo-del-consejo-ciudadano-para-el-desarrollo-integral-de-la-piedad","status":"publish","type":"post","link":"http:\/\/tvalaire.com\/?p=2005","title":{"rendered":"REALIZAN PRIMERA MESA DE TRABAJO DEL CONSEJO CIUDADANO PARA EL DESARROLLO INTEGRAL DE LA PIEDAD"},"content":{"rendered":"<p class=\"xmsonormal\" style=\"text-align: center; background: white;\" align=\"center\"><b><span style=\"font-size: 7.5pt; font-family: 'Arial','sans-serif'; color: #212121;\">\u00a0<\/span><\/b><\/p>\n<p class=\"xmsonormal\" style=\"text-align: justify; background: white;\"><span style=\"font-size: 7.5pt; font-family: 'Arial','sans-serif'; color: #212121;\">Se realiz\u00f3 la primera mesa de trabajo del Consejo Municipal para el Desarrollo Integral de La Piedad, en donde el eje a tratar fue el del desarrollo social mediante el cual se plantearon diversas obras con las que se busca generar un impacto y beneficio para la poblaci\u00f3n.<\/span><\/p>\n<p class=\"xmsonormal\" style=\"text-align: justify; background: white;\"><span style=\"font-size: 7.5pt; font-family: 'Arial','sans-serif'; color: #212121;\">\u00a0El objetivo de la reuni\u00f3n, fue el plantear la problem\u00e1tica existente haciendo una propuesta de obra o acciones de gobierno, las cuales ser\u00e1n priorizadas por los integrantes del Consejo Municipal para el Desarrollo Integral, se les acompa\u00f1ar\u00e1 de una propuesta y posible soluci\u00f3n, as\u00ed como la gesti\u00f3n ante las dependencias de Gobierno correspondiente para establecer las fechas de inicio de las obras o acciones.<\/span><\/p>\n<p class=\"xmsonormal\" style=\"text-align: justify; background: white;\"><span style=\"font-size: 7.5pt; font-family: 'Arial','sans-serif'; color: #212121;\">\u00a0Dentro de las peticiones que se enlistaron se encuentran: Planes y programas de apoyo dirigidos a la Primera Infancia (ni\u00f1os de 0 a 5 a\u00f1os), etapa que se ha descuidado y es donde se debe formarles como ciudadanos responsables y con valores fundamentales.<\/span><\/p>\n<p class=\"xmsonormal\" style=\"text-align: justify; background: white;\"><span style=\"font-size: 7.5pt; font-family: 'Arial','sans-serif'; color: #212121;\">\u00a0Establecer convenios entre los clubes sociales y el DIF Municipal con empresas como Walmart, Sam\u00b4s y Soriana para que los donativos de alimentos que realizan en otros puntos del pa\u00eds, los hagan a los bancos de alimentos locales.<\/span><\/p>\n<p class=\"xmsonormal\" style=\"text-align: justify; background: white;\"><span style=\"font-size: 7.5pt; font-family: 'Arial','sans-serif'; color: #212121;\">\u00a0Construir un banco de alimentos con dependencias federales para instalar comedores de apoyo social gratuitos en donde no solo se den alimentos sino enseres dom\u00e9sticos, ropa, camas, etc\u00e9tera. La construcci\u00f3n de un Centro de Salud para La Piedad, ya que en las instalaciones donde actualmente operan datan desde hace m\u00e1s de 60 a\u00f1os y el espacio est\u00e1 rebasado.<\/span><\/p>\n<p class=\"xmsonormal\" style=\"text-align: justify; background: white;\"><span style=\"font-size: 7.5pt; font-family: 'Arial','sans-serif'; color: #212121;\">\u00a0Recuperar a favor de la direcci\u00f3n de Cultura el espacio que actualmente tiene la Jurisdicci\u00f3n Sanitaria en el edificio de la Escuela de Artes para habilitar el Centro de Exhibici\u00f3n de obras. Adicionar a los planes de estudio de las escuelas de nivel b\u00e1sico, cursos de espa\u00f1ol y matem\u00e1ticas, que son una de las materias que ubica en los \u00faltimos lugares al pa\u00eds.<\/span><\/p>\n<p class=\"xmsonormal\" style=\"text-align: justify; background: white;\"><span style=\"font-size: 7.5pt; font-family: 'Arial','sans-serif'; color: #212121;\">\u00a0Incluir en los programas federales y estatales a un mayor n\u00famero de planteles educativos en el programa de obras de este a\u00f1o, ya que en el 2016 se cont\u00f3 con apoyos para la rehabilitaci\u00f3n de 12 centros educativos y para este 2017 \u00fanicamente aparecen dos.<\/span><\/p>\n<p class=\"xmsonormal\" style=\"text-align: justify; background: white;\"><span style=\"font-size: 7.5pt; font-family: 'Arial','sans-serif'; color: #212121;\">\u00a0Terminar el cerco perimetral del Instituto Tecnol\u00f3gico al cual le faltan 350 metros. Construir las instalaciones propias del COBAEM que actualmente funciona en la parte alta de un centro comercial y la demanda va en aumento, pues ya alcanzaron los 657 alumnos. Edificar una casa-escuela donde los hijos de mujeres trabajadoras ingresan el lunes y salgan el viernes.<\/span><\/p>\n<p class=\"xmsonormal\" style=\"text-align: justify; background: white;\"><span style=\"font-size: 7.5pt; font-family: 'Arial','sans-serif'; color: #212121;\">\u00a0Hacer enlistado de maestros que requiere La Piedad, ya que este a\u00f1o se dar\u00e1n 500 plazas a los reci\u00e9n egresados de las normales en Michoac\u00e1n, entre otros. La pr\u00f3xima semana tocar\u00e1 a la mesa de Desarrollo Econ\u00f3mico local.<\/span><\/p>\n<p>&nbsp;<\/p>\n<p>&nbsp;<\/p>\n<p><img loading=\"lazy\" decoding=\"async\" class=\"alignnone size-medium wp-image-2010\" src=\"http:\/\/tvalaire.com\/wp-content\/uploads\/2017\/06\/REALIZAN-PRIMERA-MESA-DE-TRABAJO-DEL-CONSEJO-CIUDADANO-PARA-EL-DESARROLLO-INTEGRAL-DE-LA-PIEDAD2-300x200.jpg\" alt=\"\" width=\"300\" height=\"200\" srcset=\"http:\/\/tvalaire.com\/wp-content\/uploads\/2017\/06\/REALIZAN-PRIMERA-MESA-DE-TRABAJO-DEL-CONSEJO-CIUDADANO-PARA-EL-DESARROLLO-INTEGRAL-DE-LA-PIEDAD2-300x200.jpg 300w, http:\/\/tvalaire.com\/wp-content\/uploads\/2017\/06\/REALIZAN-PRIMERA-MESA-DE-TRABAJO-DEL-CONSEJO-CIUDADANO-PARA-EL-DESARROLLO-INTEGRAL-DE-LA-PIEDAD2-768x512.jpg 768w, http:\/\/tvalaire.com\/wp-content\/uploads\/2017\/06\/REALIZAN-PRIMERA-MESA-DE-TRABAJO-DEL-CONSEJO-CIUDADANO-PARA-EL-DESARROLLO-INTEGRAL-DE-LA-PIEDAD2.jpg 1024w\" sizes=\"(max-width: 300px) 100vw, 300px\" \/><\/p>\n","protected":false},"excerpt":{"rendered":"<p>\u00a0 Se realiz\u00f3 la primera mesa de trabajo del Consejo Municipal para el Desarrollo Integral&#8230;<\/p>\n","protected":false},"author":1,"featured_media":2009,"comment_status":"open","ping_status":"open","sticky":false,"template":"","format":"standard","meta":{"jetpack_post_was_ever_published":false,"_jetpack_newsletter_access":"","_jetpack_dont_email_post_to_subs":false,"_jetpack_newsletter_tier_id":0,"_jetpack_memberships_contains_paywalled_content":false,"_jetpack_memberships_contains_paid_content":false,"footnotes":"","jetpack_publicize_message":"","jetpack_publicize_feature_enabled":true,"jetpack_social_post_already_shared":false,"jetpack_social_options":{"image_generator_settings":{"template":"highway","enabled":false},"version":2}},"categories":[1],"tags":[15,36],"class_list":["post-2005","post","type-post","status-publish","format-standard","has-post-thumbnail","hentry","category-la-piedad","tag-la-piedad","tag-principales"],"jetpack_publicize_connections":[],"jetpack_sharing_enabled":true,"featured_image_urls":{"full":["http:\/\/tvalaire.com\/wp-content\/uploads\/2017\/06\/REALIZAN-PRIMERA-MESA-DE-TRABAJO-DEL-CONSEJO-CIUDADANO-PARA-EL-DESARROLLO-INTEGRAL-DE-LA-PIEDAD.jpg",1024,683,false],"thumbnail":["http:\/\/tvalaire.com\/wp-content\/uploads\/2017\/06\/REALIZAN-PRIMERA-MESA-DE-TRABAJO-DEL-CONSEJO-CIUDADANO-PARA-EL-DESARROLLO-INTEGRAL-DE-LA-PIEDAD-150x150.jpg",150,150,true],"medium":["http:\/\/tvalaire.com\/wp-content\/uploads\/2017\/06\/REALIZAN-PRIMERA-MESA-DE-TRABAJO-DEL-CONSEJO-CIUDADANO-PARA-EL-DESARROLLO-INTEGRAL-DE-LA-PIEDAD-300x200.jpg",300,200,true],"medium_large":["http:\/\/tvalaire.com\/wp-content\/uploads\/2017\/06\/REALIZAN-PRIMERA-MESA-DE-TRABAJO-DEL-CONSEJO-CIUDADANO-PARA-EL-DESARROLLO-INTEGRAL-DE-LA-PIEDAD-768x512.jpg",640,427,true],"large":["http:\/\/tvalaire.com\/wp-content\/uploads\/2017\/06\/REALIZAN-PRIMERA-MESA-DE-TRABAJO-DEL-CONSEJO-CIUDADANO-PARA-EL-DESARROLLO-INTEGRAL-DE-LA-PIEDAD-1024x683.jpg",640,427,true],"post-slider-thumb-size":["http:\/\/tvalaire.com\/wp-content\/uploads\/2017\/06\/REALIZAN-PRIMERA-MESA-DE-TRABAJO-DEL-CONSEJO-CIUDADANO-PARA-EL-DESARROLLO-INTEGRAL-DE-LA-PIEDAD.jpg",285,190,false],"post-category-slider-size":["http:\/\/tvalaire.com\/wp-content\/uploads\/2017\/06\/REALIZAN-PRIMERA-MESA-DE-TRABAJO-DEL-CONSEJO-CIUDADANO-PARA-EL-DESARROLLO-INTEGRAL-DE-LA-PIEDAD.jpg",330,220,false],"1536x1536":["http:\/\/tvalaire.com\/wp-content\/uploads\/2017\/06\/REALIZAN-PRIMERA-MESA-DE-TRABAJO-DEL-CONSEJO-CIUDADANO-PARA-EL-DESARROLLO-INTEGRAL-DE-LA-PIEDAD.jpg",1024,683,false],"2048x2048":["http:\/\/tvalaire.com\/wp-content\/uploads\/2017\/06\/REALIZAN-PRIMERA-MESA-DE-TRABAJO-DEL-CONSEJO-CIUDADANO-PARA-EL-DESARROLLO-INTEGRAL-DE-LA-PIEDAD.jpg",1024,683,false],"newsium-slider-full":["http:\/\/tvalaire.com\/wp-content\/uploads\/2017\/06\/REALIZAN-PRIMERA-MESA-DE-TRABAJO-DEL-CONSEJO-CIUDADANO-PARA-EL-DESARROLLO-INTEGRAL-DE-LA-PIEDAD.jpg",1024,683,false],"newsium-featured":["http:\/\/tvalaire.com\/wp-content\/uploads\/2017\/06\/REALIZAN-PRIMERA-MESA-DE-TRABAJO-DEL-CONSEJO-CIUDADANO-PARA-EL-DESARROLLO-INTEGRAL-DE-LA-PIEDAD.jpg",1024,683,false],"newsium-medium":["http:\/\/tvalaire.com\/wp-content\/uploads\/2017\/06\/REALIZAN-PRIMERA-MESA-DE-TRABAJO-DEL-CONSEJO-CIUDADANO-PARA-EL-DESARROLLO-INTEGRAL-DE-LA-PIEDAD.jpg",712,475,false]},"author_info":{"info":["tvalairenoti"]},"category_info":"<a href=\"http:\/\/tvalaire.com\/?cat=1\" rel=\"category\">La Piedad<\/a>","tag_info":"La Piedad","comment_count":"0","jetpack_featured_media_url":"http:\/\/tvalaire.com\/wp-content\/uploads\/2017\/06\/REALIZAN-PRIMERA-MESA-DE-TRABAJO-DEL-CONSEJO-CIUDADANO-PARA-EL-DESARROLLO-INTEGRAL-DE-LA-PIEDAD.jpg","_links":{"self":[{"href":"http:\/\/tvalaire.com\/index.php?rest_route=\/wp\/v2\/posts\/2005"}],"collection":[{"href":"http:\/\/tvalaire.com\/index.php?rest_route=\/wp\/v2\/posts"}],"about":[{"href":"http:\/\/tvalaire.com\/index.php?rest_route=\/wp\/v2\/types\/post"}],"author":[{"embeddable":true,"href":"http:\/\/tvalaire.com\/index.php?rest_route=\/wp\/v2\/users\/1"}],"replies":[{"embeddable":true,"href":"http:\/\/tvalaire.com\/index.php?rest_route=%2Fwp%2Fv2%2Fcomments&post=2005"}],"version-history":[{"count":1,"href":"http:\/\/tvalaire.com\/index.php?rest_route=\/wp\/v2\/posts\/2005\/revisions"}],"predecessor-version":[{"id":2011,"href":"http:\/\/tvalaire.com\/index.php?rest_route=\/wp\/v2\/posts\/2005\/revisions\/2011"}],"wp:featuredmedia":[{"embeddable":true,"href":"http:\/\/tvalaire.com\/index.php?rest_route=\/wp\/v2\/media\/2009"}],"wp:attachment":[{"href":"http:\/\/tvalaire.com\/index.php?rest_route=%2Fwp%2Fv2%2Fmedia&parent=2005"}],"wp:term":[{"taxonomy":"category","embeddable":true,"href":"http:\/\/tvalaire.com\/index.php?rest_route=%2Fwp%2Fv2%2Fcategories&post=2005"},{"taxonomy":"post_tag","embeddable":true,"href":"http:\/\/tvalaire.com\/index.php?rest_route=%2Fwp%2Fv2%2Ftags&post=2005"}],"curies":[{"name":"wp","href":"https:\/\/api.w.org\/{rel}","templated":true}]}}