{"id":1961,"date":"2017-06-22T19:21:19","date_gmt":"2017-06-23T00:21:19","guid":{"rendered":"http:\/\/tvalaire.com\/?p=1961"},"modified":"2017-06-22T19:21:19","modified_gmt":"2017-06-23T00:21:19","slug":"gobierno-municipal-festejo-a-los-papas-puruandirenses","status":"publish","type":"post","link":"http:\/\/tvalaire.com\/?p=1961","title":{"rendered":"GOBIERNO MUNICIPAL FESTEJ\u00d3 A LOS PAP\u00c1S PURUANDIRENSES"},"content":{"rendered":"<p style=\"text-align: justify; background: white; margin: 0cm 0cm 4.5pt 0cm;\">\n<p style=\"text-align: justify; background: white; margin: 0cm 0cm 4.5pt 0cm;\"><span style=\"font-family: 'Arial','sans-serif'; color: #1d2129;\">Entre regalos, m\u00fasica, baile y espect\u00e1culo se desarroll\u00f3 el festejo del d\u00eda del pap\u00e1 en la plaza principal de Puru\u00e1ndiro, gracias al Gobierno Municipal que encabeza V\u00edctor V\u00e1zquez.<\/span><\/p>\n<p style=\"text-align: justify; background: white; margin: 4.5pt 0cm .0001pt 0cm;\"><span style=\"font-family: 'Arial','sans-serif'; color: #1d2129;\">Es por ello que con la buena participaci\u00f3n de los pap\u00e1s, intervinieron en el programa: Fernanda Lucero, el ballet folkl\u00f3rico del CECYTEM con un cuadro de tierra caliente; as\u00ed como el ballet Folkl\u00f3rico del Diplomado de las Artes para Profesores de Primaria y Secundaria con el cuadro de Yucat\u00e1n, adem\u00e1s disfrutaron del show de los Tacuaches de Chiricuaro, finalizando con el tradicional cuarteto de los Hermanos Ram\u00edrez.<\/span><\/p>\n<p style=\"text-align: justify; background: white; margin: 4.5pt 0cm .0001pt 0cm;\">\n<p style=\"text-align: justify; background: white; margin: 4.5pt 0cm .0001pt 0cm;\"><img loading=\"lazy\" decoding=\"async\" class=\"alignnone size-medium wp-image-1964\" src=\"http:\/\/tvalaire.com\/wp-content\/uploads\/2017\/06\/GOBIERNO-MUNICIPAL-FESTEJ\u00d3-A-LOS-PAP\u00c1S-PURUANDIRENSES-5-300x199.jpg\" alt=\"\" width=\"300\" height=\"199\" srcset=\"http:\/\/tvalaire.com\/wp-content\/uploads\/2017\/06\/GOBIERNO-MUNICIPAL-FESTEJ\u00d3-A-LOS-PAP\u00c1S-PURUANDIRENSES-5-300x199.jpg 300w, http:\/\/tvalaire.com\/wp-content\/uploads\/2017\/06\/GOBIERNO-MUNICIPAL-FESTEJ\u00d3-A-LOS-PAP\u00c1S-PURUANDIRENSES-5-768x509.jpg 768w, http:\/\/tvalaire.com\/wp-content\/uploads\/2017\/06\/GOBIERNO-MUNICIPAL-FESTEJ\u00d3-A-LOS-PAP\u00c1S-PURUANDIRENSES-5-1024x678.jpg 1024w\" sizes=\"(max-width: 300px) 100vw, 300px\" \/><\/p>\n<p style=\"text-align: justify; background: white; margin: 4.5pt 0cm .0001pt 0cm;\">\n<p style=\"text-align: justify; background: white; margin: 4.5pt 0cm .0001pt 0cm;\"><img loading=\"lazy\" decoding=\"async\" class=\"alignnone size-medium wp-image-1963\" src=\"http:\/\/tvalaire.com\/wp-content\/uploads\/2017\/06\/GOBIERNO-MUNICIPAL-FESTEJ\u00d3-A-LOS-PAP\u00c1S-PURUANDIRENSES-3-300x199.jpg\" alt=\"\" width=\"300\" height=\"199\" srcset=\"http:\/\/tvalaire.com\/wp-content\/uploads\/2017\/06\/GOBIERNO-MUNICIPAL-FESTEJ\u00d3-A-LOS-PAP\u00c1S-PURUANDIRENSES-3-300x199.jpg 300w, http:\/\/tvalaire.com\/wp-content\/uploads\/2017\/06\/GOBIERNO-MUNICIPAL-FESTEJ\u00d3-A-LOS-PAP\u00c1S-PURUANDIRENSES-3-768x509.jpg 768w, http:\/\/tvalaire.com\/wp-content\/uploads\/2017\/06\/GOBIERNO-MUNICIPAL-FESTEJ\u00d3-A-LOS-PAP\u00c1S-PURUANDIRENSES-3-1024x678.jpg 1024w\" sizes=\"(max-width: 300px) 100vw, 300px\" \/><\/p>\n<p style=\"text-align: justify; background: white; margin: 4.5pt 0cm .0001pt 0cm;\">\n<p style=\"text-align: justify; background: white; margin: 4.5pt 0cm .0001pt 0cm;\"><img loading=\"lazy\" decoding=\"async\" class=\"alignnone size-medium wp-image-1962\" src=\"http:\/\/tvalaire.com\/wp-content\/uploads\/2017\/06\/GOBIERNO-MUNICIPAL-FESTEJ\u00d3-A-LOS-PAP\u00c1S-PURUANDIRENSES-2-300x199.jpg\" alt=\"\" width=\"300\" height=\"199\" srcset=\"http:\/\/tvalaire.com\/wp-content\/uploads\/2017\/06\/GOBIERNO-MUNICIPAL-FESTEJ\u00d3-A-LOS-PAP\u00c1S-PURUANDIRENSES-2-300x199.jpg 300w, http:\/\/tvalaire.com\/wp-content\/uploads\/2017\/06\/GOBIERNO-MUNICIPAL-FESTEJ\u00d3-A-LOS-PAP\u00c1S-PURUANDIRENSES-2-768x509.jpg 768w, http:\/\/tvalaire.com\/wp-content\/uploads\/2017\/06\/GOBIERNO-MUNICIPAL-FESTEJ\u00d3-A-LOS-PAP\u00c1S-PURUANDIRENSES-2-1024x678.jpg 1024w\" sizes=\"(max-width: 300px) 100vw, 300px\" \/><\/p>\n","protected":false},"excerpt":{"rendered":"<p>Entre regalos, m\u00fasica, baile y espect\u00e1culo se desarroll\u00f3 el festejo del d\u00eda del pap\u00e1 en&#8230;<\/p>\n","protected":false},"author":1,"featured_media":1965,"comment_status":"open","ping_status":"open","sticky":false,"template":"","format":"standard","meta":{"jetpack_post_was_ever_published":false,"_jetpack_newsletter_access":"","_jetpack_dont_email_post_to_subs":false,"_jetpack_newsletter_tier_id":0,"_jetpack_memberships_contains_paywalled_content":false,"_jetpack_memberships_contains_paid_content":false,"footnotes":"","jetpack_publicize_message":"","jetpack_publicize_feature_enabled":true,"jetpack_social_post_already_shared":false,"jetpack_social_options":{"image_generator_settings":{"template":"highway","enabled":false},"version":2}},"categories":[4],"tags":[36,24],"class_list":["post-1961","post","type-post","status-publish","format-standard","has-post-thumbnail","hentry","category-puruandiro","tag-principales","tag-puruandiro"],"jetpack_publicize_connections":[],"jetpack_sharing_enabled":true,"featured_image_urls":{"full":["http:\/\/tvalaire.com\/wp-content\/uploads\/2017\/06\/GOBIERNO-MUNICIPAL-FESTEJ\u00d3-A-LOS-PAP\u00c1S-PURUANDIRENSES-7.jpg",4928,3264,false],"thumbnail":["http:\/\/tvalaire.com\/wp-content\/uploads\/2017\/06\/GOBIERNO-MUNICIPAL-FESTEJ\u00d3-A-LOS-PAP\u00c1S-PURUANDIRENSES-7-150x150.jpg",150,150,true],"medium":["http:\/\/tvalaire.com\/wp-content\/uploads\/2017\/06\/GOBIERNO-MUNICIPAL-FESTEJ\u00d3-A-LOS-PAP\u00c1S-PURUANDIRENSES-7-300x199.jpg",300,199,true],"medium_large":["http:\/\/tvalaire.com\/wp-content\/uploads\/2017\/06\/GOBIERNO-MUNICIPAL-FESTEJ\u00d3-A-LOS-PAP\u00c1S-PURUANDIRENSES-7-768x509.jpg",640,424,true],"large":["http:\/\/tvalaire.com\/wp-content\/uploads\/2017\/06\/GOBIERNO-MUNICIPAL-FESTEJ\u00d3-A-LOS-PAP\u00c1S-PURUANDIRENSES-7-1024x678.jpg",640,424,true],"post-slider-thumb-size":["http:\/\/tvalaire.com\/wp-content\/uploads\/2017\/06\/GOBIERNO-MUNICIPAL-FESTEJ\u00d3-A-LOS-PAP\u00c1S-PURUANDIRENSES-7.jpg",287,190,false],"post-category-slider-size":["http:\/\/tvalaire.com\/wp-content\/uploads\/2017\/06\/GOBIERNO-MUNICIPAL-FESTEJ\u00d3-A-LOS-PAP\u00c1S-PURUANDIRENSES-7.jpg",330,219,false],"1536x1536":["http:\/\/tvalaire.com\/wp-content\/uploads\/2017\/06\/GOBIERNO-MUNICIPAL-FESTEJ\u00d3-A-LOS-PAP\u00c1S-PURUANDIRENSES-7.jpg",1536,1017,false],"2048x2048":["http:\/\/tvalaire.com\/wp-content\/uploads\/2017\/06\/GOBIERNO-MUNICIPAL-FESTEJ\u00d3-A-LOS-PAP\u00c1S-PURUANDIRENSES-7.jpg",2048,1356,false],"newsium-slider-full":["http:\/\/tvalaire.com\/wp-content\/uploads\/2017\/06\/GOBIERNO-MUNICIPAL-FESTEJ\u00d3-A-LOS-PAP\u00c1S-PURUANDIRENSES-7.jpg",1276,845,false],"newsium-featured":["http:\/\/tvalaire.com\/wp-content\/uploads\/2017\/06\/GOBIERNO-MUNICIPAL-FESTEJ\u00d3-A-LOS-PAP\u00c1S-PURUANDIRENSES-7.jpg",1024,678,false],"newsium-medium":["http:\/\/tvalaire.com\/wp-content\/uploads\/2017\/06\/GOBIERNO-MUNICIPAL-FESTEJ\u00d3-A-LOS-PAP\u00c1S-PURUANDIRENSES-7.jpg",717,475,false]},"author_info":{"info":["tvalairenoti"]},"category_info":"<a href=\"http:\/\/tvalaire.com\/?cat=4\" rel=\"category\">Puru\u00e1ndiro<\/a>","tag_info":"Puru\u00e1ndiro","comment_count":"0","jetpack_featured_media_url":"http:\/\/tvalaire.com\/wp-content\/uploads\/2017\/06\/GOBIERNO-MUNICIPAL-FESTEJ\u00d3-A-LOS-PAP\u00c1S-PURUANDIRENSES-7.jpg","_links":{"self":[{"href":"http:\/\/tvalaire.com\/index.php?rest_route=\/wp\/v2\/posts\/1961"}],"collection":[{"href":"http:\/\/tvalaire.com\/index.php?rest_route=\/wp\/v2\/posts"}],"about":[{"href":"http:\/\/tvalaire.com\/index.php?rest_route=\/wp\/v2\/types\/post"}],"author":[{"embeddable":true,"href":"http:\/\/tvalaire.com\/index.php?rest_route=\/wp\/v2\/users\/1"}],"replies":[{"embeddable":true,"href":"http:\/\/tvalaire.com\/index.php?rest_route=%2Fwp%2Fv2%2Fcomments&post=1961"}],"version-history":[{"count":1,"href":"http:\/\/tvalaire.com\/index.php?rest_route=\/wp\/v2\/posts\/1961\/revisions"}],"predecessor-version":[{"id":1966,"href":"http:\/\/tvalaire.com\/index.php?rest_route=\/wp\/v2\/posts\/1961\/revisions\/1966"}],"wp:featuredmedia":[{"embeddable":true,"href":"http:\/\/tvalaire.com\/index.php?rest_route=\/wp\/v2\/media\/1965"}],"wp:attachment":[{"href":"http:\/\/tvalaire.com\/index.php?rest_route=%2Fwp%2Fv2%2Fmedia&parent=1961"}],"wp:term":[{"taxonomy":"category","embeddable":true,"href":"http:\/\/tvalaire.com\/index.php?rest_route=%2Fwp%2Fv2%2Fcategories&post=1961"},{"taxonomy":"post_tag","embeddable":true,"href":"http:\/\/tvalaire.com\/index.php?rest_route=%2Fwp%2Fv2%2Ftags&post=1961"}],"curies":[{"name":"wp","href":"https:\/\/api.w.org\/{rel}","templated":true}]}}