{"id":196,"date":"2017-01-30T18:46:57","date_gmt":"2017-01-31T00:46:57","guid":{"rendered":"http:\/\/tvalaire.com\/?p=196"},"modified":"2017-01-30T18:46:57","modified_gmt":"2017-01-31T00:46:57","slug":"promueve-dif-la-piedad-campana-de-salud-auditiva","status":"publish","type":"post","link":"http:\/\/tvalaire.com\/?p=196","title":{"rendered":"PROMUEVE DIF LA PIEDAD CAMPA\u00d1A DE SALUD AUDITIVA"},"content":{"rendered":"<p>Con el objetivo de favorecer y mejorar la condici\u00f3n auditiva de los piedadenses el Sistema para el Desarrollo Integral de la Familia (DIF) y en colaboraci\u00f3n con las autoridades estatales, promueven una campa\u00f1a de aparatos auditivos.<\/p>\n<p>Con informaci\u00f3n recabada con la Presidenta de la instituci\u00f3n de asistencia social Ma. Socorro Le\u00f3n, se hace una atenta invitaci\u00f3n a la poblaci\u00f3n del municipio para que acudan a las instalaciones del DIF a registrarse en el programa social. Los precios en los aparatos son accesibles.<\/p>\n<p>Socorro Le\u00f3n, coment\u00f3 que las acciones est\u00e1n enfocadas a ni\u00f1os, j\u00f3venes y adultos\u00a0 que tangan problemas auditivos y quienes deber\u00e1n acudir a las oficinas del DIF hasta el jueves 2 de febrero antes de las 13:00 horas. A los interesados en verse beneficiados con dicha actividad de salud auditiva se les ofrecer\u00e1 mayor informaci\u00f3n al respecto en las propias oficinas o bien, marcando al tel\u00e9fono 52 2 01 22.<\/p>\n<p>Cabe destacar que las audiometr\u00edas se realizar\u00e1n en la ciudad de Morelia entre los d\u00edas 7 a 10 de febrero, por lo que la gente interesada desde ahora puede pedir la mayor informaci\u00f3n posible en las instalaciones del DIF.<\/p>\n<p>Asimismo, es importante que los solicitantes al momento de hacer el registro presenten su credencial de elector; si es menor de edad, el tutor deber\u00e1 presentarse y mostrar un acta de nacimiento.<\/p>\n","protected":false},"excerpt":{"rendered":"<p>Con el objetivo de favorecer y mejorar la condici\u00f3n auditiva de los piedadenses el Sistema&#8230;<\/p>\n","protected":false},"author":1,"featured_media":197,"comment_status":"open","ping_status":"open","sticky":false,"template":"","format":"standard","meta":{"jetpack_post_was_ever_published":false,"_jetpack_newsletter_access":"","_jetpack_dont_email_post_to_subs":false,"_jetpack_newsletter_tier_id":0,"_jetpack_memberships_contains_paywalled_content":false,"_jetpack_memberships_contains_paid_content":false,"footnotes":"","jetpack_publicize_message":"","jetpack_publicize_feature_enabled":true,"jetpack_social_post_already_shared":false,"jetpack_social_options":{"image_generator_settings":{"template":"highway","enabled":false},"version":2}},"categories":[1],"tags":[],"class_list":["post-196","post","type-post","status-publish","format-standard","has-post-thumbnail","hentry","category-la-piedad"],"jetpack_publicize_connections":[],"jetpack_sharing_enabled":true,"featured_image_urls":{"full":["http:\/\/tvalaire.com\/wp-content\/uploads\/2017\/01\/1-3-1.jpg",640,960,false],"thumbnail":["http:\/\/tvalaire.com\/wp-content\/uploads\/2017\/01\/1-3-1-150x150.jpg",150,150,true],"medium":["http:\/\/tvalaire.com\/wp-content\/uploads\/2017\/01\/1-3-1-200x300.jpg",200,300,true],"medium_large":["http:\/\/tvalaire.com\/wp-content\/uploads\/2017\/01\/1-3-1.jpg",640,960,false],"large":["http:\/\/tvalaire.com\/wp-content\/uploads\/2017\/01\/1-3-1.jpg",640,960,false],"post-slider-thumb-size":["http:\/\/tvalaire.com\/wp-content\/uploads\/2017\/01\/1-3-1.jpg",127,190,false],"post-category-slider-size":["http:\/\/tvalaire.com\/wp-content\/uploads\/2017\/01\/1-3-1.jpg",233,350,false],"1536x1536":["http:\/\/tvalaire.com\/wp-content\/uploads\/2017\/01\/1-3-1.jpg",640,960,false],"2048x2048":["http:\/\/tvalaire.com\/wp-content\/uploads\/2017\/01\/1-3-1.jpg",640,960,false],"newsium-slider-full":["http:\/\/tvalaire.com\/wp-content\/uploads\/2017\/01\/1-3-1.jpg",563,845,false],"newsium-featured":["http:\/\/tvalaire.com\/wp-content\/uploads\/2017\/01\/1-3-1.jpg",640,960,false],"newsium-medium":["http:\/\/tvalaire.com\/wp-content\/uploads\/2017\/01\/1-3-1.jpg",317,475,false]},"author_info":{"info":["tvalairenoti"]},"category_info":"<a href=\"http:\/\/tvalaire.com\/?cat=1\" rel=\"category\">La Piedad<\/a>","tag_info":"La Piedad","comment_count":"0","jetpack_featured_media_url":"http:\/\/tvalaire.com\/wp-content\/uploads\/2017\/01\/1-3-1.jpg","_links":{"self":[{"href":"http:\/\/tvalaire.com\/index.php?rest_route=\/wp\/v2\/posts\/196"}],"collection":[{"href":"http:\/\/tvalaire.com\/index.php?rest_route=\/wp\/v2\/posts"}],"about":[{"href":"http:\/\/tvalaire.com\/index.php?rest_route=\/wp\/v2\/types\/post"}],"author":[{"embeddable":true,"href":"http:\/\/tvalaire.com\/index.php?rest_route=\/wp\/v2\/users\/1"}],"replies":[{"embeddable":true,"href":"http:\/\/tvalaire.com\/index.php?rest_route=%2Fwp%2Fv2%2Fcomments&post=196"}],"version-history":[{"count":1,"href":"http:\/\/tvalaire.com\/index.php?rest_route=\/wp\/v2\/posts\/196\/revisions"}],"predecessor-version":[{"id":198,"href":"http:\/\/tvalaire.com\/index.php?rest_route=\/wp\/v2\/posts\/196\/revisions\/198"}],"wp:featuredmedia":[{"embeddable":true,"href":"http:\/\/tvalaire.com\/index.php?rest_route=\/wp\/v2\/media\/197"}],"wp:attachment":[{"href":"http:\/\/tvalaire.com\/index.php?rest_route=%2Fwp%2Fv2%2Fmedia&parent=196"}],"wp:term":[{"taxonomy":"category","embeddable":true,"href":"http:\/\/tvalaire.com\/index.php?rest_route=%2Fwp%2Fv2%2Fcategories&post=196"},{"taxonomy":"post_tag","embeddable":true,"href":"http:\/\/tvalaire.com\/index.php?rest_route=%2Fwp%2Fv2%2Ftags&post=196"}],"curies":[{"name":"wp","href":"https:\/\/api.w.org\/{rel}","templated":true}]}}