{"id":1955,"date":"2017-06-22T19:08:36","date_gmt":"2017-06-23T00:08:36","guid":{"rendered":"http:\/\/tvalaire.com\/?p=1955"},"modified":"2017-06-22T19:08:36","modified_gmt":"2017-06-23T00:08:36","slug":"gobierno-municipal-da-arranque-a-la-campana-de-limpia","status":"publish","type":"post","link":"http:\/\/tvalaire.com\/?p=1955","title":{"rendered":"GOBIERNO MUNICIPAL DA ARRANQUE A LA CAMPA\u00d1A DE LIMPIA"},"content":{"rendered":"<p style=\"text-align: justify; background: white; margin: 0cm 0cm 4.5pt 0cm;\"><span style=\"font-family: 'Arial','sans-serif'; color: #1d2129;\">En el marco de D\u00eda Mundial del Media Ambiente, el Gobierno Municipal que encabeza V\u00edctor V\u00e1zquez contin\u00faa con actividades que contribuyen al cuidado del mismo, dando inicio con la campa\u00f1a de limpieza que se realizar\u00e1 el resto de esta<a name=\"_GoBack\"><\/a> semana.<\/span><\/p>\n<p style=\"text-align: justify; background: white; margin: 4.5pt 0cm 4.5pt 0cm;\"><span style=\"font-family: 'Arial','sans-serif'; color: #1d2129;\">Los puntos que se estar\u00e1n limpiando, son las \u00e1reas verdes del Municipio en coordinaci\u00f3n con alumnos y docentes de diversas instituciones educativas, arrancando dicha actividad con la<span class=\"apple-converted-space\">\u00a0<\/span><span class=\"textexposedshow\">escuela primaria Emiliano Zapata y con la Cruz Roja Mexicana, en zona de los nacimientos de aguas termales, caracter\u00edsticos de Puru\u00e1ndiro.<\/span><\/span><\/p>\n<p style=\"text-align: justify; background: white; margin: 0cm 0cm 4.5pt 0cm;\"><span style=\"font-family: 'Arial','sans-serif'; color: #1d2129;\">Ante esta acci\u00f3n el director de Ecolog\u00eda Antonio Ibarra Ruiz hace una atenta invitaci\u00f3n a todas personas para que mantenga limpia estas \u00e1reas, ya que todos las utilizamos \u00a1Son para todos y es nuestra responsabilidad mantenerlas limpias! Puntualiz\u00f3.<\/span><\/p>\n<p style=\"text-align: justify; background: white; margin: 4.5pt 0cm 4.5pt 0cm;\"><span style=\"font-family: 'Arial','sans-serif'; color: #1d2129;\">Adem\u00e1s se\u00f1al\u00f3 que en esta temporada de vacaciones que se a pr\u00f3xima, si acuden a una de estas \u00e1reas verdes, no da\u00f1en la vegetaci\u00f3n, pues necesitamos mantenerla como es su naturaleza.<\/span><\/p>\n<p style=\"text-align: justify; background: white; margin: 4.5pt 0cm 4.5pt 0cm;\"><span style=\"font-family: 'Arial','sans-serif'; color: #1d2129;\">Igualmente al final de la actividad los alumnos externaron que es m\u00e1s f\u00e1cil NO tirar basura que recogerla.<\/span><\/p>\n<p style=\"text-align: justify; background: white; margin: 4.5pt 0cm 4.5pt 0cm;\">\n<p style=\"text-align: justify; background: white; margin: 4.5pt 0cm 4.5pt 0cm;\"><img loading=\"lazy\" decoding=\"async\" class=\"alignnone size-medium wp-image-1956\" src=\"http:\/\/tvalaire.com\/wp-content\/uploads\/2017\/06\/camapa\u00f1a-de-limpia-300x199.jpg\" alt=\"\" width=\"300\" height=\"199\" srcset=\"http:\/\/tvalaire.com\/wp-content\/uploads\/2017\/06\/camapa\u00f1a-de-limpia-300x199.jpg 300w, http:\/\/tvalaire.com\/wp-content\/uploads\/2017\/06\/camapa\u00f1a-de-limpia-768x509.jpg 768w, http:\/\/tvalaire.com\/wp-content\/uploads\/2017\/06\/camapa\u00f1a-de-limpia-1024x678.jpg 1024w\" sizes=\"(max-width: 300px) 100vw, 300px\" \/><\/p>\n","protected":false},"excerpt":{"rendered":"<p>En el marco de D\u00eda Mundial del Media Ambiente, el Gobierno Municipal que encabeza V\u00edctor&#8230;<\/p>\n","protected":false},"author":1,"featured_media":1957,"comment_status":"open","ping_status":"open","sticky":false,"template":"","format":"standard","meta":{"jetpack_post_was_ever_published":false,"_jetpack_newsletter_access":"","_jetpack_dont_email_post_to_subs":false,"_jetpack_newsletter_tier_id":0,"_jetpack_memberships_contains_paywalled_content":false,"_jetpack_memberships_contains_paid_content":false,"footnotes":"","jetpack_publicize_message":"","jetpack_publicize_feature_enabled":true,"jetpack_social_post_already_shared":false,"jetpack_social_options":{"image_generator_settings":{"template":"highway","enabled":false},"version":2}},"categories":[4],"tags":[36,24],"class_list":["post-1955","post","type-post","status-publish","format-standard","has-post-thumbnail","hentry","category-puruandiro","tag-principales","tag-puruandiro"],"jetpack_publicize_connections":[],"jetpack_sharing_enabled":true,"featured_image_urls":{"full":["http:\/\/tvalaire.com\/wp-content\/uploads\/2017\/06\/campa-de-limpia.jpg",4928,3264,false],"thumbnail":["http:\/\/tvalaire.com\/wp-content\/uploads\/2017\/06\/campa-de-limpia-150x150.jpg",150,150,true],"medium":["http:\/\/tvalaire.com\/wp-content\/uploads\/2017\/06\/campa-de-limpia-300x199.jpg",300,199,true],"medium_large":["http:\/\/tvalaire.com\/wp-content\/uploads\/2017\/06\/campa-de-limpia-768x509.jpg",640,424,true],"large":["http:\/\/tvalaire.com\/wp-content\/uploads\/2017\/06\/campa-de-limpia-1024x678.jpg",640,424,true],"post-slider-thumb-size":["http:\/\/tvalaire.com\/wp-content\/uploads\/2017\/06\/campa-de-limpia.jpg",287,190,false],"post-category-slider-size":["http:\/\/tvalaire.com\/wp-content\/uploads\/2017\/06\/campa-de-limpia.jpg",330,219,false],"1536x1536":["http:\/\/tvalaire.com\/wp-content\/uploads\/2017\/06\/campa-de-limpia.jpg",1536,1017,false],"2048x2048":["http:\/\/tvalaire.com\/wp-content\/uploads\/2017\/06\/campa-de-limpia.jpg",2048,1356,false],"newsium-slider-full":["http:\/\/tvalaire.com\/wp-content\/uploads\/2017\/06\/campa-de-limpia.jpg",1276,845,false],"newsium-featured":["http:\/\/tvalaire.com\/wp-content\/uploads\/2017\/06\/campa-de-limpia.jpg",1024,678,false],"newsium-medium":["http:\/\/tvalaire.com\/wp-content\/uploads\/2017\/06\/campa-de-limpia.jpg",717,475,false]},"author_info":{"info":["tvalairenoti"]},"category_info":"<a href=\"http:\/\/tvalaire.com\/?cat=4\" rel=\"category\">Puru\u00e1ndiro<\/a>","tag_info":"Puru\u00e1ndiro","comment_count":"0","jetpack_featured_media_url":"http:\/\/tvalaire.com\/wp-content\/uploads\/2017\/06\/campa-de-limpia.jpg","_links":{"self":[{"href":"http:\/\/tvalaire.com\/index.php?rest_route=\/wp\/v2\/posts\/1955"}],"collection":[{"href":"http:\/\/tvalaire.com\/index.php?rest_route=\/wp\/v2\/posts"}],"about":[{"href":"http:\/\/tvalaire.com\/index.php?rest_route=\/wp\/v2\/types\/post"}],"author":[{"embeddable":true,"href":"http:\/\/tvalaire.com\/index.php?rest_route=\/wp\/v2\/users\/1"}],"replies":[{"embeddable":true,"href":"http:\/\/tvalaire.com\/index.php?rest_route=%2Fwp%2Fv2%2Fcomments&post=1955"}],"version-history":[{"count":1,"href":"http:\/\/tvalaire.com\/index.php?rest_route=\/wp\/v2\/posts\/1955\/revisions"}],"predecessor-version":[{"id":1958,"href":"http:\/\/tvalaire.com\/index.php?rest_route=\/wp\/v2\/posts\/1955\/revisions\/1958"}],"wp:featuredmedia":[{"embeddable":true,"href":"http:\/\/tvalaire.com\/index.php?rest_route=\/wp\/v2\/media\/1957"}],"wp:attachment":[{"href":"http:\/\/tvalaire.com\/index.php?rest_route=%2Fwp%2Fv2%2Fmedia&parent=1955"}],"wp:term":[{"taxonomy":"category","embeddable":true,"href":"http:\/\/tvalaire.com\/index.php?rest_route=%2Fwp%2Fv2%2Fcategories&post=1955"},{"taxonomy":"post_tag","embeddable":true,"href":"http:\/\/tvalaire.com\/index.php?rest_route=%2Fwp%2Fv2%2Ftags&post=1955"}],"curies":[{"name":"wp","href":"https:\/\/api.w.org\/{rel}","templated":true}]}}