{"id":1946,"date":"2017-06-22T10:28:38","date_gmt":"2017-06-22T15:28:38","guid":{"rendered":"http:\/\/tvalaire.com\/?p=1946"},"modified":"2017-06-22T10:28:38","modified_gmt":"2017-06-22T15:28:38","slug":"se-realiza-constante-vigilancia-de-los-contenedores-de-basura","status":"publish","type":"post","link":"http:\/\/tvalaire.com\/?p=1946","title":{"rendered":"SE REALIZA CONSTANTE VIGILANCIA  DE LOS CONTENEDORES DE BASURA"},"content":{"rendered":"<p class=\"xmsonormal\" style=\"text-align: center; background: white;\" align=\"center\">\n<p class=\"xmsonormal\" style=\"text-align: justify; background: white; font-variant-ligatures: normal; font-variant-caps: normal; orphans: 2; widows: 2; -webkit-text-stroke-width: 0px; text-decoration-style: initial; text-decoration-color: initial; word-spacing: 0px;\"><span style=\"font-size: 10.0pt; font-family: 'Arial','sans-serif'; color: #212121;\">En respuesta a una de las demandas ciudadanas sobre el mal uso que algunos habitantes dan a los contenedores de basura, se dieron indicaciones al director de Servicios P\u00fablicos para intensificar la vigilancia alrededor de los mismos, con el fin de garantizar su buen uso al mismo tiempo que solicita el apoyo de la ciudadan\u00eda para que ellos mismos gocen de un mejor servicio.<\/span><\/p>\n<p class=\"xmsonormal\" style=\"text-align: justify; background: white; font-variant-ligatures: normal; font-variant-caps: normal; orphans: 2; widows: 2; -webkit-text-stroke-width: 0px; text-decoration-style: initial; text-decoration-color: initial; word-spacing: 0px;\"><span style=\"font-size: 10.0pt; font-family: 'Arial','sans-serif'; color: #212121;\">\u00a0Sobre todo, que se verifique que el uso de los contenedores debe hacerse solo para la basura dom\u00e9stica y en los horarios establecidos que es de las 19:00 a las 07:00 horas, con lo cual a lo largo del d\u00eda el contenedor debe quedar sin basura.<\/span><\/p>\n<p class=\"xmsonormal\" style=\"text-align: justify; background: white; font-variant-ligatures: normal; font-variant-caps: normal; orphans: 2; widows: 2; -webkit-text-stroke-width: 0px; text-decoration-style: initial; text-decoration-color: initial; word-spacing: 0px;\"><span style=\"font-size: 10.0pt; font-family: 'Arial','sans-serif'; color: #212121;\">\u00a0Con lo anterior se prev\u00e9 mejorar notablemente la imagen urbana, adem\u00e1s de bajar los \u00edndices de contaminaci\u00f3n que genera el hecho de tener desechos contenidos en ese espacio durante todo el d\u00eda.<\/span><\/p>\n<p class=\"xmsonormal\" style=\"text-align: justify; background: white; font-variant-ligatures: normal; font-variant-caps: normal; orphans: 2; widows: 2; -webkit-text-stroke-width: 0px; text-decoration-style: initial; text-decoration-color: initial; word-spacing: 0px;\"><span style=\"font-size: 10.0pt; font-family: 'Arial','sans-serif'; color: #212121;\">\u00a0Personal de la direcci\u00f3n de Servicios P\u00fablicos, inform\u00f3 que han detectado contenedores que se usan de forma inadecuada, por lo que ha procedido a reubicarlos estrat\u00e9gicamente a otros sitios de la ciudad. De ah\u00ed que pidieron establecer una sinergia entre sociedad y gobierno para tener un entorno saludable, por lo que se invit\u00f3 a la ciudadan\u00eda a mejorar las pr\u00e1cticas para el dep\u00f3sito de basura en donde haya contenedores.<\/span><\/p>\n<p class=\"xmsonormal\" style=\"text-align: justify; background: white; font-variant-ligatures: normal; font-variant-caps: normal; orphans: 2; widows: 2; -webkit-text-stroke-width: 0px; text-decoration-style: initial; text-decoration-color: initial; word-spacing: 0px;\"><span style=\"font-size: 10.0pt; font-family: 'Arial','sans-serif'; color: #212121;\">\u00a0Se destac\u00f3 a su vez, la colaboraci\u00f3n del sector comercial con quienes se ha trabajado en la disposici\u00f3n de residuos de manera adecuada en la campa\u00f1a denominada \u201cnegocio limpio\u201d la cual cumpli\u00f3 con su primera etapa en el primer cuadro de la ciudad, donde se han generado buenos resultados.<\/span><\/p>\n<p class=\"xmsonormal\" style=\"text-align: justify; background: white; font-variant-ligatures: normal; font-variant-caps: normal; orphans: 2; widows: 2; -webkit-text-stroke-width: 0px; text-decoration-style: initial; text-decoration-color: initial; word-spacing: 0px;\"><span style=\"font-size: 10.0pt; font-family: 'Arial','sans-serif'; color: #212121;\">\u00a0Al respecto, el director de esta dependencia anunci\u00f3 que ya prepara la segunda etapa que incluir\u00e1 ahora a los comerciantes de Mariano Jim\u00e9nez para generar acuerdos que beneficien a la sociedad. Invit\u00f3 a los comerciantes a no tirar basura en el contenedor, sino sacarla al toque de la campana para evitar saturar la capacidad de los mismos y con ello se eviten las sanciones correspondientes en el reglamento de residuos s\u00f3lidos.<\/span><\/p>\n<p class=\"xmsonormal\" style=\"text-align: justify; background: white; font-variant-ligatures: normal; font-variant-caps: normal; orphans: 2; widows: 2; -webkit-text-stroke-width: 0px; text-decoration-style: initial; text-decoration-color: initial; word-spacing: 0px;\"><span style=\"font-size: 10.0pt; font-family: 'Arial','sans-serif'; color: #212121;\">\u00a0En La Piedad, cabe mencionar que diariamente se recogen 130 toneladas de basura y a pesar de los riesgos que esto conlleva, el personal busca mejorar la satisfacci\u00f3n de los usuarios con una actitud proactiva, para la mejora continua en el servicio.<\/span><\/p>\n","protected":false},"excerpt":{"rendered":"<p>En respuesta a una de las demandas ciudadanas sobre el mal uso que algunos habitantes&#8230;<\/p>\n","protected":false},"author":1,"featured_media":1947,"comment_status":"open","ping_status":"open","sticky":false,"template":"","format":"standard","meta":{"jetpack_post_was_ever_published":false,"_jetpack_newsletter_access":"","_jetpack_dont_email_post_to_subs":false,"_jetpack_newsletter_tier_id":0,"_jetpack_memberships_contains_paywalled_content":false,"_jetpack_memberships_contains_paid_content":false,"footnotes":"","jetpack_publicize_message":"","jetpack_publicize_feature_enabled":true,"jetpack_social_post_already_shared":false,"jetpack_social_options":{"image_generator_settings":{"template":"highway","enabled":false},"version":2}},"categories":[1],"tags":[15,36],"class_list":["post-1946","post","type-post","status-publish","format-standard","has-post-thumbnail","hentry","category-la-piedad","tag-la-piedad","tag-principales"],"jetpack_publicize_connections":[],"jetpack_sharing_enabled":true,"featured_image_urls":{"full":["http:\/\/tvalaire.com\/wp-content\/uploads\/2017\/06\/SE-REALIZA-CONSTANTE-VIGILANCIA-DE-LOS-CONTENEDORES-DE-BASURA.jpg",1100,733,false],"thumbnail":["http:\/\/tvalaire.com\/wp-content\/uploads\/2017\/06\/SE-REALIZA-CONSTANTE-VIGILANCIA-DE-LOS-CONTENEDORES-DE-BASURA-150x150.jpg",150,150,true],"medium":["http:\/\/tvalaire.com\/wp-content\/uploads\/2017\/06\/SE-REALIZA-CONSTANTE-VIGILANCIA-DE-LOS-CONTENEDORES-DE-BASURA-300x200.jpg",300,200,true],"medium_large":["http:\/\/tvalaire.com\/wp-content\/uploads\/2017\/06\/SE-REALIZA-CONSTANTE-VIGILANCIA-DE-LOS-CONTENEDORES-DE-BASURA-768x512.jpg",640,427,true],"large":["http:\/\/tvalaire.com\/wp-content\/uploads\/2017\/06\/SE-REALIZA-CONSTANTE-VIGILANCIA-DE-LOS-CONTENEDORES-DE-BASURA-1024x682.jpg",640,426,true],"post-slider-thumb-size":["http:\/\/tvalaire.com\/wp-content\/uploads\/2017\/06\/SE-REALIZA-CONSTANTE-VIGILANCIA-DE-LOS-CONTENEDORES-DE-BASURA.jpg",285,190,false],"post-category-slider-size":["http:\/\/tvalaire.com\/wp-content\/uploads\/2017\/06\/SE-REALIZA-CONSTANTE-VIGILANCIA-DE-LOS-CONTENEDORES-DE-BASURA.jpg",330,220,false],"1536x1536":["http:\/\/tvalaire.com\/wp-content\/uploads\/2017\/06\/SE-REALIZA-CONSTANTE-VIGILANCIA-DE-LOS-CONTENEDORES-DE-BASURA.jpg",1100,733,false],"2048x2048":["http:\/\/tvalaire.com\/wp-content\/uploads\/2017\/06\/SE-REALIZA-CONSTANTE-VIGILANCIA-DE-LOS-CONTENEDORES-DE-BASURA.jpg",1100,733,false],"newsium-slider-full":["http:\/\/tvalaire.com\/wp-content\/uploads\/2017\/06\/SE-REALIZA-CONSTANTE-VIGILANCIA-DE-LOS-CONTENEDORES-DE-BASURA.jpg",1100,733,false],"newsium-featured":["http:\/\/tvalaire.com\/wp-content\/uploads\/2017\/06\/SE-REALIZA-CONSTANTE-VIGILANCIA-DE-LOS-CONTENEDORES-DE-BASURA.jpg",1024,682,false],"newsium-medium":["http:\/\/tvalaire.com\/wp-content\/uploads\/2017\/06\/SE-REALIZA-CONSTANTE-VIGILANCIA-DE-LOS-CONTENEDORES-DE-BASURA.jpg",713,475,false]},"author_info":{"info":["tvalairenoti"]},"category_info":"<a href=\"http:\/\/tvalaire.com\/?cat=1\" rel=\"category\">La Piedad<\/a>","tag_info":"La Piedad","comment_count":"0","jetpack_featured_media_url":"http:\/\/tvalaire.com\/wp-content\/uploads\/2017\/06\/SE-REALIZA-CONSTANTE-VIGILANCIA-DE-LOS-CONTENEDORES-DE-BASURA.jpg","_links":{"self":[{"href":"http:\/\/tvalaire.com\/index.php?rest_route=\/wp\/v2\/posts\/1946"}],"collection":[{"href":"http:\/\/tvalaire.com\/index.php?rest_route=\/wp\/v2\/posts"}],"about":[{"href":"http:\/\/tvalaire.com\/index.php?rest_route=\/wp\/v2\/types\/post"}],"author":[{"embeddable":true,"href":"http:\/\/tvalaire.com\/index.php?rest_route=\/wp\/v2\/users\/1"}],"replies":[{"embeddable":true,"href":"http:\/\/tvalaire.com\/index.php?rest_route=%2Fwp%2Fv2%2Fcomments&post=1946"}],"version-history":[{"count":1,"href":"http:\/\/tvalaire.com\/index.php?rest_route=\/wp\/v2\/posts\/1946\/revisions"}],"predecessor-version":[{"id":1950,"href":"http:\/\/tvalaire.com\/index.php?rest_route=\/wp\/v2\/posts\/1946\/revisions\/1950"}],"wp:featuredmedia":[{"embeddable":true,"href":"http:\/\/tvalaire.com\/index.php?rest_route=\/wp\/v2\/media\/1947"}],"wp:attachment":[{"href":"http:\/\/tvalaire.com\/index.php?rest_route=%2Fwp%2Fv2%2Fmedia&parent=1946"}],"wp:term":[{"taxonomy":"category","embeddable":true,"href":"http:\/\/tvalaire.com\/index.php?rest_route=%2Fwp%2Fv2%2Fcategories&post=1946"},{"taxonomy":"post_tag","embeddable":true,"href":"http:\/\/tvalaire.com\/index.php?rest_route=%2Fwp%2Fv2%2Ftags&post=1946"}],"curies":[{"name":"wp","href":"https:\/\/api.w.org\/{rel}","templated":true}]}}