{"id":1938,"date":"2017-06-21T09:53:45","date_gmt":"2017-06-21T14:53:45","guid":{"rendered":"http:\/\/tvalaire.com\/?p=1938"},"modified":"2017-06-21T09:53:45","modified_gmt":"2017-06-21T14:53:45","slug":"promueve-gobierno-campana-de-lentes-para-ninos-y-adultos-en-la-presidencia-municipal","status":"publish","type":"post","link":"http:\/\/tvalaire.com\/?p=1938","title":{"rendered":"PROMUEVE GOBIERNO CAMPA\u00d1A DE LENTES PARA NI\u00d1OS Y ADULTOS EN LA PRESIDENCIA MUNICIPAL"},"content":{"rendered":"<p class=\"xmsonormal\" style=\"text-align: center; background: white;\" align=\"center\"><span style=\"font-size: 7.5pt; font-family: 'Arial','sans-serif'; color: #212121;\">\u00a0<\/span><\/p>\n<p class=\"xmsonormal\" style=\"text-align: justify; background: white;\"><span style=\"font-size: 7.5pt; font-family: 'Arial','sans-serif'; color: #212121;\">Derivado de las gestiones que realizan los integrantes del Ayuntamiento ante diversas instancias para bajar recursos y apoyos a la poblaci\u00f3n e inspirado en el compromiso por la salud de los ni\u00f1os y los adultos, este jueves 22 se llevar\u00e1 a cabo la campa\u00f1a de lentes a un bajo costo.<\/span><\/p>\n<p class=\"xmsonormal\" style=\"text-align: justify; background: white; font-variant-ligatures: normal; font-variant-caps: normal; orphans: 2; widows: 2; -webkit-text-stroke-width: 0px; text-decoration-style: initial; text-decoration-color: initial; word-spacing: 0px;\"><span style=\"font-size: 7.5pt; font-family: 'Arial','sans-serif'; color: #212121;\">\u00a0Para ello, se invit\u00f3 a los interesados acudir a partir de las 10:30 de la ma\u00f1ana en el Centro Cultural Piedadense para solicitar su examen de la vista y adaptaci\u00f3n de los anteojos en caso de ser necesario.<\/span><\/p>\n<p class=\"xmsonormal\" style=\"text-align: justify; background: white; font-variant-ligatures: normal; font-variant-caps: normal; orphans: 2; widows: 2; -webkit-text-stroke-width: 0px; text-decoration-style: initial; text-decoration-color: initial; word-spacing: 0px;\"><span style=\"font-size: 7.5pt; font-family: 'Arial','sans-serif'; color: #212121;\">\u00a0Se inform\u00f3 que en el caso de los alumnos de primero y segundo grado de primaria que corresponden al gobierno, los lentes ser\u00e1n gratuitos.<\/span><\/p>\n<p class=\"xmsonormal\" style=\"text-align: justify; background: white; font-variant-ligatures: normal; font-variant-caps: normal; orphans: 2; widows: 2; -webkit-text-stroke-width: 0px; text-decoration-style: initial; text-decoration-color: initial; word-spacing: 0px;\"><span style=\"font-size: 7.5pt; font-family: 'Arial','sans-serif'; color: #212121;\">\u00a0Los ni\u00f1os de Tercero a Sexto grado de primarias p\u00fablicas, los anteojos tendr\u00e1n un costo de recuperaci\u00f3n de 270 pesos; para los adolescentes de secundarias p\u00fablicas el costo ser\u00e1 de 350 pesos; para personas de la tercera edad costar\u00e1n 300 pesos.<\/span><\/p>\n<p class=\"xmsonormal\" style=\"text-align: justify; background: white; font-variant-ligatures: normal; font-variant-caps: normal; orphans: 2; widows: 2; -webkit-text-stroke-width: 0px; text-decoration-style: initial; text-decoration-color: initial; word-spacing: 0px;\"><span style=\"font-size: 7.5pt; font-family: 'Arial','sans-serif'; color: #212121;\">\u00a0La campa\u00f1a tambi\u00e9n abarca a toda la ciudadan\u00eda en general que requiera acudir a hacerse un examen de la vista, el cual ser\u00e1 gratuito. Por lo que se invit\u00f3 a la poblaci\u00f3n en general a que acuda este jueves a las 10:30 horas al Centro Cultural Piededense.<\/span><\/p>\n<p class=\"xmsonormal\" style=\"text-align: justify; background: white; font-variant-ligatures: normal; font-variant-caps: normal; orphans: 2; widows: 2; -webkit-text-stroke-width: 0px; text-decoration-style: initial; text-decoration-color: initial; word-spacing: 0px;\"><span style=\"font-size: 7.5pt; font-family: 'Arial','sans-serif'; color: #212121;\">\u00a0En el caso de los ni\u00f1os, se recomienda que acudan acompa\u00f1ados de un adulto o familiar, para que puedan ser atendidos.<\/span><\/p>\n","protected":false},"excerpt":{"rendered":"<p>\u00a0 Derivado de las gestiones que realizan los integrantes del Ayuntamiento ante diversas instancias para&#8230;<\/p>\n","protected":false},"author":1,"featured_media":1934,"comment_status":"open","ping_status":"open","sticky":false,"template":"","format":"standard","meta":{"jetpack_post_was_ever_published":false,"_jetpack_newsletter_access":"","_jetpack_dont_email_post_to_subs":false,"_jetpack_newsletter_tier_id":0,"_jetpack_memberships_contains_paywalled_content":false,"_jetpack_memberships_contains_paid_content":false,"footnotes":"","jetpack_publicize_message":"","jetpack_publicize_feature_enabled":true,"jetpack_social_post_already_shared":false,"jetpack_social_options":{"image_generator_settings":{"template":"highway","enabled":false},"version":2}},"categories":[1],"tags":[15,36],"class_list":["post-1938","post","type-post","status-publish","format-standard","has-post-thumbnail","hentry","category-la-piedad","tag-la-piedad","tag-principales"],"jetpack_publicize_connections":[],"jetpack_sharing_enabled":true,"featured_image_urls":{"full":["http:\/\/tvalaire.com\/wp-content\/uploads\/2017\/06\/PROMUEVE-GOBIERNO-CAMPA\u00d1A-DE-LENTES-PARA-NI\u00d1OS-Y-ADULTOS-EN-LA-PRESIDENCIA-MUNICIPAL.jpg",1024,683,false],"thumbnail":["http:\/\/tvalaire.com\/wp-content\/uploads\/2017\/06\/PROMUEVE-GOBIERNO-CAMPA\u00d1A-DE-LENTES-PARA-NI\u00d1OS-Y-ADULTOS-EN-LA-PRESIDENCIA-MUNICIPAL-150x150.jpg",150,150,true],"medium":["http:\/\/tvalaire.com\/wp-content\/uploads\/2017\/06\/PROMUEVE-GOBIERNO-CAMPA\u00d1A-DE-LENTES-PARA-NI\u00d1OS-Y-ADULTOS-EN-LA-PRESIDENCIA-MUNICIPAL-300x200.jpg",300,200,true],"medium_large":["http:\/\/tvalaire.com\/wp-content\/uploads\/2017\/06\/PROMUEVE-GOBIERNO-CAMPA\u00d1A-DE-LENTES-PARA-NI\u00d1OS-Y-ADULTOS-EN-LA-PRESIDENCIA-MUNICIPAL-768x512.jpg",640,427,true],"large":["http:\/\/tvalaire.com\/wp-content\/uploads\/2017\/06\/PROMUEVE-GOBIERNO-CAMPA\u00d1A-DE-LENTES-PARA-NI\u00d1OS-Y-ADULTOS-EN-LA-PRESIDENCIA-MUNICIPAL-1024x683.jpg",640,427,true],"post-slider-thumb-size":["http:\/\/tvalaire.com\/wp-content\/uploads\/2017\/06\/PROMUEVE-GOBIERNO-CAMPA\u00d1A-DE-LENTES-PARA-NI\u00d1OS-Y-ADULTOS-EN-LA-PRESIDENCIA-MUNICIPAL.jpg",285,190,false],"post-category-slider-size":["http:\/\/tvalaire.com\/wp-content\/uploads\/2017\/06\/PROMUEVE-GOBIERNO-CAMPA\u00d1A-DE-LENTES-PARA-NI\u00d1OS-Y-ADULTOS-EN-LA-PRESIDENCIA-MUNICIPAL.jpg",330,220,false],"1536x1536":["http:\/\/tvalaire.com\/wp-content\/uploads\/2017\/06\/PROMUEVE-GOBIERNO-CAMPA\u00d1A-DE-LENTES-PARA-NI\u00d1OS-Y-ADULTOS-EN-LA-PRESIDENCIA-MUNICIPAL.jpg",1024,683,false],"2048x2048":["http:\/\/tvalaire.com\/wp-content\/uploads\/2017\/06\/PROMUEVE-GOBIERNO-CAMPA\u00d1A-DE-LENTES-PARA-NI\u00d1OS-Y-ADULTOS-EN-LA-PRESIDENCIA-MUNICIPAL.jpg",1024,683,false],"newsium-slider-full":["http:\/\/tvalaire.com\/wp-content\/uploads\/2017\/06\/PROMUEVE-GOBIERNO-CAMPA\u00d1A-DE-LENTES-PARA-NI\u00d1OS-Y-ADULTOS-EN-LA-PRESIDENCIA-MUNICIPAL.jpg",1024,683,false],"newsium-featured":["http:\/\/tvalaire.com\/wp-content\/uploads\/2017\/06\/PROMUEVE-GOBIERNO-CAMPA\u00d1A-DE-LENTES-PARA-NI\u00d1OS-Y-ADULTOS-EN-LA-PRESIDENCIA-MUNICIPAL.jpg",1024,683,false],"newsium-medium":["http:\/\/tvalaire.com\/wp-content\/uploads\/2017\/06\/PROMUEVE-GOBIERNO-CAMPA\u00d1A-DE-LENTES-PARA-NI\u00d1OS-Y-ADULTOS-EN-LA-PRESIDENCIA-MUNICIPAL.jpg",712,475,false]},"author_info":{"info":["tvalairenoti"]},"category_info":"<a href=\"http:\/\/tvalaire.com\/?cat=1\" rel=\"category\">La Piedad<\/a>","tag_info":"La Piedad","comment_count":"0","jetpack_featured_media_url":"http:\/\/tvalaire.com\/wp-content\/uploads\/2017\/06\/PROMUEVE-GOBIERNO-CAMPA\u00d1A-DE-LENTES-PARA-NI\u00d1OS-Y-ADULTOS-EN-LA-PRESIDENCIA-MUNICIPAL.jpg","_links":{"self":[{"href":"http:\/\/tvalaire.com\/index.php?rest_route=\/wp\/v2\/posts\/1938"}],"collection":[{"href":"http:\/\/tvalaire.com\/index.php?rest_route=\/wp\/v2\/posts"}],"about":[{"href":"http:\/\/tvalaire.com\/index.php?rest_route=\/wp\/v2\/types\/post"}],"author":[{"embeddable":true,"href":"http:\/\/tvalaire.com\/index.php?rest_route=\/wp\/v2\/users\/1"}],"replies":[{"embeddable":true,"href":"http:\/\/tvalaire.com\/index.php?rest_route=%2Fwp%2Fv2%2Fcomments&post=1938"}],"version-history":[{"count":1,"href":"http:\/\/tvalaire.com\/index.php?rest_route=\/wp\/v2\/posts\/1938\/revisions"}],"predecessor-version":[{"id":1939,"href":"http:\/\/tvalaire.com\/index.php?rest_route=\/wp\/v2\/posts\/1938\/revisions\/1939"}],"wp:featuredmedia":[{"embeddable":true,"href":"http:\/\/tvalaire.com\/index.php?rest_route=\/wp\/v2\/media\/1934"}],"wp:attachment":[{"href":"http:\/\/tvalaire.com\/index.php?rest_route=%2Fwp%2Fv2%2Fmedia&parent=1938"}],"wp:term":[{"taxonomy":"category","embeddable":true,"href":"http:\/\/tvalaire.com\/index.php?rest_route=%2Fwp%2Fv2%2Fcategories&post=1938"},{"taxonomy":"post_tag","embeddable":true,"href":"http:\/\/tvalaire.com\/index.php?rest_route=%2Fwp%2Fv2%2Ftags&post=1938"}],"curies":[{"name":"wp","href":"https:\/\/api.w.org\/{rel}","templated":true}]}}