{"id":1936,"date":"2017-06-21T09:51:25","date_gmt":"2017-06-21T14:51:25","guid":{"rendered":"http:\/\/tvalaire.com\/?p=1936"},"modified":"2017-06-21T09:51:25","modified_gmt":"2017-06-21T14:51:25","slug":"citan-a-empresas-que-contaminaron-el-canal-que-atraviesa-la-comunidad-de-el-salto","status":"publish","type":"post","link":"http:\/\/tvalaire.com\/?p=1936","title":{"rendered":"CITAN A EMPRESAS QUE CONTAMINARON EL CANAL QUE ATRAVIESA LA COMUNIDAD DE EL SALTO"},"content":{"rendered":"<p class=\"xmsonormal\" style=\"text-align: center; background: white;\" align=\"center\"><span style=\"font-size: 7.5pt; font-family: 'Arial','sans-serif'; color: #212121;\">\u00a0<\/span><\/p>\n<p class=\"xmsonormal\" style=\"text-align: justify; background: white; font-variant-ligatures: normal; font-variant-caps: normal; orphans: 2; widows: 2; -webkit-text-stroke-width: 0px; text-decoration-style: initial; text-decoration-color: initial; word-spacing: 0px;\"><span style=\"font-size: 7.5pt; font-family: 'Arial','sans-serif'; color: #212121;\">La Coordinaci\u00f3n de Ecolog\u00eda, anunci\u00f3 que debido a la contaminaci\u00f3n del agua del canal que atraviesa la comunidad de El Salto, ya se enviaron citatorios a las empresas que se tienen detectadas que descargaron sobre el cauce, la cita ser\u00e1 este jueves 22 con la cual buscan, que apliquen los procesos industriales para evitar este problema o de lo contrario se aplicar\u00e1n las sanciones correspondientes.<\/span><\/p>\n<p class=\"xmsonormal\" style=\"text-align: justify; background: white; font-variant-ligatures: normal; font-variant-caps: normal; orphans: 2; widows: 2; -webkit-text-stroke-width: 0px; text-decoration-style: initial; text-decoration-color: initial; word-spacing: 0px;\"><span style=\"font-size: 7.5pt; font-family: 'Arial','sans-serif'; color: #212121;\">\u00a0Adem\u00e1s de los trabajos por parte de una gasera, se le citar\u00e1 tambi\u00e9n para analizar los da\u00f1os que se pudieran estar generando, por dicho descuido. El Coordinador de Ecolog\u00eda inform\u00f3 lo anterior en respuesta al problema que se registra en la comunidad de El Salto, en donde empresas locales vertieron contaminantes al canal que atraviesa por esa rancher\u00eda.<\/span><\/p>\n<p class=\"xmsonormal\" style=\"text-align: justify; background: white; font-variant-ligatures: normal; font-variant-caps: normal; orphans: 2; widows: 2; -webkit-text-stroke-width: 0px; text-decoration-style: initial; text-decoration-color: initial; word-spacing: 0px;\"><span style=\"font-size: 7.5pt; font-family: 'Arial','sans-serif'; color: #212121;\">\u00a0Al respecto, el funcionario municipal dijo que en reiteradas ocasiones ha tenido enlace entre la Procuradur\u00eda Federal de Protecci\u00f3n al Medio Ambiente (PROFEPA) y las empresas locales, a quienes se ha exhortado a buscar la certificaci\u00f3n ambiental que analiza la mejora en los procesos industriales, para aminorar el impacto ambiental.<\/span><\/p>\n<p class=\"xmsonormal\" style=\"text-align: justify; background: white; font-variant-ligatures: normal; font-variant-caps: normal; orphans: 2; widows: 2; -webkit-text-stroke-width: 0px; text-decoration-style: initial; text-decoration-color: initial; word-spacing: 0px;\"><span style=\"font-size: 7.5pt; font-family: 'Arial','sans-serif'; color: #212121;\">\u00a0Con ello, contribuir\u00edan con las autoridades municipales para contar con un entorno ambiental m\u00e1s adecuado.<\/span><\/p>\n<p class=\"xmsonormal\" style=\"text-align: justify; background: white; font-variant-ligatures: normal; font-variant-caps: normal; orphans: 2; widows: 2; -webkit-text-stroke-width: 0px; text-decoration-style: initial; text-decoration-color: initial; word-spacing: 0px;\"><span style=\"font-size: 7.5pt; font-family: 'Arial','sans-serif'; color: #212121;\">\u00a0El funcionario indic\u00f3 que sobre el tema, personal a su cargo llev\u00f3 a cabo una inspecci\u00f3n en el \u00e1rea natural de El Salto, en donde efectivamente se percataron del mal estado que guarda el antiguo canal de El Molino, al cual se le da mantenimiento peri\u00f3dico para la limpieza del lirio y con esto evitar la proliferaci\u00f3n de mosco y el estancamiento de basura.<\/span><\/p>\n<p class=\"xmsonormal\" style=\"text-align: justify; background: white; font-variant-ligatures: normal; font-variant-caps: normal; orphans: 2; widows: 2; -webkit-text-stroke-width: 0px; text-decoration-style: initial; text-decoration-color: initial; word-spacing: 0px;\"><span style=\"font-size: 7.5pt; font-family: 'Arial','sans-serif'; color: #212121;\">\u00a0As\u00ed mismo, dio a conocer que tambi\u00e9n le da mantenimiento a las \u00e1reas contiguas para el sano esparcimiento de los ciudadanos que visitan este emblem\u00e1tico lugar es por ello, que conf\u00edan en la respuesta positiva de las empresas para contribuir con la ecolog\u00eda.<\/span><\/p>\n<p class=\"xmsonormal\" style=\"text-align: justify; background: white; font-variant-ligatures: normal; font-variant-caps: normal; orphans: 2; widows: 2; -webkit-text-stroke-width: 0px; text-decoration-style: initial; text-decoration-color: initial; word-spacing: 0px;\"><span style=\"font-size: 7.5pt; font-family: 'Arial','sans-serif'; color: #212121;\">\u00a0De igual manera agradeci\u00f3 la colaboraci\u00f3n de la ciudadan\u00eda para denunciar a las personas f\u00edsicas o morales que act\u00faen en contra de la normatividad municipal de la materia, para con esto aplicar todo el peso de la ley a quienes no cuiden el entorno, para mejorar la calidad de vida de los piedadenses.\u00a0<\/span><\/p>\n","protected":false},"excerpt":{"rendered":"<p>\u00a0 La Coordinaci\u00f3n de Ecolog\u00eda, anunci\u00f3 que debido a la contaminaci\u00f3n del agua del canal&#8230;<\/p>\n","protected":false},"author":1,"featured_media":1932,"comment_status":"open","ping_status":"open","sticky":false,"template":"","format":"standard","meta":{"jetpack_post_was_ever_published":false,"_jetpack_newsletter_access":"","_jetpack_dont_email_post_to_subs":false,"_jetpack_newsletter_tier_id":0,"_jetpack_memberships_contains_paywalled_content":false,"_jetpack_memberships_contains_paid_content":false,"footnotes":"","jetpack_publicize_message":"","jetpack_publicize_feature_enabled":true,"jetpack_social_post_already_shared":false,"jetpack_social_options":{"image_generator_settings":{"template":"highway","enabled":false},"version":2}},"categories":[1],"tags":[15,36],"class_list":["post-1936","post","type-post","status-publish","format-standard","has-post-thumbnail","hentry","category-la-piedad","tag-la-piedad","tag-principales"],"jetpack_publicize_connections":[],"jetpack_sharing_enabled":true,"featured_image_urls":{"full":["http:\/\/tvalaire.com\/wp-content\/uploads\/2017\/06\/CITAN-A-EMPRESAS-QUE-CONTAMINARON-EL-CANAL-QUE-ATRAVIESA-LA-COMUNIDAD-DE-EL-SALTO.jpg",985,637,false],"thumbnail":["http:\/\/tvalaire.com\/wp-content\/uploads\/2017\/06\/CITAN-A-EMPRESAS-QUE-CONTAMINARON-EL-CANAL-QUE-ATRAVIESA-LA-COMUNIDAD-DE-EL-SALTO-150x150.jpg",150,150,true],"medium":["http:\/\/tvalaire.com\/wp-content\/uploads\/2017\/06\/CITAN-A-EMPRESAS-QUE-CONTAMINARON-EL-CANAL-QUE-ATRAVIESA-LA-COMUNIDAD-DE-EL-SALTO-300x194.jpg",300,194,true],"medium_large":["http:\/\/tvalaire.com\/wp-content\/uploads\/2017\/06\/CITAN-A-EMPRESAS-QUE-CONTAMINARON-EL-CANAL-QUE-ATRAVIESA-LA-COMUNIDAD-DE-EL-SALTO-768x497.jpg",640,414,true],"large":["http:\/\/tvalaire.com\/wp-content\/uploads\/2017\/06\/CITAN-A-EMPRESAS-QUE-CONTAMINARON-EL-CANAL-QUE-ATRAVIESA-LA-COMUNIDAD-DE-EL-SALTO.jpg",640,414,false],"post-slider-thumb-size":["http:\/\/tvalaire.com\/wp-content\/uploads\/2017\/06\/CITAN-A-EMPRESAS-QUE-CONTAMINARON-EL-CANAL-QUE-ATRAVIESA-LA-COMUNIDAD-DE-EL-SALTO.jpg",294,190,false],"post-category-slider-size":["http:\/\/tvalaire.com\/wp-content\/uploads\/2017\/06\/CITAN-A-EMPRESAS-QUE-CONTAMINARON-EL-CANAL-QUE-ATRAVIESA-LA-COMUNIDAD-DE-EL-SALTO.jpg",330,213,false],"1536x1536":["http:\/\/tvalaire.com\/wp-content\/uploads\/2017\/06\/CITAN-A-EMPRESAS-QUE-CONTAMINARON-EL-CANAL-QUE-ATRAVIESA-LA-COMUNIDAD-DE-EL-SALTO.jpg",985,637,false],"2048x2048":["http:\/\/tvalaire.com\/wp-content\/uploads\/2017\/06\/CITAN-A-EMPRESAS-QUE-CONTAMINARON-EL-CANAL-QUE-ATRAVIESA-LA-COMUNIDAD-DE-EL-SALTO.jpg",985,637,false],"newsium-slider-full":["http:\/\/tvalaire.com\/wp-content\/uploads\/2017\/06\/CITAN-A-EMPRESAS-QUE-CONTAMINARON-EL-CANAL-QUE-ATRAVIESA-LA-COMUNIDAD-DE-EL-SALTO.jpg",985,637,false],"newsium-featured":["http:\/\/tvalaire.com\/wp-content\/uploads\/2017\/06\/CITAN-A-EMPRESAS-QUE-CONTAMINARON-EL-CANAL-QUE-ATRAVIESA-LA-COMUNIDAD-DE-EL-SALTO.jpg",985,637,false],"newsium-medium":["http:\/\/tvalaire.com\/wp-content\/uploads\/2017\/06\/CITAN-A-EMPRESAS-QUE-CONTAMINARON-EL-CANAL-QUE-ATRAVIESA-LA-COMUNIDAD-DE-EL-SALTO.jpg",720,466,false]},"author_info":{"info":["tvalairenoti"]},"category_info":"<a href=\"http:\/\/tvalaire.com\/?cat=1\" rel=\"category\">La Piedad<\/a>","tag_info":"La Piedad","comment_count":"0","jetpack_featured_media_url":"http:\/\/tvalaire.com\/wp-content\/uploads\/2017\/06\/CITAN-A-EMPRESAS-QUE-CONTAMINARON-EL-CANAL-QUE-ATRAVIESA-LA-COMUNIDAD-DE-EL-SALTO.jpg","_links":{"self":[{"href":"http:\/\/tvalaire.com\/index.php?rest_route=\/wp\/v2\/posts\/1936"}],"collection":[{"href":"http:\/\/tvalaire.com\/index.php?rest_route=\/wp\/v2\/posts"}],"about":[{"href":"http:\/\/tvalaire.com\/index.php?rest_route=\/wp\/v2\/types\/post"}],"author":[{"embeddable":true,"href":"http:\/\/tvalaire.com\/index.php?rest_route=\/wp\/v2\/users\/1"}],"replies":[{"embeddable":true,"href":"http:\/\/tvalaire.com\/index.php?rest_route=%2Fwp%2Fv2%2Fcomments&post=1936"}],"version-history":[{"count":1,"href":"http:\/\/tvalaire.com\/index.php?rest_route=\/wp\/v2\/posts\/1936\/revisions"}],"predecessor-version":[{"id":1937,"href":"http:\/\/tvalaire.com\/index.php?rest_route=\/wp\/v2\/posts\/1936\/revisions\/1937"}],"wp:featuredmedia":[{"embeddable":true,"href":"http:\/\/tvalaire.com\/index.php?rest_route=\/wp\/v2\/media\/1932"}],"wp:attachment":[{"href":"http:\/\/tvalaire.com\/index.php?rest_route=%2Fwp%2Fv2%2Fmedia&parent=1936"}],"wp:term":[{"taxonomy":"category","embeddable":true,"href":"http:\/\/tvalaire.com\/index.php?rest_route=%2Fwp%2Fv2%2Fcategories&post=1936"},{"taxonomy":"post_tag","embeddable":true,"href":"http:\/\/tvalaire.com\/index.php?rest_route=%2Fwp%2Fv2%2Ftags&post=1936"}],"curies":[{"name":"wp","href":"https:\/\/api.w.org\/{rel}","templated":true}]}}