{"id":1928,"date":"2017-06-20T09:36:37","date_gmt":"2017-06-20T14:36:37","guid":{"rendered":"http:\/\/tvalaire.com\/?p=1928"},"modified":"2017-06-20T09:36:37","modified_gmt":"2017-06-20T14:36:37","slug":"inicio-el-reasfaltado-de-la-segunda-etapa-de-la-sostenes-rocha","status":"publish","type":"post","link":"http:\/\/tvalaire.com\/?p=1928","title":{"rendered":"INICI\u00d3 EL REASFALTADO DE LA SEGUNDA ETAPA DE LA S\u00d3STENES ROCHA"},"content":{"rendered":"<p>&nbsp;<\/p>\n<p>El Presidente Municipal Juan Manuel Estrada Medina arranc\u00f3 los trabajos del reasfaltado de la avenida S\u00f3stenes Rocha; obra que se realizar\u00e1 de manera directa por el Ayuntamiento pero que cuenta con el apoyo de Pemex.<\/p>\n<p>Los trabajos iniciaron sobre la misma avenida a la altura del bulevar Casto Salda\u00f1a a la calle universo (escuela secundaria t\u00e9cnica no. 140).<\/p>\n<p>La meta que se tiene establecida reasfaltar es de 8 mil 592.60 metros cuadrados y la inversi\u00f3n aprobada es por 2 millones 187 mil 847 pesos, la cual ser\u00e1 ejecutada por la administraci\u00f3n como obra directa con el apoyo de donaci\u00f3n de Pemex por 563 mil 296 pesos, de tal forma que al municipio le tocar\u00e1 aportar un mill\u00f3n 624 mil 551 pesos.<br \/>\nLos trabajos consistir\u00e1n en levantar la carpeta asf\u00e1ltica existente, la cual registra un grave deterioro, para volver a colocar base, compactarla y reasfaltar la avenida, para beneficio de la poblaci\u00f3n que habita en este punto de la ciudad y que sin lugar a dudas es el m\u00e1s poblado en La Piedad, pues seg\u00fan el reporte dado a conocer por las autoridades municipales en ese punto se concentra el 20% del total de la poblaci\u00f3n.<\/p>\n<p>Debido a la importancia de la obra, el Alcalde instruy\u00f3 al director de Obras P\u00fablicas para que\u00a0 se coloque se\u00f1ales preventivas por las obras que se realizar\u00e1n, con el fin de que la ciudadan\u00eda tambi\u00e9n tenga el cuidado a la hora de transitar por esa r\u00faa para que no haya accidentes.<\/p>\n<p>Los trabajos comenzaron en los carriles de ingreso a Ciudad del Sol, pero se dejaron libres los dos carriles de salida, mismos que fueron habilitados como ruta de entrada y salida.<\/p>\n<p>En el caso de Ciudad del Sol, es una colonia en donde diariamente es una gran cantidad de veh\u00edculos que ah\u00ed se concentran, mismo que en un periodo de un mes, no s\u00f3lo contar\u00e1n con esta v\u00eda de acceso en buenas condiciones, tambi\u00e9n se prev\u00e9 concluir la avenida Eduardo Villase\u00f1or Pe\u00f1a que saldr\u00e1 a un costado del pante\u00f3n municipal.<\/p>\n<p>&nbsp;<\/p>\n","protected":false},"excerpt":{"rendered":"<p>&nbsp; El Presidente Municipal Juan Manuel Estrada Medina arranc\u00f3 los trabajos del reasfaltado de la&#8230;<\/p>\n","protected":false},"author":1,"featured_media":1922,"comment_status":"open","ping_status":"open","sticky":false,"template":"","format":"standard","meta":{"jetpack_post_was_ever_published":false,"_jetpack_newsletter_access":"","_jetpack_dont_email_post_to_subs":false,"_jetpack_newsletter_tier_id":0,"_jetpack_memberships_contains_paywalled_content":false,"_jetpack_memberships_contains_paid_content":false,"footnotes":"","jetpack_publicize_message":"","jetpack_publicize_feature_enabled":true,"jetpack_social_post_already_shared":false,"jetpack_social_options":{"image_generator_settings":{"template":"highway","enabled":false},"version":2}},"categories":[1],"tags":[15,36],"class_list":["post-1928","post","type-post","status-publish","format-standard","has-post-thumbnail","hentry","category-la-piedad","tag-la-piedad","tag-principales"],"jetpack_publicize_connections":[],"jetpack_sharing_enabled":true,"featured_image_urls":{"full":["http:\/\/tvalaire.com\/wp-content\/uploads\/2017\/06\/INICI\u00d3-EL-REASFALTADO-DE-LA-SEGUNDA-ETAPA-DE-LA-S\u00d3STENES-ROCHA.jpg",883,591,false],"thumbnail":["http:\/\/tvalaire.com\/wp-content\/uploads\/2017\/06\/INICI\u00d3-EL-REASFALTADO-DE-LA-SEGUNDA-ETAPA-DE-LA-S\u00d3STENES-ROCHA-150x150.jpg",150,150,true],"medium":["http:\/\/tvalaire.com\/wp-content\/uploads\/2017\/06\/INICI\u00d3-EL-REASFALTADO-DE-LA-SEGUNDA-ETAPA-DE-LA-S\u00d3STENES-ROCHA-300x201.jpg",300,201,true],"medium_large":["http:\/\/tvalaire.com\/wp-content\/uploads\/2017\/06\/INICI\u00d3-EL-REASFALTADO-DE-LA-SEGUNDA-ETAPA-DE-LA-S\u00d3STENES-ROCHA-768x514.jpg",640,428,true],"large":["http:\/\/tvalaire.com\/wp-content\/uploads\/2017\/06\/INICI\u00d3-EL-REASFALTADO-DE-LA-SEGUNDA-ETAPA-DE-LA-S\u00d3STENES-ROCHA.jpg",640,428,false],"post-slider-thumb-size":["http:\/\/tvalaire.com\/wp-content\/uploads\/2017\/06\/INICI\u00d3-EL-REASFALTADO-DE-LA-SEGUNDA-ETAPA-DE-LA-S\u00d3STENES-ROCHA.jpg",284,190,false],"post-category-slider-size":["http:\/\/tvalaire.com\/wp-content\/uploads\/2017\/06\/INICI\u00d3-EL-REASFALTADO-DE-LA-SEGUNDA-ETAPA-DE-LA-S\u00d3STENES-ROCHA.jpg",330,221,false],"1536x1536":["http:\/\/tvalaire.com\/wp-content\/uploads\/2017\/06\/INICI\u00d3-EL-REASFALTADO-DE-LA-SEGUNDA-ETAPA-DE-LA-S\u00d3STENES-ROCHA.jpg",883,591,false],"2048x2048":["http:\/\/tvalaire.com\/wp-content\/uploads\/2017\/06\/INICI\u00d3-EL-REASFALTADO-DE-LA-SEGUNDA-ETAPA-DE-LA-S\u00d3STENES-ROCHA.jpg",883,591,false],"newsium-slider-full":["http:\/\/tvalaire.com\/wp-content\/uploads\/2017\/06\/INICI\u00d3-EL-REASFALTADO-DE-LA-SEGUNDA-ETAPA-DE-LA-S\u00d3STENES-ROCHA.jpg",883,591,false],"newsium-featured":["http:\/\/tvalaire.com\/wp-content\/uploads\/2017\/06\/INICI\u00d3-EL-REASFALTADO-DE-LA-SEGUNDA-ETAPA-DE-LA-S\u00d3STENES-ROCHA.jpg",883,591,false],"newsium-medium":["http:\/\/tvalaire.com\/wp-content\/uploads\/2017\/06\/INICI\u00d3-EL-REASFALTADO-DE-LA-SEGUNDA-ETAPA-DE-LA-S\u00d3STENES-ROCHA.jpg",710,475,false]},"author_info":{"info":["tvalairenoti"]},"category_info":"<a href=\"http:\/\/tvalaire.com\/?cat=1\" rel=\"category\">La Piedad<\/a>","tag_info":"La Piedad","comment_count":"0","jetpack_featured_media_url":"http:\/\/tvalaire.com\/wp-content\/uploads\/2017\/06\/INICI\u00d3-EL-REASFALTADO-DE-LA-SEGUNDA-ETAPA-DE-LA-S\u00d3STENES-ROCHA.jpg","_links":{"self":[{"href":"http:\/\/tvalaire.com\/index.php?rest_route=\/wp\/v2\/posts\/1928"}],"collection":[{"href":"http:\/\/tvalaire.com\/index.php?rest_route=\/wp\/v2\/posts"}],"about":[{"href":"http:\/\/tvalaire.com\/index.php?rest_route=\/wp\/v2\/types\/post"}],"author":[{"embeddable":true,"href":"http:\/\/tvalaire.com\/index.php?rest_route=\/wp\/v2\/users\/1"}],"replies":[{"embeddable":true,"href":"http:\/\/tvalaire.com\/index.php?rest_route=%2Fwp%2Fv2%2Fcomments&post=1928"}],"version-history":[{"count":1,"href":"http:\/\/tvalaire.com\/index.php?rest_route=\/wp\/v2\/posts\/1928\/revisions"}],"predecessor-version":[{"id":1929,"href":"http:\/\/tvalaire.com\/index.php?rest_route=\/wp\/v2\/posts\/1928\/revisions\/1929"}],"wp:featuredmedia":[{"embeddable":true,"href":"http:\/\/tvalaire.com\/index.php?rest_route=\/wp\/v2\/media\/1922"}],"wp:attachment":[{"href":"http:\/\/tvalaire.com\/index.php?rest_route=%2Fwp%2Fv2%2Fmedia&parent=1928"}],"wp:term":[{"taxonomy":"category","embeddable":true,"href":"http:\/\/tvalaire.com\/index.php?rest_route=%2Fwp%2Fv2%2Fcategories&post=1928"},{"taxonomy":"post_tag","embeddable":true,"href":"http:\/\/tvalaire.com\/index.php?rest_route=%2Fwp%2Fv2%2Ftags&post=1928"}],"curies":[{"name":"wp","href":"https:\/\/api.w.org\/{rel}","templated":true}]}}