{"id":1926,"date":"2017-06-20T09:34:52","date_gmt":"2017-06-20T14:34:52","guid":{"rendered":"http:\/\/tvalaire.com\/?p=1926"},"modified":"2017-06-20T09:34:52","modified_gmt":"2017-06-20T14:34:52","slug":"mexico-de-mil-sabores-con-el-chef-gibaja-en-la-piedad","status":"publish","type":"post","link":"http:\/\/tvalaire.com\/?p=1926","title":{"rendered":"\u201cM\u00c9XICO DE MIL SABORES\u201d CON EL CHEF GIBAJA EN LA PIEDAD"},"content":{"rendered":"<p class=\"xmsonormal\" style=\"text-align: center; background: white;\" align=\"center\"><b><span style=\"font-size: 7.5pt; font-family: 'Arial','sans-serif'; color: #212121;\">\u00a0<\/span><\/b><span style=\"font-size: 7.5pt; font-family: 'Arial','sans-serif'; color: #212121;\">Por gestiones del Alcalde, Juan Manuel Estrada Medina, ante la Delegaci\u00f3n de la Secretar\u00eda de Turismo en Michoac\u00e1n se grab\u00f3 en La Piedad un cap\u00edtulo del programa \u201cM\u00e9xico de mil sabores\u201d que se promueve a trav\u00e9s de Unicable y que es conducido por el chef Jes\u00fas Gibaja.<\/span><\/p>\n<p class=\"xmsonormal\" style=\"text-align: justify; background: white; font-variant-ligatures: normal; font-variant-caps: normal; orphans: 2; widows: 2; -webkit-text-stroke-width: 0px; text-decoration-style: initial; text-decoration-color: initial; word-spacing: 0px;\"><span style=\"font-size: 7.5pt; font-family: 'Arial','sans-serif'; color: #212121;\">\u00a0La grabaci\u00f3n del programa se dio poco despu\u00e9s del medio d\u00eda frente al portal Morelos mejor conocido como \u201cportal de abajo\u201d.<\/span><\/p>\n<p class=\"xmsonormal\" style=\"text-align: justify; background: white; font-variant-ligatures: normal; font-variant-caps: normal; orphans: 2; widows: 2; -webkit-text-stroke-width: 0px; text-decoration-style: initial; text-decoration-color: initial; word-spacing: 0px;\"><span style=\"font-size: 7.5pt; font-family: 'Arial','sans-serif'; color: #212121;\">\u00a0La bienvenida a la productora del programa, Dinora Escudero, al chef Jes\u00fas Gibaja y a la delegada de turismo en Zamora, Cecilia Margarita Amezola Aguilera, corri\u00f3 a cargo del Alcalde Juan Manuel Estrada Medina quien pidi\u00f3 resaltar lo mejor de la cultura, artesan\u00eda y gastronom\u00eda local, para promocionarla al mundo entero.<\/span><\/p>\n<p class=\"xmsonormal\" style=\"text-align: justify; background: white; font-variant-ligatures: normal; font-variant-caps: normal; orphans: 2; widows: 2; -webkit-text-stroke-width: 0px; text-decoration-style: initial; text-decoration-color: initial; word-spacing: 0px;\"><span style=\"font-size: 7.5pt; font-family: 'Arial','sans-serif'; color: #212121;\">\u00a0Dinora Escudero explic\u00f3 que en su recorrido por Michoac\u00e1n, han visitado Tac\u00e1mbaro en donde recolectaron y cocinaron con aguacates, en Zirahu\u00e9n con pescado blanco y ahora La Piedad con carne de cerdo.<\/span><\/p>\n<p class=\"xmsonormal\" style=\"text-align: justify; background: white; font-variant-ligatures: normal; font-variant-caps: normal; orphans: 2; widows: 2; -webkit-text-stroke-width: 0px; text-decoration-style: initial; text-decoration-color: initial; word-spacing: 0px;\"><span style=\"font-size: 7.5pt; font-family: 'Arial','sans-serif'; color: #212121;\">\u00a0El prop\u00f3sito de su programa es dar a conocer al mundo, la cocina mexicana y lucir el lugar para que la gente pueda venir a La Piedad a disfrutar de ella.<\/span><\/p>\n<p class=\"xmsonormal\" style=\"text-align: justify; background: white; font-variant-ligatures: normal; font-variant-caps: normal; orphans: 2; widows: 2; -webkit-text-stroke-width: 0px; text-decoration-style: initial; text-decoration-color: initial; word-spacing: 0px;\"><span style=\"font-size: 7.5pt; font-family: 'Arial','sans-serif'; color: #212121;\">\u00a0Para ello indic\u00f3 que resaltar\u00eda la cultura y las artesan\u00edas, pues tambi\u00e9n realizar\u00edan un recorrido a una f\u00e1brica de rebozos, mostrar\u00edan parte del folclor a trav\u00e9s de la danza folcl\u00f3rica y principalmente la gastronom\u00eda, la cual fue elaborada con carne de cerdo, la cual fue obtenida de una carnicer\u00eda local.<\/span><\/p>\n<p class=\"xmsonormal\" style=\"text-align: justify; background: white; font-variant-ligatures: normal; font-variant-caps: normal; orphans: 2; widows: 2; -webkit-text-stroke-width: 0px; text-decoration-style: initial; text-decoration-color: initial; word-spacing: 0px;\"><span style=\"font-size: 7.5pt; font-family: 'Arial','sans-serif'; color: #212121;\">\u00a0Aunque la apertura del programa lo har\u00edan desde la zona arqueol\u00f3gica de Zaragoza, en donde acudieron tambi\u00e9n a grabar la introducci\u00f3n del programa.<\/span><\/p>\n<p class=\"xmsonormal\" style=\"text-align: justify; background: white; font-variant-ligatures: normal; font-variant-caps: normal; orphans: 2; widows: 2; -webkit-text-stroke-width: 0px; text-decoration-style: initial; text-decoration-color: initial; word-spacing: 0px;\"><span style=\"font-size: 7.5pt; font-family: 'Arial','sans-serif'; color: #212121;\">\u00a0Las recetas que cocin\u00f3 el chef Gibaja en la cocina habilitada en ese espacio, fue con costilla y manitas de cerdo, as\u00ed como una ensalada de berenjenas en las que se utilizaron jitomates de invernaderos y dulces t\u00edpicos de La Piedad. La cocina que se habilit\u00f3 en el escenario es completamente primitiva y en la que utiliza metate, molcajetes, comal y ollas de barro.<\/span><\/p>\n<p class=\"xmsonormal\" style=\"text-align: justify; background: white; font-variant-ligatures: normal; font-variant-caps: normal; orphans: 2; widows: 2; -webkit-text-stroke-width: 0px; text-decoration-style: initial; text-decoration-color: initial; word-spacing: 0px;\"><span style=\"font-size: 7.5pt; font-family: 'Arial','sans-serif'; color: #212121;\">\u00a0El programa se tiene previsto que salga al aire a fines del mes de julio, a trav\u00e9s del cual se unen las tradiciones culinarias de nuestro pa\u00eds con la experiencia gastron\u00f3mica del reconocido Chef quien ve en la cocina como una disciplina basada en la ciencia y orientada hacia el arte, seg\u00fan lo establece en cada una de sus emisiones.<\/span><\/p>\n<p class=\"xmsonormal\" style=\"text-align: justify; background: white; font-variant-ligatures: normal; font-variant-caps: normal; orphans: 2; widows: 2; -webkit-text-stroke-width: 0px; text-decoration-style: initial; text-decoration-color: initial; word-spacing: 0px;\">\n<p class=\"xmsonormal\" style=\"text-align: justify; background: white; font-variant-ligatures: normal; font-variant-caps: normal; orphans: 2; widows: 2; -webkit-text-stroke-width: 0px; text-decoration-style: initial; text-decoration-color: initial; word-spacing: 0px;\"><img loading=\"lazy\" decoding=\"async\" class=\"alignnone size-medium wp-image-1924\" src=\"http:\/\/tvalaire.com\/wp-content\/uploads\/2017\/06\/M\u00c9XICO-DE-MIL-SABORES3-300x200.jpg\" alt=\"\" width=\"300\" height=\"200\" srcset=\"http:\/\/tvalaire.com\/wp-content\/uploads\/2017\/06\/M\u00c9XICO-DE-MIL-SABORES3-300x200.jpg 300w, http:\/\/tvalaire.com\/wp-content\/uploads\/2017\/06\/M\u00c9XICO-DE-MIL-SABORES3-768x513.jpg 768w, http:\/\/tvalaire.com\/wp-content\/uploads\/2017\/06\/M\u00c9XICO-DE-MIL-SABORES3-1024x684.jpg 1024w, http:\/\/tvalaire.com\/wp-content\/uploads\/2017\/06\/M\u00c9XICO-DE-MIL-SABORES3.jpg 1100w\" sizes=\"(max-width: 300px) 100vw, 300px\" \/><\/p>\n","protected":false},"excerpt":{"rendered":"<p>\u00a0Por gestiones del Alcalde, Juan Manuel Estrada Medina, ante la Delegaci\u00f3n de la Secretar\u00eda de&#8230;<\/p>\n","protected":false},"author":1,"featured_media":1923,"comment_status":"open","ping_status":"open","sticky":false,"template":"","format":"standard","meta":{"jetpack_post_was_ever_published":false,"_jetpack_newsletter_access":"","_jetpack_dont_email_post_to_subs":false,"_jetpack_newsletter_tier_id":0,"_jetpack_memberships_contains_paywalled_content":false,"_jetpack_memberships_contains_paid_content":false,"footnotes":"","jetpack_publicize_message":"","jetpack_publicize_feature_enabled":true,"jetpack_social_post_already_shared":false,"jetpack_social_options":{"image_generator_settings":{"template":"highway","enabled":false},"version":2}},"categories":[1],"tags":[15,36],"class_list":["post-1926","post","type-post","status-publish","format-standard","has-post-thumbnail","hentry","category-la-piedad","tag-la-piedad","tag-principales"],"jetpack_publicize_connections":[],"jetpack_sharing_enabled":true,"featured_image_urls":{"full":["http:\/\/tvalaire.com\/wp-content\/uploads\/2017\/06\/M\u00c9XICO-DE-MIL-SABORES.jpg",1100,735,false],"thumbnail":["http:\/\/tvalaire.com\/wp-content\/uploads\/2017\/06\/M\u00c9XICO-DE-MIL-SABORES-150x150.jpg",150,150,true],"medium":["http:\/\/tvalaire.com\/wp-content\/uploads\/2017\/06\/M\u00c9XICO-DE-MIL-SABORES-300x200.jpg",300,200,true],"medium_large":["http:\/\/tvalaire.com\/wp-content\/uploads\/2017\/06\/M\u00c9XICO-DE-MIL-SABORES-768x513.jpg",640,428,true],"large":["http:\/\/tvalaire.com\/wp-content\/uploads\/2017\/06\/M\u00c9XICO-DE-MIL-SABORES-1024x684.jpg",640,428,true],"post-slider-thumb-size":["http:\/\/tvalaire.com\/wp-content\/uploads\/2017\/06\/M\u00c9XICO-DE-MIL-SABORES.jpg",284,190,false],"post-category-slider-size":["http:\/\/tvalaire.com\/wp-content\/uploads\/2017\/06\/M\u00c9XICO-DE-MIL-SABORES.jpg",330,221,false],"1536x1536":["http:\/\/tvalaire.com\/wp-content\/uploads\/2017\/06\/M\u00c9XICO-DE-MIL-SABORES.jpg",1100,735,false],"2048x2048":["http:\/\/tvalaire.com\/wp-content\/uploads\/2017\/06\/M\u00c9XICO-DE-MIL-SABORES.jpg",1100,735,false],"newsium-slider-full":["http:\/\/tvalaire.com\/wp-content\/uploads\/2017\/06\/M\u00c9XICO-DE-MIL-SABORES.jpg",1100,735,false],"newsium-featured":["http:\/\/tvalaire.com\/wp-content\/uploads\/2017\/06\/M\u00c9XICO-DE-MIL-SABORES.jpg",1024,684,false],"newsium-medium":["http:\/\/tvalaire.com\/wp-content\/uploads\/2017\/06\/M\u00c9XICO-DE-MIL-SABORES.jpg",711,475,false]},"author_info":{"info":["tvalairenoti"]},"category_info":"<a href=\"http:\/\/tvalaire.com\/?cat=1\" rel=\"category\">La Piedad<\/a>","tag_info":"La Piedad","comment_count":"0","jetpack_featured_media_url":"http:\/\/tvalaire.com\/wp-content\/uploads\/2017\/06\/M\u00c9XICO-DE-MIL-SABORES.jpg","_links":{"self":[{"href":"http:\/\/tvalaire.com\/index.php?rest_route=\/wp\/v2\/posts\/1926"}],"collection":[{"href":"http:\/\/tvalaire.com\/index.php?rest_route=\/wp\/v2\/posts"}],"about":[{"href":"http:\/\/tvalaire.com\/index.php?rest_route=\/wp\/v2\/types\/post"}],"author":[{"embeddable":true,"href":"http:\/\/tvalaire.com\/index.php?rest_route=\/wp\/v2\/users\/1"}],"replies":[{"embeddable":true,"href":"http:\/\/tvalaire.com\/index.php?rest_route=%2Fwp%2Fv2%2Fcomments&post=1926"}],"version-history":[{"count":1,"href":"http:\/\/tvalaire.com\/index.php?rest_route=\/wp\/v2\/posts\/1926\/revisions"}],"predecessor-version":[{"id":1927,"href":"http:\/\/tvalaire.com\/index.php?rest_route=\/wp\/v2\/posts\/1926\/revisions\/1927"}],"wp:featuredmedia":[{"embeddable":true,"href":"http:\/\/tvalaire.com\/index.php?rest_route=\/wp\/v2\/media\/1923"}],"wp:attachment":[{"href":"http:\/\/tvalaire.com\/index.php?rest_route=%2Fwp%2Fv2%2Fmedia&parent=1926"}],"wp:term":[{"taxonomy":"category","embeddable":true,"href":"http:\/\/tvalaire.com\/index.php?rest_route=%2Fwp%2Fv2%2Fcategories&post=1926"},{"taxonomy":"post_tag","embeddable":true,"href":"http:\/\/tvalaire.com\/index.php?rest_route=%2Fwp%2Fv2%2Ftags&post=1926"}],"curies":[{"name":"wp","href":"https:\/\/api.w.org\/{rel}","templated":true}]}}