{"id":1920,"date":"2017-06-20T09:32:11","date_gmt":"2017-06-20T14:32:11","guid":{"rendered":"http:\/\/tvalaire.com\/?p=1920"},"modified":"2017-06-20T09:32:11","modified_gmt":"2017-06-20T14:32:11","slug":"entrego-dif-despensas-de-productos-perecederos-y-tocino-a-11-comunidades-rurales","status":"publish","type":"post","link":"http:\/\/tvalaire.com\/?p=1920","title":{"rendered":"ENTREG\u00d3 DIF DESPENSAS DE PRODUCTOS PERECEDEROS Y TOCINO A 11 COMUNIDADES RURALES"},"content":{"rendered":"<p class=\"xmsonormal\" style=\"text-align: justify; background: white;\"><span style=\"font-size: 7.5pt; font-family: 'Arial','sans-serif'; color: #212121;\">Con el apoyo de empresas como Grupo Bafar, la Presidenta del DIF Municipal, Ma. Socorro Le\u00f3n, entreg\u00f3 despensas de productos perecederos y tocino a 11 comunidades rurales. La entrega se llev\u00f3 a cabo el viernes pasado mediante un recorrido hecho por la Presidenta y directora del Sistema para el Desarrollo Integral de la Familia.<\/span><\/p>\n<p class=\"xmsonormal\" style=\"text-align: justify; background: white; font-variant-ligatures: normal; font-variant-caps: normal; orphans: 2; widows: 2; -webkit-text-stroke-width: 0px; text-decoration-style: initial; text-decoration-color: initial; word-spacing: 0px;\"><span style=\"font-size: 7.5pt; font-family: 'Arial','sans-serif'; color: #212121;\">\u00a0Las despensas que fueron elaboradas con productos que son entregados en el Banco de Alimentos de esta ciudad incluyeron: J\u00edcamas, cebolla, brocol\u00ed y tocino, las cuales fueron entregadas a habitantes de las comunidades de: Los Ayala, El Cuitzillo, Melchor Ocampo, Guanajuatillo,\u00a0 La Torcaza, La Escoba, Cujuarato, La Escoba, La Higuera, El Caudillo y El Zor\u00f3.<\/span><\/p>\n<p class=\"xmsonormal\" style=\"text-align: justify; background: white; font-variant-ligatures: normal; font-variant-caps: normal; orphans: 2; widows: 2; -webkit-text-stroke-width: 0px; text-decoration-style: initial; text-decoration-color: initial; word-spacing: 0px;\"><span style=\"font-size: 7.5pt; font-family: 'Arial','sans-serif'; color: #212121;\">\u00a0Cabe mencionar que esta no es la primera vez que el DIF otorga este tipo de apoyos por medio del Banco de Alimentos, son varias las veces que han repartido comestibles a las familias que m\u00e1s lo requieren.<\/span><\/p>\n<p class=\"xmsonormal\" style=\"text-align: justify; background: white; font-variant-ligatures: normal; font-variant-caps: normal; orphans: 2; widows: 2; -webkit-text-stroke-width: 0px; text-decoration-style: initial; text-decoration-color: initial; word-spacing: 0px;\"><span style=\"font-size: 7.5pt; font-family: 'Arial','sans-serif'; color: #212121;\">\u00a0Para ello, agradecieron las aportaciones que realizan empresas como Grupo Bafar y productores de hortalizas locales quienes depositan ante ellas la posibilidad de que estos alimentos no se pierdan y puedan servir a la mesa de los piedadenses.<\/span><\/p>\n","protected":false},"excerpt":{"rendered":"<p>Con el apoyo de empresas como Grupo Bafar, la Presidenta del DIF Municipal, Ma. Socorro&#8230;<\/p>\n","protected":false},"author":1,"featured_media":1921,"comment_status":"open","ping_status":"open","sticky":false,"template":"","format":"standard","meta":{"jetpack_post_was_ever_published":false,"_jetpack_newsletter_access":"","_jetpack_dont_email_post_to_subs":false,"_jetpack_newsletter_tier_id":0,"_jetpack_memberships_contains_paywalled_content":false,"_jetpack_memberships_contains_paid_content":false,"footnotes":"","jetpack_publicize_message":"","jetpack_publicize_feature_enabled":true,"jetpack_social_post_already_shared":false,"jetpack_social_options":{"image_generator_settings":{"template":"highway","enabled":false},"version":2}},"categories":[1],"tags":[15,36],"class_list":["post-1920","post","type-post","status-publish","format-standard","has-post-thumbnail","hentry","category-la-piedad","tag-la-piedad","tag-principales"],"jetpack_publicize_connections":[],"jetpack_sharing_enabled":true,"featured_image_urls":{"full":["http:\/\/tvalaire.com\/wp-content\/uploads\/2017\/06\/ENTREG\u00d3-DIF-DESPENSAS-DE-PRODUCTOS-PERECEDEROS-Y-TOCINO-A-11-COMUNIDADES-RURALES.jpg",640,480,false],"thumbnail":["http:\/\/tvalaire.com\/wp-content\/uploads\/2017\/06\/ENTREG\u00d3-DIF-DESPENSAS-DE-PRODUCTOS-PERECEDEROS-Y-TOCINO-A-11-COMUNIDADES-RURALES-150x150.jpg",150,150,true],"medium":["http:\/\/tvalaire.com\/wp-content\/uploads\/2017\/06\/ENTREG\u00d3-DIF-DESPENSAS-DE-PRODUCTOS-PERECEDEROS-Y-TOCINO-A-11-COMUNIDADES-RURALES-300x225.jpg",300,225,true],"medium_large":["http:\/\/tvalaire.com\/wp-content\/uploads\/2017\/06\/ENTREG\u00d3-DIF-DESPENSAS-DE-PRODUCTOS-PERECEDEROS-Y-TOCINO-A-11-COMUNIDADES-RURALES.jpg",640,480,false],"large":["http:\/\/tvalaire.com\/wp-content\/uploads\/2017\/06\/ENTREG\u00d3-DIF-DESPENSAS-DE-PRODUCTOS-PERECEDEROS-Y-TOCINO-A-11-COMUNIDADES-RURALES.jpg",640,480,false],"post-slider-thumb-size":["http:\/\/tvalaire.com\/wp-content\/uploads\/2017\/06\/ENTREG\u00d3-DIF-DESPENSAS-DE-PRODUCTOS-PERECEDEROS-Y-TOCINO-A-11-COMUNIDADES-RURALES.jpg",253,190,false],"post-category-slider-size":["http:\/\/tvalaire.com\/wp-content\/uploads\/2017\/06\/ENTREG\u00d3-DIF-DESPENSAS-DE-PRODUCTOS-PERECEDEROS-Y-TOCINO-A-11-COMUNIDADES-RURALES.jpg",330,248,false],"1536x1536":["http:\/\/tvalaire.com\/wp-content\/uploads\/2017\/06\/ENTREG\u00d3-DIF-DESPENSAS-DE-PRODUCTOS-PERECEDEROS-Y-TOCINO-A-11-COMUNIDADES-RURALES.jpg",640,480,false],"2048x2048":["http:\/\/tvalaire.com\/wp-content\/uploads\/2017\/06\/ENTREG\u00d3-DIF-DESPENSAS-DE-PRODUCTOS-PERECEDEROS-Y-TOCINO-A-11-COMUNIDADES-RURALES.jpg",640,480,false],"newsium-slider-full":["http:\/\/tvalaire.com\/wp-content\/uploads\/2017\/06\/ENTREG\u00d3-DIF-DESPENSAS-DE-PRODUCTOS-PERECEDEROS-Y-TOCINO-A-11-COMUNIDADES-RURALES.jpg",640,480,false],"newsium-featured":["http:\/\/tvalaire.com\/wp-content\/uploads\/2017\/06\/ENTREG\u00d3-DIF-DESPENSAS-DE-PRODUCTOS-PERECEDEROS-Y-TOCINO-A-11-COMUNIDADES-RURALES.jpg",640,480,false],"newsium-medium":["http:\/\/tvalaire.com\/wp-content\/uploads\/2017\/06\/ENTREG\u00d3-DIF-DESPENSAS-DE-PRODUCTOS-PERECEDEROS-Y-TOCINO-A-11-COMUNIDADES-RURALES.jpg",633,475,false]},"author_info":{"info":["tvalairenoti"]},"category_info":"<a href=\"http:\/\/tvalaire.com\/?cat=1\" rel=\"category\">La Piedad<\/a>","tag_info":"La Piedad","comment_count":"0","jetpack_featured_media_url":"http:\/\/tvalaire.com\/wp-content\/uploads\/2017\/06\/ENTREG\u00d3-DIF-DESPENSAS-DE-PRODUCTOS-PERECEDEROS-Y-TOCINO-A-11-COMUNIDADES-RURALES.jpg","_links":{"self":[{"href":"http:\/\/tvalaire.com\/index.php?rest_route=\/wp\/v2\/posts\/1920"}],"collection":[{"href":"http:\/\/tvalaire.com\/index.php?rest_route=\/wp\/v2\/posts"}],"about":[{"href":"http:\/\/tvalaire.com\/index.php?rest_route=\/wp\/v2\/types\/post"}],"author":[{"embeddable":true,"href":"http:\/\/tvalaire.com\/index.php?rest_route=\/wp\/v2\/users\/1"}],"replies":[{"embeddable":true,"href":"http:\/\/tvalaire.com\/index.php?rest_route=%2Fwp%2Fv2%2Fcomments&post=1920"}],"version-history":[{"count":1,"href":"http:\/\/tvalaire.com\/index.php?rest_route=\/wp\/v2\/posts\/1920\/revisions"}],"predecessor-version":[{"id":1925,"href":"http:\/\/tvalaire.com\/index.php?rest_route=\/wp\/v2\/posts\/1920\/revisions\/1925"}],"wp:featuredmedia":[{"embeddable":true,"href":"http:\/\/tvalaire.com\/index.php?rest_route=\/wp\/v2\/media\/1921"}],"wp:attachment":[{"href":"http:\/\/tvalaire.com\/index.php?rest_route=%2Fwp%2Fv2%2Fmedia&parent=1920"}],"wp:term":[{"taxonomy":"category","embeddable":true,"href":"http:\/\/tvalaire.com\/index.php?rest_route=%2Fwp%2Fv2%2Fcategories&post=1920"},{"taxonomy":"post_tag","embeddable":true,"href":"http:\/\/tvalaire.com\/index.php?rest_route=%2Fwp%2Fv2%2Ftags&post=1920"}],"curies":[{"name":"wp","href":"https:\/\/api.w.org\/{rel}","templated":true}]}}