{"id":1905,"date":"2017-06-16T19:02:39","date_gmt":"2017-06-17T00:02:39","guid":{"rendered":"http:\/\/tvalaire.com\/?p=1905"},"modified":"2017-06-16T19:02:39","modified_gmt":"2017-06-17T00:02:39","slug":"federacion-apoya-a-adultos-mayores-michoacanos-victor-silva","status":"publish","type":"post","link":"http:\/\/tvalaire.com\/?p=1905","title":{"rendered":"FEDERACI\u00d3N APOYA A ADULTOS MAYORES MICHOACANOS: V\u00cdCTOR SILVA"},"content":{"rendered":"<p>Morelia, Michoac\u00e1n a 16 de junio de 2017.- El presidente de la Comisi\u00f3n de Desarrollo Social en la C\u00e1mara de Diputados Federal, V\u00edctor Silva Tejeda, destac\u00f3 el gran apoyo que otorga el Presidente de la Rep\u00fablica, Enrique Pe\u00f1a Nieto, al estado, y con especial atenci\u00f3n a los sectores m\u00e1s vulnerables de la sociedad; durante la entrega de apoyos \u201c65 y m\u00e1s\u201d por parte de SEDESOL.<\/p>\n<p>Afirm\u00f3 que este programa incorpora a un importante n\u00famero de michoacanos y los recursos son dirigidos de manera directa para cumplir su objetivo.<\/p>\n<p>El legislador federal explic\u00f3 que desde hace tres a\u00f1os el mencionado programa ten\u00eda por nombre \u201c70 y m\u00e1s\u201d, pero Enrique Pe\u00f1a Nieto tom\u00f3 la decisi\u00f3n de que cambiara de nombre para inyectar m\u00e1s recursos y para poder tener m\u00e1s beneficiarios, lo cual dio la oportunidad a que en Michoac\u00e1n se incorporaran m\u00e1s de 160 mil nuevos derechohabientes.<\/p>\n<p>En compa\u00f1\u00eda del Gobernador de Michoac\u00e1n, Silvano Aureoles y del Delegado de SEDESOL, Ger\u00f3nimo Color Gasca, el legislador federal resalt\u00f3 la gran coordinaci\u00f3n que existe entre diferentes niveles de gobierno, lo cual manda buen mensaje a los ciudadanos y permite cumplir con objetivos comunes en el beneficio de la entidad.<\/p>\n<p>\u201cEstaremos pendientes desde el Congreso de la Uni\u00f3n para que estos programas puedan tener una cobertura mayor, sean eficaces y lleguen a quien verdaderamente lo necesita\u201d, apunt\u00f3.<\/p>\n","protected":false},"excerpt":{"rendered":"<p>Morelia, Michoac\u00e1n a 16 de junio de 2017.- El presidente de la Comisi\u00f3n de Desarrollo&#8230;<\/p>\n","protected":false},"author":1,"featured_media":1906,"comment_status":"open","ping_status":"open","sticky":false,"template":"","format":"standard","meta":{"jetpack_post_was_ever_published":false,"_jetpack_newsletter_access":"","_jetpack_dont_email_post_to_subs":false,"_jetpack_newsletter_tier_id":0,"_jetpack_memberships_contains_paywalled_content":false,"_jetpack_memberships_contains_paid_content":false,"footnotes":"","jetpack_publicize_message":"","jetpack_publicize_feature_enabled":true,"jetpack_social_post_already_shared":false,"jetpack_social_options":{"image_generator_settings":{"template":"highway","enabled":false},"version":2}},"categories":[31],"tags":[37,36],"class_list":["post-1905","post","type-post","status-publish","format-standard","has-post-thumbnail","hentry","category-estado","tag-estado","tag-principales"],"jetpack_publicize_connections":[],"jetpack_sharing_enabled":true,"featured_image_urls":{"full":["http:\/\/tvalaire.com\/wp-content\/uploads\/2017\/06\/WhatsApp-Image-2017-06-16-at-11.49.51-AM.jpeg",1599,1066,false],"thumbnail":["http:\/\/tvalaire.com\/wp-content\/uploads\/2017\/06\/WhatsApp-Image-2017-06-16-at-11.49.51-AM-150x150.jpeg",150,150,true],"medium":["http:\/\/tvalaire.com\/wp-content\/uploads\/2017\/06\/WhatsApp-Image-2017-06-16-at-11.49.51-AM-300x200.jpeg",300,200,true],"medium_large":["http:\/\/tvalaire.com\/wp-content\/uploads\/2017\/06\/WhatsApp-Image-2017-06-16-at-11.49.51-AM-768x512.jpeg",640,427,true],"large":["http:\/\/tvalaire.com\/wp-content\/uploads\/2017\/06\/WhatsApp-Image-2017-06-16-at-11.49.51-AM-1024x683.jpeg",640,427,true],"post-slider-thumb-size":["http:\/\/tvalaire.com\/wp-content\/uploads\/2017\/06\/WhatsApp-Image-2017-06-16-at-11.49.51-AM.jpeg",285,190,false],"post-category-slider-size":["http:\/\/tvalaire.com\/wp-content\/uploads\/2017\/06\/WhatsApp-Image-2017-06-16-at-11.49.51-AM.jpeg",330,220,false],"1536x1536":["http:\/\/tvalaire.com\/wp-content\/uploads\/2017\/06\/WhatsApp-Image-2017-06-16-at-11.49.51-AM.jpeg",1536,1024,false],"2048x2048":["http:\/\/tvalaire.com\/wp-content\/uploads\/2017\/06\/WhatsApp-Image-2017-06-16-at-11.49.51-AM.jpeg",1599,1066,false],"newsium-slider-full":["http:\/\/tvalaire.com\/wp-content\/uploads\/2017\/06\/WhatsApp-Image-2017-06-16-at-11.49.51-AM.jpeg",1268,845,false],"newsium-featured":["http:\/\/tvalaire.com\/wp-content\/uploads\/2017\/06\/WhatsApp-Image-2017-06-16-at-11.49.51-AM.jpeg",1024,683,false],"newsium-medium":["http:\/\/tvalaire.com\/wp-content\/uploads\/2017\/06\/WhatsApp-Image-2017-06-16-at-11.49.51-AM.jpeg",713,475,false]},"author_info":{"info":["tvalairenoti"]},"category_info":"<a href=\"http:\/\/tvalaire.com\/?cat=31\" rel=\"category\">Estado<\/a>","tag_info":"Estado","comment_count":"0","jetpack_featured_media_url":"http:\/\/tvalaire.com\/wp-content\/uploads\/2017\/06\/WhatsApp-Image-2017-06-16-at-11.49.51-AM.jpeg","_links":{"self":[{"href":"http:\/\/tvalaire.com\/index.php?rest_route=\/wp\/v2\/posts\/1905"}],"collection":[{"href":"http:\/\/tvalaire.com\/index.php?rest_route=\/wp\/v2\/posts"}],"about":[{"href":"http:\/\/tvalaire.com\/index.php?rest_route=\/wp\/v2\/types\/post"}],"author":[{"embeddable":true,"href":"http:\/\/tvalaire.com\/index.php?rest_route=\/wp\/v2\/users\/1"}],"replies":[{"embeddable":true,"href":"http:\/\/tvalaire.com\/index.php?rest_route=%2Fwp%2Fv2%2Fcomments&post=1905"}],"version-history":[{"count":1,"href":"http:\/\/tvalaire.com\/index.php?rest_route=\/wp\/v2\/posts\/1905\/revisions"}],"predecessor-version":[{"id":1907,"href":"http:\/\/tvalaire.com\/index.php?rest_route=\/wp\/v2\/posts\/1905\/revisions\/1907"}],"wp:featuredmedia":[{"embeddable":true,"href":"http:\/\/tvalaire.com\/index.php?rest_route=\/wp\/v2\/media\/1906"}],"wp:attachment":[{"href":"http:\/\/tvalaire.com\/index.php?rest_route=%2Fwp%2Fv2%2Fmedia&parent=1905"}],"wp:term":[{"taxonomy":"category","embeddable":true,"href":"http:\/\/tvalaire.com\/index.php?rest_route=%2Fwp%2Fv2%2Fcategories&post=1905"},{"taxonomy":"post_tag","embeddable":true,"href":"http:\/\/tvalaire.com\/index.php?rest_route=%2Fwp%2Fv2%2Ftags&post=1905"}],"curies":[{"name":"wp","href":"https:\/\/api.w.org\/{rel}","templated":true}]}}