{"id":1899,"date":"2017-06-16T18:59:09","date_gmt":"2017-06-16T23:59:09","guid":{"rendered":"http:\/\/tvalaire.com\/?p=1899"},"modified":"2017-06-16T18:59:09","modified_gmt":"2017-06-16T23:59:09","slug":"primera-reunion-de-capacitacion-para-la-atencion-a-la-poblacion-en-condiciones-de-emergencia","status":"publish","type":"post","link":"http:\/\/tvalaire.com\/?p=1899","title":{"rendered":"PRIMERA REUNION DE CAPACITACION PARA LA ATENCION A LA POBLACION EN CONDICIONES DE EMERGENCIA"},"content":{"rendered":"<p>Gobierno Municipal 2015-2018 que encabeza el C. Samuel Canchola Venegas, en conjunto con SMDIF Zin\u00e1paro, a cargo de la Se\u00f1ora Laura L\u00f3pez Madrigal.<br \/>\nSe enorgullece al ser sede nuestro Municipio, de la primera reuni\u00f3n de Capacitaci\u00f3n sobre la Instalaci\u00f3n y Administraci\u00f3n para la Atenci\u00f3n a la Poblaci\u00f3n en Condiciones de Emergencia ( APCE ) y Confirmaci\u00f3n de Subcomit\u00e9s.<br \/>\nEsto con el objetivo de lograr que los participantes conozcan la normalidad y responsabilidad del DIF en mater<span class=\"x_gmail-text_exposed_show\">ia de atenci\u00f3n a la poblaci\u00f3n en condiciones de emergencia, la integraci\u00f3n y funciones del subcomit\u00e9 APCE, as\u00ed como la operaci\u00f3n de refugios temporales y centros de acopio.<br \/>\nDamos las m\u00e1s sinceras gracias a la Lic. Mar\u00eda Garc\u00eda Rivera coordinadora de atenci\u00f3n a la poblaci\u00f3n en condiciones de emergencia, en coordinaci\u00f3n con el enlace regional en La Piedad<br \/>\nLic. David Arellano Flores.<br \/>\nDe igual manera agradecemos a los Municipios que tuvieron a bien acompa\u00f1arnos, as\u00ed como a la Directora de SMDIF Zin\u00e1paro<br \/>\nC. Carolina \u00c1lvarez Samaguey y a todo el equipo de trabajo por su organizaci\u00f3n.<\/span><\/p>\n<p>&nbsp;<\/p>\n<p><img loading=\"lazy\" decoding=\"async\" class=\"alignnone size-medium wp-image-1900\" src=\"http:\/\/tvalaire.com\/wp-content\/uploads\/2017\/06\/DSCN0102-300x225.jpg\" alt=\"\" width=\"300\" height=\"225\" srcset=\"http:\/\/tvalaire.com\/wp-content\/uploads\/2017\/06\/DSCN0102-300x225.jpg 300w, http:\/\/tvalaire.com\/wp-content\/uploads\/2017\/06\/DSCN0102-768x576.jpg 768w, http:\/\/tvalaire.com\/wp-content\/uploads\/2017\/06\/DSCN0102-1024x768.jpg 1024w\" sizes=\"(max-width: 300px) 100vw, 300px\" \/><\/p>\n<p><img loading=\"lazy\" decoding=\"async\" class=\"alignnone size-medium wp-image-1901\" src=\"http:\/\/tvalaire.com\/wp-content\/uploads\/2017\/06\/DSCN0129-300x225.jpg\" alt=\"\" width=\"300\" height=\"225\" srcset=\"http:\/\/tvalaire.com\/wp-content\/uploads\/2017\/06\/DSCN0129-300x225.jpg 300w, http:\/\/tvalaire.com\/wp-content\/uploads\/2017\/06\/DSCN0129-768x576.jpg 768w, http:\/\/tvalaire.com\/wp-content\/uploads\/2017\/06\/DSCN0129-1024x768.jpg 1024w\" sizes=\"(max-width: 300px) 100vw, 300px\" \/><\/p>\n<p><img loading=\"lazy\" decoding=\"async\" class=\"alignnone size-medium wp-image-1903\" src=\"http:\/\/tvalaire.com\/wp-content\/uploads\/2017\/06\/DSCN0133-300x225.jpg\" alt=\"\" width=\"300\" height=\"225\" srcset=\"http:\/\/tvalaire.com\/wp-content\/uploads\/2017\/06\/DSCN0133-300x225.jpg 300w, http:\/\/tvalaire.com\/wp-content\/uploads\/2017\/06\/DSCN0133-768x576.jpg 768w, http:\/\/tvalaire.com\/wp-content\/uploads\/2017\/06\/DSCN0133-1024x768.jpg 1024w\" sizes=\"(max-width: 300px) 100vw, 300px\" \/><\/p>\n<p>&nbsp;<\/p>\n","protected":false},"excerpt":{"rendered":"<p>Gobierno Municipal 2015-2018 que encabeza el C. Samuel Canchola Venegas, en conjunto con SMDIF Zin\u00e1paro,&#8230;<\/p>\n","protected":false},"author":1,"featured_media":1902,"comment_status":"open","ping_status":"open","sticky":false,"template":"","format":"standard","meta":{"jetpack_post_was_ever_published":false,"_jetpack_newsletter_access":"","_jetpack_dont_email_post_to_subs":false,"_jetpack_newsletter_tier_id":0,"_jetpack_memberships_contains_paywalled_content":false,"_jetpack_memberships_contains_paid_content":false,"footnotes":"","jetpack_publicize_message":"","jetpack_publicize_feature_enabled":true,"jetpack_social_post_already_shared":false,"jetpack_social_options":{"image_generator_settings":{"template":"highway","enabled":false},"version":2}},"categories":[5],"tags":[36,29],"class_list":["post-1899","post","type-post","status-publish","format-standard","has-post-thumbnail","hentry","category-zinaparo","tag-principales","tag-zinaparo"],"jetpack_publicize_connections":[],"jetpack_sharing_enabled":true,"featured_image_urls":{"full":["http:\/\/tvalaire.com\/wp-content\/uploads\/2017\/06\/DSCN0132.jpg",5152,3864,false],"thumbnail":["http:\/\/tvalaire.com\/wp-content\/uploads\/2017\/06\/DSCN0132-150x150.jpg",150,150,true],"medium":["http:\/\/tvalaire.com\/wp-content\/uploads\/2017\/06\/DSCN0132-300x225.jpg",300,225,true],"medium_large":["http:\/\/tvalaire.com\/wp-content\/uploads\/2017\/06\/DSCN0132-768x576.jpg",640,480,true],"large":["http:\/\/tvalaire.com\/wp-content\/uploads\/2017\/06\/DSCN0132-1024x768.jpg",640,480,true],"post-slider-thumb-size":["http:\/\/tvalaire.com\/wp-content\/uploads\/2017\/06\/DSCN0132.jpg",253,190,false],"post-category-slider-size":["http:\/\/tvalaire.com\/wp-content\/uploads\/2017\/06\/DSCN0132.jpg",330,248,false],"1536x1536":["http:\/\/tvalaire.com\/wp-content\/uploads\/2017\/06\/DSCN0132.jpg",1536,1152,false],"2048x2048":["http:\/\/tvalaire.com\/wp-content\/uploads\/2017\/06\/DSCN0132.jpg",2048,1536,false],"newsium-slider-full":["http:\/\/tvalaire.com\/wp-content\/uploads\/2017\/06\/DSCN0132.jpg",1127,845,false],"newsium-featured":["http:\/\/tvalaire.com\/wp-content\/uploads\/2017\/06\/DSCN0132.jpg",1024,768,false],"newsium-medium":["http:\/\/tvalaire.com\/wp-content\/uploads\/2017\/06\/DSCN0132.jpg",633,475,false]},"author_info":{"info":["tvalairenoti"]},"category_info":"<a href=\"http:\/\/tvalaire.com\/?cat=5\" rel=\"category\">Zin\u00e1paro<\/a>","tag_info":"Zin\u00e1paro","comment_count":"0","jetpack_featured_media_url":"http:\/\/tvalaire.com\/wp-content\/uploads\/2017\/06\/DSCN0132.jpg","_links":{"self":[{"href":"http:\/\/tvalaire.com\/index.php?rest_route=\/wp\/v2\/posts\/1899"}],"collection":[{"href":"http:\/\/tvalaire.com\/index.php?rest_route=\/wp\/v2\/posts"}],"about":[{"href":"http:\/\/tvalaire.com\/index.php?rest_route=\/wp\/v2\/types\/post"}],"author":[{"embeddable":true,"href":"http:\/\/tvalaire.com\/index.php?rest_route=\/wp\/v2\/users\/1"}],"replies":[{"embeddable":true,"href":"http:\/\/tvalaire.com\/index.php?rest_route=%2Fwp%2Fv2%2Fcomments&post=1899"}],"version-history":[{"count":1,"href":"http:\/\/tvalaire.com\/index.php?rest_route=\/wp\/v2\/posts\/1899\/revisions"}],"predecessor-version":[{"id":1904,"href":"http:\/\/tvalaire.com\/index.php?rest_route=\/wp\/v2\/posts\/1899\/revisions\/1904"}],"wp:featuredmedia":[{"embeddable":true,"href":"http:\/\/tvalaire.com\/index.php?rest_route=\/wp\/v2\/media\/1902"}],"wp:attachment":[{"href":"http:\/\/tvalaire.com\/index.php?rest_route=%2Fwp%2Fv2%2Fmedia&parent=1899"}],"wp:term":[{"taxonomy":"category","embeddable":true,"href":"http:\/\/tvalaire.com\/index.php?rest_route=%2Fwp%2Fv2%2Fcategories&post=1899"},{"taxonomy":"post_tag","embeddable":true,"href":"http:\/\/tvalaire.com\/index.php?rest_route=%2Fwp%2Fv2%2Ftags&post=1899"}],"curies":[{"name":"wp","href":"https:\/\/api.w.org\/{rel}","templated":true}]}}