{"id":1896,"date":"2017-06-16T09:51:11","date_gmt":"2017-06-16T14:51:11","guid":{"rendered":"http:\/\/tvalaire.com\/?p=1896"},"modified":"2017-06-16T09:51:11","modified_gmt":"2017-06-16T14:51:11","slug":"exitosa-la-presentacion-del-libro-memorias-del-ultimo-guerrero-nazi","status":"publish","type":"post","link":"http:\/\/tvalaire.com\/?p=1896","title":{"rendered":"EXITOSA LA PRESENTACI\u00d3N DEL LIBRO \u201cMEMORIAS DEL \u00daLTIMO GUERRERO NAZI"},"content":{"rendered":"<p>&nbsp;<\/p>\n<p>El escritor piedadense, H\u00e9ctor Zendejas anunci\u00f3 que su libro \u201cAxel y Keira\u201d; ser\u00e1 llevado al cine y las grabaciones iniciar\u00e1n en agosto o septiembre de este a\u00f1o y se exhibir\u00e1 en las mejores salas del pa\u00eds y del mundo.<\/p>\n<p>\u201cMemorias del \u00faltimo guerrero Nazi\u201d, trata de un soldado que es v\u00edctima de un experimento cient\u00edfico con el cual se lograron prolongar su vida, aunque con ciertas mutaciones. Incluye aspectos de c\u00f3mo vive este proceso con su familia y las consecuencias de su participaci\u00f3n en la guerra. El personaje central es ficticio, aunque el tema que aborda forma parte de una investigaci\u00f3n sobre hechos que ocurrieron en esa \u00e9poca.<\/p>\n<p>Dentro del marco de la apertura que tiene el gobierno municipal que preside Juan Manuel Estrada Medina hac\u00eda la cultura y las artes, la Escuela de Artes se visti\u00f3 de gala para la presentaci\u00f3n del libro: \u201cMemorias del \u00faltimo guerrero nazi\u201d del escritor piedadense, H\u00e9ctor Zendejas quien anunci\u00f3 durante el evento que su libro \u201cAxel y Keira\u201d en el que habla del tema de reencarnaci\u00f3n, se llevar\u00e1 a la pantalla grade.<\/p>\n<p>De hecho, durante su exposici\u00f3n present\u00f3 al director de cine Mois\u00e9s Ponce de Guajiro Producciones quien cuenta ya con el gui\u00f3n adaptado y se encuentra listo para iniciar con el rodaje que ser\u00e1 a partir de los meses de agosto o septiembre de este a\u00f1o.<\/p>\n<p>Con respecto al libro \u201cAxel y Keira\u201d, Mois\u00e9s Ponce dijo que cuando le lleg\u00f3 el gui\u00f3n y posteriormente ley\u00f3 el libro, se qued\u00f3 prendido de la historia de amor, pues habla de cosas positivas y es una obra en la que no se desde\u00f1a al mexicano.<\/p>\n<p>Desafortunadamente indic\u00f3 que algo pasa en el pa\u00eds, pues como mexicanos consumen m\u00e1s el cine extranjero y dejan de lado algunas producciones nacionales, e incluso lament\u00f3 m\u00e1s aun que haya directores que busquen escritores o guiones extranjeros cuando en el pa\u00eds hay excelentes escritores como H\u00e9ctor Zendejas.<\/p>\n<p>En lo que se refiere a la pel\u00edcula que habr\u00e1n de rodar, mencion\u00f3 que una vez terminada espera estrenarla en las salas de cine m\u00e1s importantes del pa\u00eds y coincidiendo con otros productores que ya conocieron el gui\u00f3n, se trata de una obra fuerte y positiva que los ayudar\u00e1 a presentarse en festivales internacionales.<\/p>\n<p>En cuanto a la presentaci\u00f3n del libro \u201cMemorias del \u00faltimo guerrero nazi\u201d, el<\/p>\n<p>escritor H\u00e9ctor Zendejas se dijo muy complacido por este evento, por la aceptaci\u00f3n que ha tenido la obra, agradecido con Dios por abrirle las puertas y por estar con su familia, principalmente con su madre quien cumpl\u00eda a\u00f1os y a quien dio en regalo el anuncio de la pel\u00edcula que se har\u00e1 de su segundo libro de \u201cAxel y Keira\u201d, motivo por el cual se sent\u00eda feliz.<\/p>\n<p>Y es que la presentaci\u00f3n de su \u00faltima obra, se dio justo el d\u00eda internacional del escritor. Con respecto a la pel\u00edcula, expuso que para cualquier escritor, el llevar un libro a la pantalla grande es una gran satisfacci\u00f3n que no se esperaba tan pronto.<\/p>\n<p>Durante el evento, se cont\u00f3 con la presentaci\u00f3n de las estudiantes de la Escuela de ARTES, Geraldine Medina y Fernanda C\u00e1rdenas, quienes tuvieron una participaci\u00f3n en piano.<\/p>\n<p>El libro que se present\u00f3 es la quinta obra de este escritor piedadense quien cuenta con el apoyo de la casa editorial espa\u00f1ola Grupo Planeta extensi\u00f3n de Lectura de Prestigio quien tiene ya la venta todas sus obras en portales como Amazon y librer\u00edas Gandhi.<\/p>\n","protected":false},"excerpt":{"rendered":"<p>&nbsp; El escritor piedadense, H\u00e9ctor Zendejas anunci\u00f3 que su libro \u201cAxel y Keira\u201d; ser\u00e1 llevado&#8230;<\/p>\n","protected":false},"author":1,"featured_media":1897,"comment_status":"open","ping_status":"open","sticky":false,"template":"","format":"standard","meta":{"jetpack_post_was_ever_published":false,"_jetpack_newsletter_access":"","_jetpack_dont_email_post_to_subs":false,"_jetpack_newsletter_tier_id":0,"_jetpack_memberships_contains_paywalled_content":false,"_jetpack_memberships_contains_paid_content":false,"footnotes":"","jetpack_publicize_message":"","jetpack_publicize_feature_enabled":true,"jetpack_social_post_already_shared":false,"jetpack_social_options":{"image_generator_settings":{"template":"highway","enabled":false},"version":2}},"categories":[1],"tags":[15,36],"class_list":["post-1896","post","type-post","status-publish","format-standard","has-post-thumbnail","hentry","category-la-piedad","tag-la-piedad","tag-principales"],"jetpack_publicize_connections":[],"jetpack_sharing_enabled":true,"featured_image_urls":{"full":["http:\/\/tvalaire.com\/wp-content\/uploads\/2017\/06\/DSC_0224.jpg",709,472,false],"thumbnail":["http:\/\/tvalaire.com\/wp-content\/uploads\/2017\/06\/DSC_0224-150x150.jpg",150,150,true],"medium":["http:\/\/tvalaire.com\/wp-content\/uploads\/2017\/06\/DSC_0224-300x200.jpg",300,200,true],"medium_large":["http:\/\/tvalaire.com\/wp-content\/uploads\/2017\/06\/DSC_0224.jpg",640,426,false],"large":["http:\/\/tvalaire.com\/wp-content\/uploads\/2017\/06\/DSC_0224.jpg",640,426,false],"post-slider-thumb-size":["http:\/\/tvalaire.com\/wp-content\/uploads\/2017\/06\/DSC_0224.jpg",285,190,false],"post-category-slider-size":["http:\/\/tvalaire.com\/wp-content\/uploads\/2017\/06\/DSC_0224.jpg",330,220,false],"1536x1536":["http:\/\/tvalaire.com\/wp-content\/uploads\/2017\/06\/DSC_0224.jpg",709,472,false],"2048x2048":["http:\/\/tvalaire.com\/wp-content\/uploads\/2017\/06\/DSC_0224.jpg",709,472,false],"newsium-slider-full":["http:\/\/tvalaire.com\/wp-content\/uploads\/2017\/06\/DSC_0224.jpg",709,472,false],"newsium-featured":["http:\/\/tvalaire.com\/wp-content\/uploads\/2017\/06\/DSC_0224.jpg",709,472,false],"newsium-medium":["http:\/\/tvalaire.com\/wp-content\/uploads\/2017\/06\/DSC_0224.jpg",709,472,false]},"author_info":{"info":["tvalairenoti"]},"category_info":"<a href=\"http:\/\/tvalaire.com\/?cat=1\" rel=\"category\">La Piedad<\/a>","tag_info":"La Piedad","comment_count":"0","jetpack_featured_media_url":"http:\/\/tvalaire.com\/wp-content\/uploads\/2017\/06\/DSC_0224.jpg","_links":{"self":[{"href":"http:\/\/tvalaire.com\/index.php?rest_route=\/wp\/v2\/posts\/1896"}],"collection":[{"href":"http:\/\/tvalaire.com\/index.php?rest_route=\/wp\/v2\/posts"}],"about":[{"href":"http:\/\/tvalaire.com\/index.php?rest_route=\/wp\/v2\/types\/post"}],"author":[{"embeddable":true,"href":"http:\/\/tvalaire.com\/index.php?rest_route=\/wp\/v2\/users\/1"}],"replies":[{"embeddable":true,"href":"http:\/\/tvalaire.com\/index.php?rest_route=%2Fwp%2Fv2%2Fcomments&post=1896"}],"version-history":[{"count":1,"href":"http:\/\/tvalaire.com\/index.php?rest_route=\/wp\/v2\/posts\/1896\/revisions"}],"predecessor-version":[{"id":1898,"href":"http:\/\/tvalaire.com\/index.php?rest_route=\/wp\/v2\/posts\/1896\/revisions\/1898"}],"wp:featuredmedia":[{"embeddable":true,"href":"http:\/\/tvalaire.com\/index.php?rest_route=\/wp\/v2\/media\/1897"}],"wp:attachment":[{"href":"http:\/\/tvalaire.com\/index.php?rest_route=%2Fwp%2Fv2%2Fmedia&parent=1896"}],"wp:term":[{"taxonomy":"category","embeddable":true,"href":"http:\/\/tvalaire.com\/index.php?rest_route=%2Fwp%2Fv2%2Fcategories&post=1896"},{"taxonomy":"post_tag","embeddable":true,"href":"http:\/\/tvalaire.com\/index.php?rest_route=%2Fwp%2Fv2%2Ftags&post=1896"}],"curies":[{"name":"wp","href":"https:\/\/api.w.org\/{rel}","templated":true}]}}