{"id":1894,"date":"2017-06-16T09:40:33","date_gmt":"2017-06-16T14:40:33","guid":{"rendered":"http:\/\/tvalaire.com\/?p=1894"},"modified":"2017-06-16T09:40:33","modified_gmt":"2017-06-16T14:40:33","slug":"el-gobierno-municipal-en-apoyo-a-la-inclusion-social","status":"publish","type":"post","link":"http:\/\/tvalaire.com\/?p=1894","title":{"rendered":"EL GOBIERNO MUNICIPAL EN APOYO A LA INCLUSI\u00d3N SOCIAL"},"content":{"rendered":"<p>&nbsp;<\/p>\n<p><strong>En lo que va de la administraci\u00f3n municipal se han integrado al equipo de trabajo cinco personas con alguna discapacidad a la planta laboral.<\/strong><\/p>\n<p>&nbsp;<\/p>\n<p>En esta administraci\u00f3n, siguiendo una de las premisas del alcalde Juan Manuel Estrada Medina para dar espacio a la inclusi\u00f3n social, entendida como el proceso de mejorar las condiciones de las personas y los grupos, para que formen parte de la sociedad, mejorando la capacidad, las oportunidades y la dignidad de las personas desfavorecidas debido a su identidad, se ha contratado a cinco personas.<\/p>\n<p>Una de ellas desde el 2015 quien cuenta con discapacidad motriz y labora en el DIF Municipal. En el 2016 se contrataron tres personas de esas dos fueron para esa misma dependencia social y son personas que cuentan con discapacidad visual, otra m\u00e1s labora en el \u00e1rea de Oficial\u00eda Mayor.La \u00faltima fue la que se contrato al inicio de este a\u00f1o y fue en \u00e1rea del Pante\u00f3n Municipal.<\/p>\n<p>En atenci\u00f3n con las normas de inclusi\u00f3n social con las que se rige el gobierno local, en lo que va de la actual administraci\u00f3n municipal, se ha contratado a cinco personas con alguna discapacidad.<\/p>\n<p>A ellas se le han sumado dos personas que ya laboraban para el gobierno con anterioridad, uno de ellos contratado desde 1996 y otro desde el 2003. Ambos cuentan con discapacidad motriz y laboran en \u00e1reas como Biblioteca P\u00fablica Municipal y Oficial\u00eda Mayor.<\/p>\n<p>Con acciones como esta el Gobierno Municipal que preside Juan Manuel Estrada Medina, demuestra su sensibilidad, el respeto y apoyo a la inclusi\u00f3n social, de todas las personas que cuentan con alguna discapacidad motriz o visual, de ninguna se ha tenido queja alguna, demostrando as\u00ed su responsabilidad y dedicaci\u00f3n al trabajo en favor de la poblaci\u00f3n.<\/p>\n","protected":false},"excerpt":{"rendered":"<p>&nbsp; En lo que va de la administraci\u00f3n municipal se han integrado al equipo de&#8230;<\/p>\n","protected":false},"author":1,"featured_media":1888,"comment_status":"open","ping_status":"open","sticky":false,"template":"","format":"standard","meta":{"jetpack_post_was_ever_published":false,"_jetpack_newsletter_access":"","_jetpack_dont_email_post_to_subs":false,"_jetpack_newsletter_tier_id":0,"_jetpack_memberships_contains_paywalled_content":false,"_jetpack_memberships_contains_paid_content":false,"footnotes":"","jetpack_publicize_message":"","jetpack_publicize_feature_enabled":true,"jetpack_social_post_already_shared":false,"jetpack_social_options":{"image_generator_settings":{"template":"highway","enabled":false},"version":2}},"categories":[1],"tags":[15],"class_list":["post-1894","post","type-post","status-publish","format-standard","has-post-thumbnail","hentry","category-la-piedad","tag-la-piedad"],"jetpack_publicize_connections":[],"jetpack_sharing_enabled":true,"featured_image_urls":{"full":["http:\/\/tvalaire.com\/wp-content\/uploads\/2017\/06\/EL-GOBIERNO-MUNICIPAL-EN-APOYO-A-LA-INCLUSIO\u0301N-SOCIAL.jpg",884,591,false],"thumbnail":["http:\/\/tvalaire.com\/wp-content\/uploads\/2017\/06\/EL-GOBIERNO-MUNICIPAL-EN-APOYO-A-LA-INCLUSIO\u0301N-SOCIAL-150x150.jpg",150,150,true],"medium":["http:\/\/tvalaire.com\/wp-content\/uploads\/2017\/06\/EL-GOBIERNO-MUNICIPAL-EN-APOYO-A-LA-INCLUSIO\u0301N-SOCIAL-300x201.jpg",300,201,true],"medium_large":["http:\/\/tvalaire.com\/wp-content\/uploads\/2017\/06\/EL-GOBIERNO-MUNICIPAL-EN-APOYO-A-LA-INCLUSIO\u0301N-SOCIAL-768x513.jpg",640,428,true],"large":["http:\/\/tvalaire.com\/wp-content\/uploads\/2017\/06\/EL-GOBIERNO-MUNICIPAL-EN-APOYO-A-LA-INCLUSIO\u0301N-SOCIAL.jpg",640,428,false],"post-slider-thumb-size":["http:\/\/tvalaire.com\/wp-content\/uploads\/2017\/06\/EL-GOBIERNO-MUNICIPAL-EN-APOYO-A-LA-INCLUSIO\u0301N-SOCIAL.jpg",284,190,false],"post-category-slider-size":["http:\/\/tvalaire.com\/wp-content\/uploads\/2017\/06\/EL-GOBIERNO-MUNICIPAL-EN-APOYO-A-LA-INCLUSIO\u0301N-SOCIAL.jpg",330,221,false],"1536x1536":["http:\/\/tvalaire.com\/wp-content\/uploads\/2017\/06\/EL-GOBIERNO-MUNICIPAL-EN-APOYO-A-LA-INCLUSIO\u0301N-SOCIAL.jpg",884,591,false],"2048x2048":["http:\/\/tvalaire.com\/wp-content\/uploads\/2017\/06\/EL-GOBIERNO-MUNICIPAL-EN-APOYO-A-LA-INCLUSIO\u0301N-SOCIAL.jpg",884,591,false],"newsium-slider-full":["http:\/\/tvalaire.com\/wp-content\/uploads\/2017\/06\/EL-GOBIERNO-MUNICIPAL-EN-APOYO-A-LA-INCLUSIO\u0301N-SOCIAL.jpg",884,591,false],"newsium-featured":["http:\/\/tvalaire.com\/wp-content\/uploads\/2017\/06\/EL-GOBIERNO-MUNICIPAL-EN-APOYO-A-LA-INCLUSIO\u0301N-SOCIAL.jpg",884,591,false],"newsium-medium":["http:\/\/tvalaire.com\/wp-content\/uploads\/2017\/06\/EL-GOBIERNO-MUNICIPAL-EN-APOYO-A-LA-INCLUSIO\u0301N-SOCIAL.jpg",710,475,false]},"author_info":{"info":["tvalairenoti"]},"category_info":"<a href=\"http:\/\/tvalaire.com\/?cat=1\" rel=\"category\">La Piedad<\/a>","tag_info":"La Piedad","comment_count":"0","jetpack_featured_media_url":"http:\/\/tvalaire.com\/wp-content\/uploads\/2017\/06\/EL-GOBIERNO-MUNICIPAL-EN-APOYO-A-LA-INCLUSIO\u0301N-SOCIAL.jpg","_links":{"self":[{"href":"http:\/\/tvalaire.com\/index.php?rest_route=\/wp\/v2\/posts\/1894"}],"collection":[{"href":"http:\/\/tvalaire.com\/index.php?rest_route=\/wp\/v2\/posts"}],"about":[{"href":"http:\/\/tvalaire.com\/index.php?rest_route=\/wp\/v2\/types\/post"}],"author":[{"embeddable":true,"href":"http:\/\/tvalaire.com\/index.php?rest_route=\/wp\/v2\/users\/1"}],"replies":[{"embeddable":true,"href":"http:\/\/tvalaire.com\/index.php?rest_route=%2Fwp%2Fv2%2Fcomments&post=1894"}],"version-history":[{"count":1,"href":"http:\/\/tvalaire.com\/index.php?rest_route=\/wp\/v2\/posts\/1894\/revisions"}],"predecessor-version":[{"id":1895,"href":"http:\/\/tvalaire.com\/index.php?rest_route=\/wp\/v2\/posts\/1894\/revisions\/1895"}],"wp:featuredmedia":[{"embeddable":true,"href":"http:\/\/tvalaire.com\/index.php?rest_route=\/wp\/v2\/media\/1888"}],"wp:attachment":[{"href":"http:\/\/tvalaire.com\/index.php?rest_route=%2Fwp%2Fv2%2Fmedia&parent=1894"}],"wp:term":[{"taxonomy":"category","embeddable":true,"href":"http:\/\/tvalaire.com\/index.php?rest_route=%2Fwp%2Fv2%2Fcategories&post=1894"},{"taxonomy":"post_tag","embeddable":true,"href":"http:\/\/tvalaire.com\/index.php?rest_route=%2Fwp%2Fv2%2Ftags&post=1894"}],"curies":[{"name":"wp","href":"https:\/\/api.w.org\/{rel}","templated":true}]}}