{"id":1892,"date":"2017-06-16T09:39:12","date_gmt":"2017-06-16T14:39:12","guid":{"rendered":"http:\/\/tvalaire.com\/?p=1892"},"modified":"2017-06-16T09:39:12","modified_gmt":"2017-06-16T14:39:12","slug":"imparten-taller-mis-vacaciones-en-la-biblioteca-2017","status":"publish","type":"post","link":"http:\/\/tvalaire.com\/?p=1892","title":{"rendered":"IMPARTEN TALLER \u201cMIS VACACIONES EN LA BIBLIOTECA 2017\u201d"},"content":{"rendered":"<p>&nbsp;<\/p>\n<p>Con la participaci\u00f3n de bibliotecarios de toda la regi\u00f3n, el lunes inici\u00f3 el taller \u201cMis vacaciones en la biblioteca 2017\u201d en el acervo cultural \u201cDr. Salvador Aceves Parra\u201d.<\/p>\n<p>El arranque oficial de los trabajos dio inicio bajo el auspicio de Juan Manuel Estrada Medina presidente municipal de La Piedad Para que los funcionarios est\u00e9n mejor preparados y se brinde una mejor atenci\u00f3n a los estudiantes, as\u00ed como establecer actividades para este periodo vacacional que se avecina y las bibliotecas puedan ser visitadas por ni\u00f1os y j\u00f3venes.<\/p>\n<p>Es as\u00ed como la direcci\u00f3n de educaci\u00f3n participa en todas las bibliotecas del municipio con la impartici\u00f3n de este taller que es dirigido por el profesor Cristi\u00e1n Rafael Meza Sol\u00eds e Israel Verduzco Vega a todos los bibliotecarios de los municipios de Yur\u00e9cuaro, Tanhuato, Vista Hermosa, Zin\u00e1paro, Penjamillo, Numar\u00e1n y La Piedad.<\/p>\n<p>En total son 27 las personas que asisten a este taller que finalizar\u00e1 el viernes 16 de junio, ya que la instrucci\u00f3n se imparte de las 09:00 a las 14:00 horas.<\/p>\n<p>Para lo cual el Gobierno Municipal, brinda todas las facilidades para que asistentes de todas las bibliotecas puedan instruirse para replicar los conocimientos en los estudiantes a quienes abrir\u00e1n las puertas de estos espacios durante el periodo de vacaciones escolar que ya est\u00e1 pr\u00f3ximo.<\/p>\n<p>&nbsp;<\/p>\n","protected":false},"excerpt":{"rendered":"<p>&nbsp; Con la participaci\u00f3n de bibliotecarios de toda la regi\u00f3n, el lunes inici\u00f3 el taller&#8230;<\/p>\n","protected":false},"author":1,"featured_media":1890,"comment_status":"open","ping_status":"open","sticky":false,"template":"","format":"standard","meta":{"jetpack_post_was_ever_published":false,"_jetpack_newsletter_access":"","_jetpack_dont_email_post_to_subs":false,"_jetpack_newsletter_tier_id":0,"_jetpack_memberships_contains_paywalled_content":false,"_jetpack_memberships_contains_paid_content":false,"footnotes":"","jetpack_publicize_message":"","jetpack_publicize_feature_enabled":true,"jetpack_social_post_already_shared":false,"jetpack_social_options":{"image_generator_settings":{"template":"highway","enabled":false},"version":2}},"categories":[1],"tags":[15,36],"class_list":["post-1892","post","type-post","status-publish","format-standard","has-post-thumbnail","hentry","category-la-piedad","tag-la-piedad","tag-principales"],"jetpack_publicize_connections":[],"jetpack_sharing_enabled":true,"featured_image_urls":{"full":["http:\/\/tvalaire.com\/wp-content\/uploads\/2017\/06\/IMPARTEN-TALLER-\u201cMIS-VACACIONES-EN-LA-BIBLIOTECA-2017\u201d.jpg",4128,3096,false],"thumbnail":["http:\/\/tvalaire.com\/wp-content\/uploads\/2017\/06\/IMPARTEN-TALLER-\u201cMIS-VACACIONES-EN-LA-BIBLIOTECA-2017\u201d-150x150.jpg",150,150,true],"medium":["http:\/\/tvalaire.com\/wp-content\/uploads\/2017\/06\/IMPARTEN-TALLER-\u201cMIS-VACACIONES-EN-LA-BIBLIOTECA-2017\u201d-300x225.jpg",300,225,true],"medium_large":["http:\/\/tvalaire.com\/wp-content\/uploads\/2017\/06\/IMPARTEN-TALLER-\u201cMIS-VACACIONES-EN-LA-BIBLIOTECA-2017\u201d-768x576.jpg",640,480,true],"large":["http:\/\/tvalaire.com\/wp-content\/uploads\/2017\/06\/IMPARTEN-TALLER-\u201cMIS-VACACIONES-EN-LA-BIBLIOTECA-2017\u201d-1024x768.jpg",640,480,true],"post-slider-thumb-size":["http:\/\/tvalaire.com\/wp-content\/uploads\/2017\/06\/IMPARTEN-TALLER-\u201cMIS-VACACIONES-EN-LA-BIBLIOTECA-2017\u201d.jpg",253,190,false],"post-category-slider-size":["http:\/\/tvalaire.com\/wp-content\/uploads\/2017\/06\/IMPARTEN-TALLER-\u201cMIS-VACACIONES-EN-LA-BIBLIOTECA-2017\u201d.jpg",330,248,false],"1536x1536":["http:\/\/tvalaire.com\/wp-content\/uploads\/2017\/06\/IMPARTEN-TALLER-\u201cMIS-VACACIONES-EN-LA-BIBLIOTECA-2017\u201d.jpg",1536,1152,false],"2048x2048":["http:\/\/tvalaire.com\/wp-content\/uploads\/2017\/06\/IMPARTEN-TALLER-\u201cMIS-VACACIONES-EN-LA-BIBLIOTECA-2017\u201d.jpg",2048,1536,false],"newsium-slider-full":["http:\/\/tvalaire.com\/wp-content\/uploads\/2017\/06\/IMPARTEN-TALLER-\u201cMIS-VACACIONES-EN-LA-BIBLIOTECA-2017\u201d.jpg",1127,845,false],"newsium-featured":["http:\/\/tvalaire.com\/wp-content\/uploads\/2017\/06\/IMPARTEN-TALLER-\u201cMIS-VACACIONES-EN-LA-BIBLIOTECA-2017\u201d.jpg",1024,768,false],"newsium-medium":["http:\/\/tvalaire.com\/wp-content\/uploads\/2017\/06\/IMPARTEN-TALLER-\u201cMIS-VACACIONES-EN-LA-BIBLIOTECA-2017\u201d.jpg",633,475,false]},"author_info":{"info":["tvalairenoti"]},"category_info":"<a href=\"http:\/\/tvalaire.com\/?cat=1\" rel=\"category\">La Piedad<\/a>","tag_info":"La Piedad","comment_count":"0","jetpack_featured_media_url":"http:\/\/tvalaire.com\/wp-content\/uploads\/2017\/06\/IMPARTEN-TALLER-\u201cMIS-VACACIONES-EN-LA-BIBLIOTECA-2017\u201d.jpg","_links":{"self":[{"href":"http:\/\/tvalaire.com\/index.php?rest_route=\/wp\/v2\/posts\/1892"}],"collection":[{"href":"http:\/\/tvalaire.com\/index.php?rest_route=\/wp\/v2\/posts"}],"about":[{"href":"http:\/\/tvalaire.com\/index.php?rest_route=\/wp\/v2\/types\/post"}],"author":[{"embeddable":true,"href":"http:\/\/tvalaire.com\/index.php?rest_route=\/wp\/v2\/users\/1"}],"replies":[{"embeddable":true,"href":"http:\/\/tvalaire.com\/index.php?rest_route=%2Fwp%2Fv2%2Fcomments&post=1892"}],"version-history":[{"count":1,"href":"http:\/\/tvalaire.com\/index.php?rest_route=\/wp\/v2\/posts\/1892\/revisions"}],"predecessor-version":[{"id":1893,"href":"http:\/\/tvalaire.com\/index.php?rest_route=\/wp\/v2\/posts\/1892\/revisions\/1893"}],"wp:featuredmedia":[{"embeddable":true,"href":"http:\/\/tvalaire.com\/index.php?rest_route=\/wp\/v2\/media\/1890"}],"wp:attachment":[{"href":"http:\/\/tvalaire.com\/index.php?rest_route=%2Fwp%2Fv2%2Fmedia&parent=1892"}],"wp:term":[{"taxonomy":"category","embeddable":true,"href":"http:\/\/tvalaire.com\/index.php?rest_route=%2Fwp%2Fv2%2Fcategories&post=1892"},{"taxonomy":"post_tag","embeddable":true,"href":"http:\/\/tvalaire.com\/index.php?rest_route=%2Fwp%2Fv2%2Ftags&post=1892"}],"curies":[{"name":"wp","href":"https:\/\/api.w.org\/{rel}","templated":true}]}}