{"id":1886,"date":"2017-06-16T09:37:43","date_gmt":"2017-06-16T14:37:43","guid":{"rendered":"http:\/\/tvalaire.com\/?p=1886"},"modified":"2017-06-16T09:37:43","modified_gmt":"2017-06-16T14:37:43","slug":"ratifica-cabildo-rehabilitacion-de-la-segunda-etapa-de-la-avenida-sostenes-rocha","status":"publish","type":"post","link":"http:\/\/tvalaire.com\/?p=1886","title":{"rendered":"RATIFICA CABILDO REHABILITACI\u00d3N DE LA SEGUNDA ETAPA DE LA AVENIDA S\u00d3STENES ROCHA"},"content":{"rendered":"<p>&nbsp;<\/p>\n<p>Por unanimidad de votos, integrantes del Cabildo ratificaron la autorizaci\u00f3n para la rehabilitaci\u00f3n del reasfaltado de la avenida S\u00f3stenes Rocha entre Casto Salda\u00f1a y Universo (Secundaria T\u00e9cnica No. 140) en Ciudad del Sol y que forma parte del programa operativo anual 2017.<\/p>\n<p>La meta que se tiene establecido reasfaltar es de 8 mil 592.60 metros cuadrados y la inversi\u00f3n aprobada es por 2 millones 187 mil 847 pesos, la cual ser\u00e1 ejecutada por la administraci\u00f3n como obra directa con el apoyo de donaci\u00f3n de PEMEX por 563 mil 296 pesos, de tal forma que al municipio le tocar\u00e1 aportar un mill\u00f3n 624 mil 551 pesos.<\/p>\n<p>La solicitud para la autorizaci\u00f3n de esta obra fue presentada por el director de obras p\u00fablicas, Rafael Ram\u00edrez Lemus y aprobada por unanimidad de los presentes en la sesi\u00f3n ordinaria de Cabildo.<\/p>\n<p>Juan Manuel Estrada medina instruy\u00f3 al director de Obras P\u00fablica para que se coloque los se\u00f1alamientos preventivos por la obras que se realizar\u00e1, para que la ciudadan\u00eda tambi\u00e9n tenga el cuidado a la hora de transitar por esa r\u00faa para que no haya accidentes.<\/p>\n<p>Los regidores dijeron, que con ella se atiende una parte importante como lo es Ciudad del Sol, que es en donde habita el 20% del total de la poblaci\u00f3n y esta viene siendo una de las vialidades m\u00e1s importantes en esta parte de la ciudad.<\/p>\n<p>De ah\u00ed la importancia de la obra, debido a que por la gran cantidad de habitantes en esa zona, las vialidades existentes son insuficientes y desde el punto de vista de los integrantes del Cabildo, se necesita ampliar o abrir nuevas v\u00edas de acceso a este lugar.<\/p>\n<p>El S\u00edndico, pidi\u00f3 a la poblaci\u00f3n disculpas por las molestias que pudieran ocasionar, al mismo tiempo en que solicit\u00f3 del cuidado de los conductores que transiten por esa v\u00eda a partir del lunes, para evitar accidentes.<\/p>\n<p>&nbsp;<\/p>\n<p>&nbsp;<\/p>\n<p>&nbsp;<\/p>\n","protected":false},"excerpt":{"rendered":"<p>&nbsp; Por unanimidad de votos, integrantes del Cabildo ratificaron la autorizaci\u00f3n para la rehabilitaci\u00f3n del&#8230;<\/p>\n","protected":false},"author":1,"featured_media":1887,"comment_status":"open","ping_status":"open","sticky":false,"template":"","format":"standard","meta":{"jetpack_post_was_ever_published":false,"_jetpack_newsletter_access":"","_jetpack_dont_email_post_to_subs":false,"_jetpack_newsletter_tier_id":0,"_jetpack_memberships_contains_paywalled_content":false,"_jetpack_memberships_contains_paid_content":false,"footnotes":"","jetpack_publicize_message":"","jetpack_publicize_feature_enabled":true,"jetpack_social_post_already_shared":false,"jetpack_social_options":{"image_generator_settings":{"template":"highway","enabled":false},"version":2}},"categories":[1],"tags":[15,36],"class_list":["post-1886","post","type-post","status-publish","format-standard","has-post-thumbnail","hentry","category-la-piedad","tag-la-piedad","tag-principales"],"jetpack_publicize_connections":[],"jetpack_sharing_enabled":true,"featured_image_urls":{"full":["http:\/\/tvalaire.com\/wp-content\/uploads\/2017\/06\/RATIFICA-CABILDO-REHABILITACIO\u0301N-DE-LA-SEGUNDA-ETAPA-DE-LA-AVENIDA-SO\u0301STENES-ROCHA.jpg",883,591,false],"thumbnail":["http:\/\/tvalaire.com\/wp-content\/uploads\/2017\/06\/RATIFICA-CABILDO-REHABILITACIO\u0301N-DE-LA-SEGUNDA-ETAPA-DE-LA-AVENIDA-SO\u0301STENES-ROCHA-150x150.jpg",150,150,true],"medium":["http:\/\/tvalaire.com\/wp-content\/uploads\/2017\/06\/RATIFICA-CABILDO-REHABILITACIO\u0301N-DE-LA-SEGUNDA-ETAPA-DE-LA-AVENIDA-SO\u0301STENES-ROCHA-300x201.jpg",300,201,true],"medium_large":["http:\/\/tvalaire.com\/wp-content\/uploads\/2017\/06\/RATIFICA-CABILDO-REHABILITACIO\u0301N-DE-LA-SEGUNDA-ETAPA-DE-LA-AVENIDA-SO\u0301STENES-ROCHA-768x514.jpg",640,428,true],"large":["http:\/\/tvalaire.com\/wp-content\/uploads\/2017\/06\/RATIFICA-CABILDO-REHABILITACIO\u0301N-DE-LA-SEGUNDA-ETAPA-DE-LA-AVENIDA-SO\u0301STENES-ROCHA.jpg",640,428,false],"post-slider-thumb-size":["http:\/\/tvalaire.com\/wp-content\/uploads\/2017\/06\/RATIFICA-CABILDO-REHABILITACIO\u0301N-DE-LA-SEGUNDA-ETAPA-DE-LA-AVENIDA-SO\u0301STENES-ROCHA.jpg",284,190,false],"post-category-slider-size":["http:\/\/tvalaire.com\/wp-content\/uploads\/2017\/06\/RATIFICA-CABILDO-REHABILITACIO\u0301N-DE-LA-SEGUNDA-ETAPA-DE-LA-AVENIDA-SO\u0301STENES-ROCHA.jpg",330,221,false],"1536x1536":["http:\/\/tvalaire.com\/wp-content\/uploads\/2017\/06\/RATIFICA-CABILDO-REHABILITACIO\u0301N-DE-LA-SEGUNDA-ETAPA-DE-LA-AVENIDA-SO\u0301STENES-ROCHA.jpg",883,591,false],"2048x2048":["http:\/\/tvalaire.com\/wp-content\/uploads\/2017\/06\/RATIFICA-CABILDO-REHABILITACIO\u0301N-DE-LA-SEGUNDA-ETAPA-DE-LA-AVENIDA-SO\u0301STENES-ROCHA.jpg",883,591,false],"newsium-slider-full":["http:\/\/tvalaire.com\/wp-content\/uploads\/2017\/06\/RATIFICA-CABILDO-REHABILITACIO\u0301N-DE-LA-SEGUNDA-ETAPA-DE-LA-AVENIDA-SO\u0301STENES-ROCHA.jpg",883,591,false],"newsium-featured":["http:\/\/tvalaire.com\/wp-content\/uploads\/2017\/06\/RATIFICA-CABILDO-REHABILITACIO\u0301N-DE-LA-SEGUNDA-ETAPA-DE-LA-AVENIDA-SO\u0301STENES-ROCHA.jpg",883,591,false],"newsium-medium":["http:\/\/tvalaire.com\/wp-content\/uploads\/2017\/06\/RATIFICA-CABILDO-REHABILITACIO\u0301N-DE-LA-SEGUNDA-ETAPA-DE-LA-AVENIDA-SO\u0301STENES-ROCHA.jpg",710,475,false]},"author_info":{"info":["tvalairenoti"]},"category_info":"<a href=\"http:\/\/tvalaire.com\/?cat=1\" rel=\"category\">La Piedad<\/a>","tag_info":"La Piedad","comment_count":"0","jetpack_featured_media_url":"http:\/\/tvalaire.com\/wp-content\/uploads\/2017\/06\/RATIFICA-CABILDO-REHABILITACIO\u0301N-DE-LA-SEGUNDA-ETAPA-DE-LA-AVENIDA-SO\u0301STENES-ROCHA.jpg","_links":{"self":[{"href":"http:\/\/tvalaire.com\/index.php?rest_route=\/wp\/v2\/posts\/1886"}],"collection":[{"href":"http:\/\/tvalaire.com\/index.php?rest_route=\/wp\/v2\/posts"}],"about":[{"href":"http:\/\/tvalaire.com\/index.php?rest_route=\/wp\/v2\/types\/post"}],"author":[{"embeddable":true,"href":"http:\/\/tvalaire.com\/index.php?rest_route=\/wp\/v2\/users\/1"}],"replies":[{"embeddable":true,"href":"http:\/\/tvalaire.com\/index.php?rest_route=%2Fwp%2Fv2%2Fcomments&post=1886"}],"version-history":[{"count":1,"href":"http:\/\/tvalaire.com\/index.php?rest_route=\/wp\/v2\/posts\/1886\/revisions"}],"predecessor-version":[{"id":1891,"href":"http:\/\/tvalaire.com\/index.php?rest_route=\/wp\/v2\/posts\/1886\/revisions\/1891"}],"wp:featuredmedia":[{"embeddable":true,"href":"http:\/\/tvalaire.com\/index.php?rest_route=\/wp\/v2\/media\/1887"}],"wp:attachment":[{"href":"http:\/\/tvalaire.com\/index.php?rest_route=%2Fwp%2Fv2%2Fmedia&parent=1886"}],"wp:term":[{"taxonomy":"category","embeddable":true,"href":"http:\/\/tvalaire.com\/index.php?rest_route=%2Fwp%2Fv2%2Fcategories&post=1886"},{"taxonomy":"post_tag","embeddable":true,"href":"http:\/\/tvalaire.com\/index.php?rest_route=%2Fwp%2Fv2%2Ftags&post=1886"}],"curies":[{"name":"wp","href":"https:\/\/api.w.org\/{rel}","templated":true}]}}