{"id":1881,"date":"2017-06-15T10:13:06","date_gmt":"2017-06-15T15:13:06","guid":{"rendered":"http:\/\/tvalaire.com\/?p=1881"},"modified":"2017-06-15T10:13:06","modified_gmt":"2017-06-15T15:13:06","slug":"gobierno-contribuye-para-el-cuidado-del-medio-ambiente","status":"publish","type":"post","link":"http:\/\/tvalaire.com\/?p=1881","title":{"rendered":"GOBIERNO CONTRIBUYE PARA EL CUIDADO DEL MEDIO AMBIENTE"},"content":{"rendered":"<p>Autoridades y trabajadores del Municipio, j\u00f3venes de la Cruz Roja, alumnos de la escuela primaria Magisterio Nacional y padres de familia, se unieron el d\u00eda de hoy para conmemorar el D\u00eda Mundial del Medio Ambiente, plantando \u00e1rboles en un \u00e1rea del tabl\u00f3n.<\/p>\n<p>\u201c Dentro del marco del D\u00eda Mundial del Medio Ambiente que se celebra el d\u00eda 5 de Junio desde 1974, con la finalidad de hacer conciencia de un mejor trato al mismo; es por ello que este Ayuntamiento ha decidido realizar diversas actividades, una de ellas est\u00e1 campa\u00f1a de reforestaci\u00f3n que se va a trabajar en varias etapas; tambi\u00e9n se llevar\u00e1 un teatro en las instituciones educativas; de igualmente se har\u00e1n campa\u00f1as de limpieza en los lugares de esparcimiento y vamos a cerrar con una feria ecol\u00f3gica\u201d as\u00ed lo dio a conocer el Presidente Municipal V\u00edctor V\u00e1zquez anticipado a la reforestaci\u00f3n.<\/p>\n<p>Igualmente indic\u00f3 que est\u00e1n todos cordialmente invitados a las diferentes actividades; adem\u00e1s agradeci\u00f3 a los asistentes y los invito para que sean agentes de ir conservando el medio ambiente, de ir haciendo conciencia sobre las personas, como es el caso del Dr. Erasmo Ambriz, quien ha venido siendo una agente muy decidido en estos temas tan importantes \u201cmi reconocimiento\u201d resalt\u00f3 V\u00edctor V\u00e1zquez.<\/p>\n<p>&nbsp;<\/p>\n<p><img loading=\"lazy\" decoding=\"async\" class=\"alignnone size-medium wp-image-1883\" src=\"http:\/\/tvalaire.com\/wp-content\/uploads\/2017\/06\/REFORESTACI\u00d3N-4-300x199.jpg\" alt=\"\" width=\"300\" height=\"199\" srcset=\"http:\/\/tvalaire.com\/wp-content\/uploads\/2017\/06\/REFORESTACI\u00d3N-4-300x199.jpg 300w, http:\/\/tvalaire.com\/wp-content\/uploads\/2017\/06\/REFORESTACI\u00d3N-4-768x509.jpg 768w, http:\/\/tvalaire.com\/wp-content\/uploads\/2017\/06\/REFORESTACI\u00d3N-4-1024x678.jpg 1024w\" sizes=\"(max-width: 300px) 100vw, 300px\" \/><\/p>\n<p><img loading=\"lazy\" decoding=\"async\" class=\"alignnone size-medium wp-image-1882\" src=\"http:\/\/tvalaire.com\/wp-content\/uploads\/2017\/06\/REFORESTACI\u00d3N-2-300x199.jpg\" alt=\"\" width=\"300\" height=\"199\" srcset=\"http:\/\/tvalaire.com\/wp-content\/uploads\/2017\/06\/REFORESTACI\u00d3N-2-300x199.jpg 300w, http:\/\/tvalaire.com\/wp-content\/uploads\/2017\/06\/REFORESTACI\u00d3N-2-768x509.jpg 768w, http:\/\/tvalaire.com\/wp-content\/uploads\/2017\/06\/REFORESTACI\u00d3N-2-1024x678.jpg 1024w\" sizes=\"(max-width: 300px) 100vw, 300px\" \/><\/p>\n","protected":false},"excerpt":{"rendered":"<p>Autoridades y trabajadores del Municipio, j\u00f3venes de la Cruz Roja, alumnos de la escuela primaria&#8230;<\/p>\n","protected":false},"author":1,"featured_media":1884,"comment_status":"open","ping_status":"open","sticky":false,"template":"","format":"standard","meta":{"jetpack_post_was_ever_published":false,"_jetpack_newsletter_access":"","_jetpack_dont_email_post_to_subs":false,"_jetpack_newsletter_tier_id":0,"_jetpack_memberships_contains_paywalled_content":false,"_jetpack_memberships_contains_paid_content":false,"footnotes":"","jetpack_publicize_message":"","jetpack_publicize_feature_enabled":true,"jetpack_social_post_already_shared":false,"jetpack_social_options":{"image_generator_settings":{"template":"highway","enabled":false},"version":2}},"categories":[4],"tags":[36,24],"class_list":["post-1881","post","type-post","status-publish","format-standard","has-post-thumbnail","hentry","category-puruandiro","tag-principales","tag-puruandiro"],"jetpack_publicize_connections":[],"jetpack_sharing_enabled":true,"featured_image_urls":{"full":["http:\/\/tvalaire.com\/wp-content\/uploads\/2017\/06\/REFORESTACI\u00d3N-5.jpg",4928,3264,false],"thumbnail":["http:\/\/tvalaire.com\/wp-content\/uploads\/2017\/06\/REFORESTACI\u00d3N-5-150x150.jpg",150,150,true],"medium":["http:\/\/tvalaire.com\/wp-content\/uploads\/2017\/06\/REFORESTACI\u00d3N-5-300x199.jpg",300,199,true],"medium_large":["http:\/\/tvalaire.com\/wp-content\/uploads\/2017\/06\/REFORESTACI\u00d3N-5-768x509.jpg",640,424,true],"large":["http:\/\/tvalaire.com\/wp-content\/uploads\/2017\/06\/REFORESTACI\u00d3N-5-1024x678.jpg",640,424,true],"post-slider-thumb-size":["http:\/\/tvalaire.com\/wp-content\/uploads\/2017\/06\/REFORESTACI\u00d3N-5.jpg",287,190,false],"post-category-slider-size":["http:\/\/tvalaire.com\/wp-content\/uploads\/2017\/06\/REFORESTACI\u00d3N-5.jpg",330,219,false],"1536x1536":["http:\/\/tvalaire.com\/wp-content\/uploads\/2017\/06\/REFORESTACI\u00d3N-5.jpg",1536,1017,false],"2048x2048":["http:\/\/tvalaire.com\/wp-content\/uploads\/2017\/06\/REFORESTACI\u00d3N-5.jpg",2048,1356,false],"newsium-slider-full":["http:\/\/tvalaire.com\/wp-content\/uploads\/2017\/06\/REFORESTACI\u00d3N-5.jpg",1276,845,false],"newsium-featured":["http:\/\/tvalaire.com\/wp-content\/uploads\/2017\/06\/REFORESTACI\u00d3N-5.jpg",1024,678,false],"newsium-medium":["http:\/\/tvalaire.com\/wp-content\/uploads\/2017\/06\/REFORESTACI\u00d3N-5.jpg",717,475,false]},"author_info":{"info":["tvalairenoti"]},"category_info":"<a href=\"http:\/\/tvalaire.com\/?cat=4\" rel=\"category\">Puru\u00e1ndiro<\/a>","tag_info":"Puru\u00e1ndiro","comment_count":"0","jetpack_featured_media_url":"http:\/\/tvalaire.com\/wp-content\/uploads\/2017\/06\/REFORESTACI\u00d3N-5.jpg","_links":{"self":[{"href":"http:\/\/tvalaire.com\/index.php?rest_route=\/wp\/v2\/posts\/1881"}],"collection":[{"href":"http:\/\/tvalaire.com\/index.php?rest_route=\/wp\/v2\/posts"}],"about":[{"href":"http:\/\/tvalaire.com\/index.php?rest_route=\/wp\/v2\/types\/post"}],"author":[{"embeddable":true,"href":"http:\/\/tvalaire.com\/index.php?rest_route=\/wp\/v2\/users\/1"}],"replies":[{"embeddable":true,"href":"http:\/\/tvalaire.com\/index.php?rest_route=%2Fwp%2Fv2%2Fcomments&post=1881"}],"version-history":[{"count":1,"href":"http:\/\/tvalaire.com\/index.php?rest_route=\/wp\/v2\/posts\/1881\/revisions"}],"predecessor-version":[{"id":1885,"href":"http:\/\/tvalaire.com\/index.php?rest_route=\/wp\/v2\/posts\/1881\/revisions\/1885"}],"wp:featuredmedia":[{"embeddable":true,"href":"http:\/\/tvalaire.com\/index.php?rest_route=\/wp\/v2\/media\/1884"}],"wp:attachment":[{"href":"http:\/\/tvalaire.com\/index.php?rest_route=%2Fwp%2Fv2%2Fmedia&parent=1881"}],"wp:term":[{"taxonomy":"category","embeddable":true,"href":"http:\/\/tvalaire.com\/index.php?rest_route=%2Fwp%2Fv2%2Fcategories&post=1881"},{"taxonomy":"post_tag","embeddable":true,"href":"http:\/\/tvalaire.com\/index.php?rest_route=%2Fwp%2Fv2%2Ftags&post=1881"}],"curies":[{"name":"wp","href":"https:\/\/api.w.org\/{rel}","templated":true}]}}