{"id":1869,"date":"2017-06-15T10:02:03","date_gmt":"2017-06-15T15:02:03","guid":{"rendered":"http:\/\/tvalaire.com\/?p=1869"},"modified":"2017-06-15T10:02:37","modified_gmt":"2017-06-15T15:02:37","slug":"inicia-bache-en-camino-a-zaragoza","status":"publish","type":"post","link":"http:\/\/tvalaire.com\/?p=1869","title":{"rendered":"INICIA BACHEO EN CAMINO A ZARAGOZA"},"content":{"rendered":"<p><strong>Los trabajos no interrumpir\u00e1n el tr\u00e1nsito vehicular.<\/strong><\/p>\n<p>&nbsp;<\/p>\n<p>Con el fin de dar seguimiento a una de las premisas del alcalde Juan Manuel Estrada Medina de brindar atenci\u00f3n a las comunidades rurales, la direcci\u00f3n de Obras P\u00fablicas realizar\u00e1 a partir de ma\u00f1ana la rehabilitaci\u00f3n del camino a la comunidad de Zaragoza.<\/p>\n<p>&nbsp;<\/p>\n<p>Los trabajos iniciar\u00e1n a partir de las 12:00 horas y consistir\u00e1n en la realizar un bacheo general, que arrancar\u00e1 de Zaragoza a la comunidad de Acuitzio. La obra se realiza a petici\u00f3n de los propios habitantes al Alcalde quien en respuesta gir\u00f3 instrucciones a Obras P\u00fablicas para poner en marcha un programa emergente de bacheo.<\/p>\n<p>&nbsp;<\/p>\n<p>Esto, debido a que por la falta de mantenimiento la carpeta asf\u00e1ltica presenta un grave deterioro en la superficie de rodamiento y con la \u00e9poca de lluvias los habitantes temen que el da\u00f1o se recrudezca, es por ello que desde ma\u00f1ana se proceder\u00e1 a bachear las \u00e1reas m\u00e1s afectadas para garantizar una mejor circulaci\u00f3n para beneficio de los habitantes de \u00e9stas comunidades rurales.<\/p>\n<p>&nbsp;<\/p>\n<p>El director de obras p\u00fablicas, Rafael Ram\u00edrez Lemus indic\u00f3 que el personal desarrollar\u00e1 el trabajo sin perjuicio de los conductores, por lo que se prev\u00e9 que haya libre transito vehicular por esta que es para ellos, la principal v\u00eda de acceso y salida a la Ciudad.\u2028El periodo de duraci\u00f3n de los trabajos, no est\u00e1 determinado ya que se prev\u00e9 abarcar rellenar todos los baches hasta dejar la carpeta en condiciones viables de circulaci\u00f3n.<\/p>\n<p>&nbsp;<\/p>\n<p>&nbsp;<\/p>\n<p>&nbsp;<\/p>\n","protected":false},"excerpt":{"rendered":"<p>Los trabajos no interrumpir\u00e1n el tr\u00e1nsito vehicular. &nbsp; Con el fin de dar seguimiento a&#8230;<\/p>\n","protected":false},"author":1,"featured_media":1866,"comment_status":"open","ping_status":"open","sticky":false,"template":"","format":"standard","meta":{"jetpack_post_was_ever_published":false,"_jetpack_newsletter_access":"","_jetpack_dont_email_post_to_subs":false,"_jetpack_newsletter_tier_id":0,"_jetpack_memberships_contains_paywalled_content":false,"_jetpack_memberships_contains_paid_content":false,"footnotes":"","jetpack_publicize_message":"","jetpack_publicize_feature_enabled":true,"jetpack_social_post_already_shared":false,"jetpack_social_options":{"image_generator_settings":{"template":"highway","enabled":false},"version":2}},"categories":[1],"tags":[15],"class_list":["post-1869","post","type-post","status-publish","format-standard","has-post-thumbnail","hentry","category-la-piedad","tag-la-piedad"],"jetpack_publicize_connections":[],"jetpack_sharing_enabled":true,"featured_image_urls":{"full":["http:\/\/tvalaire.com\/wp-content\/uploads\/2017\/06\/INICIO-BACHEO.jpg",883,591,false],"thumbnail":["http:\/\/tvalaire.com\/wp-content\/uploads\/2017\/06\/INICIO-BACHEO-150x150.jpg",150,150,true],"medium":["http:\/\/tvalaire.com\/wp-content\/uploads\/2017\/06\/INICIO-BACHEO-300x201.jpg",300,201,true],"medium_large":["http:\/\/tvalaire.com\/wp-content\/uploads\/2017\/06\/INICIO-BACHEO-768x514.jpg",640,428,true],"large":["http:\/\/tvalaire.com\/wp-content\/uploads\/2017\/06\/INICIO-BACHEO.jpg",640,428,false],"post-slider-thumb-size":["http:\/\/tvalaire.com\/wp-content\/uploads\/2017\/06\/INICIO-BACHEO.jpg",284,190,false],"post-category-slider-size":["http:\/\/tvalaire.com\/wp-content\/uploads\/2017\/06\/INICIO-BACHEO.jpg",330,221,false],"1536x1536":["http:\/\/tvalaire.com\/wp-content\/uploads\/2017\/06\/INICIO-BACHEO.jpg",883,591,false],"2048x2048":["http:\/\/tvalaire.com\/wp-content\/uploads\/2017\/06\/INICIO-BACHEO.jpg",883,591,false],"newsium-slider-full":["http:\/\/tvalaire.com\/wp-content\/uploads\/2017\/06\/INICIO-BACHEO.jpg",883,591,false],"newsium-featured":["http:\/\/tvalaire.com\/wp-content\/uploads\/2017\/06\/INICIO-BACHEO.jpg",883,591,false],"newsium-medium":["http:\/\/tvalaire.com\/wp-content\/uploads\/2017\/06\/INICIO-BACHEO.jpg",710,475,false]},"author_info":{"info":["tvalairenoti"]},"category_info":"<a href=\"http:\/\/tvalaire.com\/?cat=1\" rel=\"category\">La Piedad<\/a>","tag_info":"La Piedad","comment_count":"0","jetpack_featured_media_url":"http:\/\/tvalaire.com\/wp-content\/uploads\/2017\/06\/INICIO-BACHEO.jpg","_links":{"self":[{"href":"http:\/\/tvalaire.com\/index.php?rest_route=\/wp\/v2\/posts\/1869"}],"collection":[{"href":"http:\/\/tvalaire.com\/index.php?rest_route=\/wp\/v2\/posts"}],"about":[{"href":"http:\/\/tvalaire.com\/index.php?rest_route=\/wp\/v2\/types\/post"}],"author":[{"embeddable":true,"href":"http:\/\/tvalaire.com\/index.php?rest_route=\/wp\/v2\/users\/1"}],"replies":[{"embeddable":true,"href":"http:\/\/tvalaire.com\/index.php?rest_route=%2Fwp%2Fv2%2Fcomments&post=1869"}],"version-history":[{"count":2,"href":"http:\/\/tvalaire.com\/index.php?rest_route=\/wp\/v2\/posts\/1869\/revisions"}],"predecessor-version":[{"id":1871,"href":"http:\/\/tvalaire.com\/index.php?rest_route=\/wp\/v2\/posts\/1869\/revisions\/1871"}],"wp:featuredmedia":[{"embeddable":true,"href":"http:\/\/tvalaire.com\/index.php?rest_route=\/wp\/v2\/media\/1866"}],"wp:attachment":[{"href":"http:\/\/tvalaire.com\/index.php?rest_route=%2Fwp%2Fv2%2Fmedia&parent=1869"}],"wp:term":[{"taxonomy":"category","embeddable":true,"href":"http:\/\/tvalaire.com\/index.php?rest_route=%2Fwp%2Fv2%2Fcategories&post=1869"},{"taxonomy":"post_tag","embeddable":true,"href":"http:\/\/tvalaire.com\/index.php?rest_route=%2Fwp%2Fv2%2Ftags&post=1869"}],"curies":[{"name":"wp","href":"https:\/\/api.w.org\/{rel}","templated":true}]}}