{"id":1865,"date":"2017-06-15T10:00:04","date_gmt":"2017-06-15T15:00:04","guid":{"rendered":"http:\/\/tvalaire.com\/?p=1865"},"modified":"2017-06-15T10:00:04","modified_gmt":"2017-06-15T15:00:04","slug":"el-lunes-iniciaran-la-segunda-etapa-de-rehabilitacion-de-la-avenida-sostenes-rocha","status":"publish","type":"post","link":"http:\/\/tvalaire.com\/?p=1865","title":{"rendered":"EL LUNES INICIAR\u00c1N LA SEGUNDA ETAPA DE REHABILITACI\u00d3N DE LA AVENIDA S\u00d3STENES ROCHA"},"content":{"rendered":"<p>&nbsp;<\/p>\n<p>A partir de este lunes 19, iniciar\u00e1 los trabajos de rehabilitaci\u00f3n de la segunda etapa de avenida S\u00f3stenes Rocha en el tramo que comprende de la Escuela Secundaria T\u00e9cnica No. 140 a la avenida Casto Salda\u00f1a.<\/p>\n<p>&nbsp;<\/p>\n<p>Se trata de una obra directa del Gobierno Municipal con la donaci\u00f3n de asfalto por parte de PEMEX.<\/p>\n<p>&nbsp;<\/p>\n<p>La inversi\u00f3n que se aplicar\u00e1 ser\u00e1 de un mill\u00f3n 886 mil 075 pesos, de los cuales el gobierno municipal recibir\u00e1 en especie la donaci\u00f3n de asfalto de PEMEX y el resto ser\u00e1 aportaci\u00f3n directa de la administraci\u00f3n Municipal.<\/p>\n<p>&nbsp;<\/p>\n<p>Por tal motivo, a partir del lunes a las 10:00 horas se prev\u00e9 cerrar una parte de la circulaci\u00f3n por la avenida S\u00f3stenes Rocha, para dar comienzo con los trabajos.<\/p>\n<p>&nbsp;<\/p>\n<p>A decir del director de obras p\u00fablicas, Rafael Ram\u00edrez Lemus el inicio se har\u00e1 en los dos carriles del lado derecho es decir del centro a cd. Del Sol, para mantener la fluidez por el lado izquierdo de la misma avenida y permitir con ello la libre circulaci\u00f3n de quienes habitan por esta \u00e1rea.<\/p>\n<p>&nbsp;<\/p>\n<p>La rehabilitaci\u00f3n comprende un tramo de 600 metros lineales por un ancho de 16 metros, en los cuales se llevar\u00e1n dos meses de trabajo que consistir\u00e1 en el retiro de la carpeta existente, riego de impregnaci\u00f3n, colocaci\u00f3n de carpeta de asfalto y riego de sello, para que cuente con la misma calidad del primer tramo que ya est\u00e1 reparado.<\/p>\n","protected":false},"excerpt":{"rendered":"<p>&nbsp; A partir de este lunes 19, iniciar\u00e1 los trabajos de rehabilitaci\u00f3n de la segunda&#8230;<\/p>\n","protected":false},"author":1,"featured_media":1867,"comment_status":"open","ping_status":"open","sticky":false,"template":"","format":"standard","meta":{"jetpack_post_was_ever_published":false,"_jetpack_newsletter_access":"","_jetpack_dont_email_post_to_subs":false,"_jetpack_newsletter_tier_id":0,"_jetpack_memberships_contains_paywalled_content":false,"_jetpack_memberships_contains_paid_content":false,"footnotes":"","jetpack_publicize_message":"","jetpack_publicize_feature_enabled":true,"jetpack_social_post_already_shared":false,"jetpack_social_options":{"image_generator_settings":{"template":"highway","enabled":false},"version":2}},"categories":[1],"tags":[15,36],"class_list":["post-1865","post","type-post","status-publish","format-standard","has-post-thumbnail","hentry","category-la-piedad","tag-la-piedad","tag-principales"],"jetpack_publicize_connections":[],"jetpack_sharing_enabled":true,"featured_image_urls":{"full":["http:\/\/tvalaire.com\/wp-content\/uploads\/2017\/06\/EL-LUNES-INICIARA.jpg",1050,591,false],"thumbnail":["http:\/\/tvalaire.com\/wp-content\/uploads\/2017\/06\/EL-LUNES-INICIARA-150x150.jpg",150,150,true],"medium":["http:\/\/tvalaire.com\/wp-content\/uploads\/2017\/06\/EL-LUNES-INICIARA-300x169.jpg",300,169,true],"medium_large":["http:\/\/tvalaire.com\/wp-content\/uploads\/2017\/06\/EL-LUNES-INICIARA-768x432.jpg",640,360,true],"large":["http:\/\/tvalaire.com\/wp-content\/uploads\/2017\/06\/EL-LUNES-INICIARA-1024x576.jpg",640,360,true],"post-slider-thumb-size":["http:\/\/tvalaire.com\/wp-content\/uploads\/2017\/06\/EL-LUNES-INICIARA.jpg",330,186,false],"post-category-slider-size":["http:\/\/tvalaire.com\/wp-content\/uploads\/2017\/06\/EL-LUNES-INICIARA.jpg",330,186,false],"1536x1536":["http:\/\/tvalaire.com\/wp-content\/uploads\/2017\/06\/EL-LUNES-INICIARA.jpg",1050,591,false],"2048x2048":["http:\/\/tvalaire.com\/wp-content\/uploads\/2017\/06\/EL-LUNES-INICIARA.jpg",1050,591,false],"newsium-slider-full":["http:\/\/tvalaire.com\/wp-content\/uploads\/2017\/06\/EL-LUNES-INICIARA.jpg",1050,591,false],"newsium-featured":["http:\/\/tvalaire.com\/wp-content\/uploads\/2017\/06\/EL-LUNES-INICIARA.jpg",1024,576,false],"newsium-medium":["http:\/\/tvalaire.com\/wp-content\/uploads\/2017\/06\/EL-LUNES-INICIARA.jpg",720,405,false]},"author_info":{"info":["tvalairenoti"]},"category_info":"<a href=\"http:\/\/tvalaire.com\/?cat=1\" rel=\"category\">La Piedad<\/a>","tag_info":"La Piedad","comment_count":"0","jetpack_featured_media_url":"http:\/\/tvalaire.com\/wp-content\/uploads\/2017\/06\/EL-LUNES-INICIARA.jpg","_links":{"self":[{"href":"http:\/\/tvalaire.com\/index.php?rest_route=\/wp\/v2\/posts\/1865"}],"collection":[{"href":"http:\/\/tvalaire.com\/index.php?rest_route=\/wp\/v2\/posts"}],"about":[{"href":"http:\/\/tvalaire.com\/index.php?rest_route=\/wp\/v2\/types\/post"}],"author":[{"embeddable":true,"href":"http:\/\/tvalaire.com\/index.php?rest_route=\/wp\/v2\/users\/1"}],"replies":[{"embeddable":true,"href":"http:\/\/tvalaire.com\/index.php?rest_route=%2Fwp%2Fv2%2Fcomments&post=1865"}],"version-history":[{"count":1,"href":"http:\/\/tvalaire.com\/index.php?rest_route=\/wp\/v2\/posts\/1865\/revisions"}],"predecessor-version":[{"id":1868,"href":"http:\/\/tvalaire.com\/index.php?rest_route=\/wp\/v2\/posts\/1865\/revisions\/1868"}],"wp:featuredmedia":[{"embeddable":true,"href":"http:\/\/tvalaire.com\/index.php?rest_route=\/wp\/v2\/media\/1867"}],"wp:attachment":[{"href":"http:\/\/tvalaire.com\/index.php?rest_route=%2Fwp%2Fv2%2Fmedia&parent=1865"}],"wp:term":[{"taxonomy":"category","embeddable":true,"href":"http:\/\/tvalaire.com\/index.php?rest_route=%2Fwp%2Fv2%2Fcategories&post=1865"},{"taxonomy":"post_tag","embeddable":true,"href":"http:\/\/tvalaire.com\/index.php?rest_route=%2Fwp%2Fv2%2Ftags&post=1865"}],"curies":[{"name":"wp","href":"https:\/\/api.w.org\/{rel}","templated":true}]}}